{"id":300,"date":"2015-09-23T15:19:28","date_gmt":"2015-09-23T18:19:28","guid":{"rendered":"https:\/\/www.ufsm.br\/unidades-universitarias\/cachoeira-do-sul\/2015\/09\/23\/ufsm-cs-abre-mais-duas-vagas-para-monitoria\/"},"modified":"2015-09-23T15:19:28","modified_gmt":"2015-09-23T18:19:28","slug":"ufsm-cs-abre-mais-duas-vagas-para-monitoria","status":"publish","type":"post","link":"https:\/\/www.ufsm.br\/unidades-universitarias\/cachoeira-do-sul\/2015\/09\/23\/ufsm-cs-abre-mais-duas-vagas-para-monitoria","title":{"rendered":"UFSM-CS abre mais duas vagas para monitoria"},"content":{"rendered":"<p>A UFSM &#8211; Campus Cachoeira do Sul lan\u00e7a edital para duas vagas de bolsa de monitoria da disciplina de \u00c1lgebra Linear Com Geometria Anal\u00edtica. As inscri\u00e7\u00f5es ser\u00e3o realizadas de 23 a 29 de setembro de 2015, das 8 \u00e0s 11h30 e das 13 \u00e0s 17h, no N\u00facleo de Aten\u00e7\u00e3o ao Estudante e aos Servidores (NAES).<\/p>\n<p>Para mais informa\u00e7\u00f5es, acesse o <a href=\"https:\/\/www.ufsm.br\/unidades-universitarias\/cachoeira-do-sul\/wp-content\/uploads\/sites\/376\/2015\/09\/Edital_de_Bolsa_Monitoria_2015_-2_semestre_-_Algebra_Linear.pdf\">edital completo<\/a>.<\/p>\n","protected":false},"excerpt":{"rendered":"<p>A UFSM &#8211; Campus Cachoeira do Sul lan\u00e7a edital para duas vagas de bolsa de monitoria da disciplina de \u00c1lgebra Linear Com Geometria Anal\u00edtica. As inscri\u00e7\u00f5es ser\u00e3o realizadas de 23 a 29 de setembro de 2015, das 8 \u00e0s 11h30 e das 13 \u00e0s 17h, no N\u00facleo de Aten\u00e7\u00e3o ao Estudante e aos Servidores (NAES). [&hellip;]<\/p>\n","protected":false},"author":27,"featured_media":0,"comment_status":"closed","ping_status":"closed","sticky":false,"template":"","format":"standard","meta":{"footnotes":""},"categories":[1],"tags":[],"class_list":["post-300","post","type-post","status-publish","format-standard","hentry","category-noticias"],"acf":[],"_links":{"self":[{"href":"https:\/\/www.ufsm.br\/unidades-universitarias\/cachoeira-do-sul\/wp-json\/wp\/v2\/posts\/300","targetHints":{"allow":["GET"]}}],"collection":[{"href":"https:\/\/www.ufsm.br\/unidades-universitarias\/cachoeira-do-sul\/wp-json\/wp\/v2\/posts"}],"about":[{"href":"https:\/\/www.ufsm.br\/unidades-universitarias\/cachoeira-do-sul\/wp-json\/wp\/v2\/types\/post"}],"author":[{"embeddable":true,"href":"https:\/\/www.ufsm.br\/unidades-universitarias\/cachoeira-do-sul\/wp-json\/wp\/v2\/users\/27"}],"replies":[{"embeddable":true,"href":"https:\/\/www.ufsm.br\/unidades-universitarias\/cachoeira-do-sul\/wp-json\/wp\/v2\/comments?post=300"}],"version-history":[{"count":0,"href":"https:\/\/www.ufsm.br\/unidades-universitarias\/cachoeira-do-sul\/wp-json\/wp\/v2\/posts\/300\/revisions"}],"wp:attachment":[{"href":"https:\/\/www.ufsm.br\/unidades-universitarias\/cachoeira-do-sul\/wp-json\/wp\/v2\/media?parent=300"}],"wp:term":[{"taxonomy":"category","embeddable":true,"href":"https:\/\/www.ufsm.br\/unidades-universitarias\/cachoeira-do-sul\/wp-json\/wp\/v2\/categories?post=300"},{"taxonomy":"post_tag","embeddable":true,"href":"https:\/\/www.ufsm.br\/unidades-universitarias\/cachoeira-do-sul\/wp-json\/wp\/v2\/tags?post=300"}],"curies":[{"name":"wp","href":"https:\/\/api.w.org\/{rel}","templated":true}]}}