{"id":301,"date":"2015-09-28T13:03:35","date_gmt":"2015-09-28T16:03:35","guid":{"rendered":"https:\/\/www.ufsm.br\/unidades-universitarias\/cachoeira-do-sul\/2015\/09\/28\/campus-cachoeira-do-sul-abre-uma-vaga-para-docente\/"},"modified":"2015-09-28T13:03:35","modified_gmt":"2015-09-28T16:03:35","slug":"campus-cachoeira-do-sul-abre-uma-vaga-para-docente","status":"publish","type":"post","link":"https:\/\/www.ufsm.br\/unidades-universitarias\/cachoeira-do-sul\/2015\/09\/28\/campus-cachoeira-do-sul-abre-uma-vaga-para-docente","title":{"rendered":"Campus Cachoeira do Sul abre uma vaga para docente"},"content":{"rendered":"<p>Iniciaram hoje, dia 28 de setembro, as inscri\u00e7\u00f5es para o Concurso P\u00fablico para o provimento de cargos para ingresso no quadro do Magist\u00e9rio Superior da Universidade Federal de Santa Maria. A vaga destinada ao Campus Cachoeira do Sul \u00e9 para Professor Assistente, com dedica\u00e7\u00e3o exclusiva, na \u00e1rea de Metrologia, T\u00e9cnicas Gerais de Laborat\u00f3rio, Sistema de Instrumenta\u00e7\u00e3o\/ Usinagem.<\/p>\n<p>As inscri\u00e7\u00f5es encerram no dia 27 de outubro. Para mais informa\u00e7\u00f5es, acesse o <a href=\"http:\/\/site.ufsm.br\/arquivos\/uploaded\/editais\/d660d240-7674-4662-b02d-2462f01da8c4.pdf\">edital.<\/a><\/p>\n<p>&nbsp;<\/p>\n<p>&nbsp;<\/p>\n","protected":false},"excerpt":{"rendered":"<p>Iniciaram hoje, dia 28 de setembro, as inscri\u00e7\u00f5es para o Concurso P\u00fablico para o provimento de cargos para ingresso no quadro do Magist\u00e9rio Superior da Universidade Federal de Santa Maria. A vaga destinada ao Campus Cachoeira do Sul \u00e9 para Professor Assistente, com dedica\u00e7\u00e3o exclusiva, na \u00e1rea de Metrologia, T\u00e9cnicas Gerais de Laborat\u00f3rio, Sistema de [&hellip;]<\/p>\n","protected":false},"author":27,"featured_media":0,"comment_status":"closed","ping_status":"closed","sticky":false,"template":"","format":"standard","meta":{"footnotes":""},"categories":[1],"tags":[],"class_list":["post-301","post","type-post","status-publish","format-standard","hentry","category-noticias"],"acf":[],"_links":{"self":[{"href":"https:\/\/www.ufsm.br\/unidades-universitarias\/cachoeira-do-sul\/wp-json\/wp\/v2\/posts\/301","targetHints":{"allow":["GET"]}}],"collection":[{"href":"https:\/\/www.ufsm.br\/unidades-universitarias\/cachoeira-do-sul\/wp-json\/wp\/v2\/posts"}],"about":[{"href":"https:\/\/www.ufsm.br\/unidades-universitarias\/cachoeira-do-sul\/wp-json\/wp\/v2\/types\/post"}],"author":[{"embeddable":true,"href":"https:\/\/www.ufsm.br\/unidades-universitarias\/cachoeira-do-sul\/wp-json\/wp\/v2\/users\/27"}],"replies":[{"embeddable":true,"href":"https:\/\/www.ufsm.br\/unidades-universitarias\/cachoeira-do-sul\/wp-json\/wp\/v2\/comments?post=301"}],"version-history":[{"count":0,"href":"https:\/\/www.ufsm.br\/unidades-universitarias\/cachoeira-do-sul\/wp-json\/wp\/v2\/posts\/301\/revisions"}],"wp:attachment":[{"href":"https:\/\/www.ufsm.br\/unidades-universitarias\/cachoeira-do-sul\/wp-json\/wp\/v2\/media?parent=301"}],"wp:term":[{"taxonomy":"category","embeddable":true,"href":"https:\/\/www.ufsm.br\/unidades-universitarias\/cachoeira-do-sul\/wp-json\/wp\/v2\/categories?post=301"},{"taxonomy":"post_tag","embeddable":true,"href":"https:\/\/www.ufsm.br\/unidades-universitarias\/cachoeira-do-sul\/wp-json\/wp\/v2\/tags?post=301"}],"curies":[{"name":"wp","href":"https:\/\/api.w.org\/{rel}","templated":true}]}}