{"id":302,"date":"2015-09-28T16:38:56","date_gmt":"2015-09-28T19:38:56","guid":{"rendered":"https:\/\/www.ufsm.br\/unidades-universitarias\/cachoeira-do-sul\/2015\/09\/28\/amanha-encerram-as-inscricoes-para-a-i-semana-academica-da-ufsm-cs\/"},"modified":"2015-09-28T16:38:56","modified_gmt":"2015-09-28T19:38:56","slug":"amanha-encerram-as-inscricoes-para-a-i-semana-academica-da-ufsm-cs","status":"publish","type":"post","link":"https:\/\/www.ufsm.br\/unidades-universitarias\/cachoeira-do-sul\/2015\/09\/28\/amanha-encerram-as-inscricoes-para-a-i-semana-academica-da-ufsm-cs","title":{"rendered":"Amanh\u00e3 encerram as inscri\u00e7\u00f5es para a I Semana Acad\u00eamica da UFSM-CS"},"content":{"rendered":"<p>Amanh\u00e3, dia 29 de setembro, \u00e9 o \u00faltimo dia para os alunos se inscreverem na I Semana Acad\u00eamica das Engenharia e Arquitetura e Urbanismo (SAEAU) da UFSM-CS. O evento acontece de 5 a 8 de outubro e as inscri\u00e7\u00f5es podem ser realizadas pelo <a href=\"index.php\/pagina-inicial\/noticias\/116-abertas-as-inscricoes-para-a-i-semana-academica-das-engenharias-e-da-arquitetura\">site<\/a>.<\/p>\n","protected":false},"excerpt":{"rendered":"<p>Amanh\u00e3, dia 29 de setembro, \u00e9 o \u00faltimo dia para os alunos se inscreverem na I Semana Acad\u00eamica das Engenharia e Arquitetura e Urbanismo (SAEAU) da UFSM-CS. O evento acontece de 5 a 8 de outubro e as inscri\u00e7\u00f5es podem ser realizadas pelo site.<\/p>\n","protected":false},"author":27,"featured_media":0,"comment_status":"closed","ping_status":"closed","sticky":false,"template":"","format":"standard","meta":{"footnotes":""},"categories":[1],"tags":[],"class_list":["post-302","post","type-post","status-publish","format-standard","hentry","category-noticias"],"acf":[],"_links":{"self":[{"href":"https:\/\/www.ufsm.br\/unidades-universitarias\/cachoeira-do-sul\/wp-json\/wp\/v2\/posts\/302","targetHints":{"allow":["GET"]}}],"collection":[{"href":"https:\/\/www.ufsm.br\/unidades-universitarias\/cachoeira-do-sul\/wp-json\/wp\/v2\/posts"}],"about":[{"href":"https:\/\/www.ufsm.br\/unidades-universitarias\/cachoeira-do-sul\/wp-json\/wp\/v2\/types\/post"}],"author":[{"embeddable":true,"href":"https:\/\/www.ufsm.br\/unidades-universitarias\/cachoeira-do-sul\/wp-json\/wp\/v2\/users\/27"}],"replies":[{"embeddable":true,"href":"https:\/\/www.ufsm.br\/unidades-universitarias\/cachoeira-do-sul\/wp-json\/wp\/v2\/comments?post=302"}],"version-history":[{"count":0,"href":"https:\/\/www.ufsm.br\/unidades-universitarias\/cachoeira-do-sul\/wp-json\/wp\/v2\/posts\/302\/revisions"}],"wp:attachment":[{"href":"https:\/\/www.ufsm.br\/unidades-universitarias\/cachoeira-do-sul\/wp-json\/wp\/v2\/media?parent=302"}],"wp:term":[{"taxonomy":"category","embeddable":true,"href":"https:\/\/www.ufsm.br\/unidades-universitarias\/cachoeira-do-sul\/wp-json\/wp\/v2\/categories?post=302"},{"taxonomy":"post_tag","embeddable":true,"href":"https:\/\/www.ufsm.br\/unidades-universitarias\/cachoeira-do-sul\/wp-json\/wp\/v2\/tags?post=302"}],"curies":[{"name":"wp","href":"https:\/\/api.w.org\/{rel}","templated":true}]}}