{"id":3039,"date":"2021-06-09T14:01:39","date_gmt":"2021-06-09T17:01:39","guid":{"rendered":"https:\/\/www.ufsm.br\/unidades-universitarias\/cachoeira-do-sul\/?p=3039"},"modified":"2021-06-09T14:01:41","modified_gmt":"2021-06-09T17:01:41","slug":"nap-e-nae-organizam-conversa-sobre-organizacao-da-rotina-de-estudos-em-tempos-de-pandemia-para-estudantes-da-ufsm-cs","status":"publish","type":"post","link":"https:\/\/www.ufsm.br\/unidades-universitarias\/cachoeira-do-sul\/2021\/06\/09\/nap-e-nae-organizam-conversa-sobre-organizacao-da-rotina-de-estudos-em-tempos-de-pandemia-para-estudantes-da-ufsm-cs","title":{"rendered":"NAP e NAE organizam conversa sobre Organiza\u00e7\u00e3o da Rotina de Estudos em Tempos de Pandemia para Estudantes da UFSM-CS"},"content":{"rendered":"\n<p style=\"margin-top: 0cm;text-align: justify;background: white\"><span style=\"font-family: 'Arial',sans-serif;color: #1c1c1c\">O N\u00facleo de Apoio Pedag\u00f3gico (NAP) e o N\u00facleo de Assist\u00eancia ao Estudante (NAE) da UFSM \u2013 Cachoeira do Sul est\u00e3o promovendo mais uma conversa para auxiliar alunos\/as do campus. O tema desta conversa ser\u00e1 \u201cOrganiza\u00e7\u00e3o da Rotina de Estudos em Tempos de Pandemia para Estudantes da UFSM-CS\u201d. <\/span><\/p>\n<p style=\"margin-top: 0cm;text-align: justify;background: white\"><span style=\"font-family: 'Arial',sans-serif;color: #1c1c1c\">O evento, que ser\u00e1 conduzido pela Pedagoga Patr\u00edcia Vargas da Rosa, est\u00e1 com as inscri\u00e7\u00f5es abertas at\u00e9 o dia 15 de junho, atrav\u00e9s de formul\u00e1rio enviado por e-mail aos acad\u00eamicos\/as regularmente matriculados no campus da UFSM em Cachoeira do Sul. Caso algum estudante do campus n\u00e3o tenha recebido o e-mail, o NAP pede que este entre em contato atrav\u00e9s do endere\u00e7o eletr\u00f4nico\u00a0<a href=\"mailto:cs.pedagogico@ufsm.br\">cs.pedagogico@ufsm.br<\/a><\/span><\/p>\n<p style=\"margin-top: 0cm;text-align: justify;background: white\"><span style=\"font-family: 'Arial',sans-serif;color: #1c1c1c\">O evento ocorre no dia 17 de junho, \u00e0s 17 horas, via Google Meet.<\/span><\/p>\n<p><img fetchpriority=\"high\" decoding=\"async\" class=\"wp-image-3041 aligncenter\" src=\"https:\/\/www.ufsm.br\/app\/uploads\/sites\/376\/2021\/06\/Conversa-sobre-Organizacao-da-Rotina-de-Estudos-em-Tempos-de-Pandemia-para-Estudantes-da-UFSM-CS-Feed-300x300.jpg\" alt=\"\" width=\"369\" height=\"369\" srcset=\"https:\/\/www.ufsm.br\/app\/uploads\/sites\/376\/2021\/06\/Conversa-sobre-Organizacao-da-Rotina-de-Estudos-em-Tempos-de-Pandemia-para-Estudantes-da-UFSM-CS-Feed-300x300.jpg 300w, https:\/\/www.ufsm.br\/app\/uploads\/sites\/376\/2021\/06\/Conversa-sobre-Organizacao-da-Rotina-de-Estudos-em-Tempos-de-Pandemia-para-Estudantes-da-UFSM-CS-Feed-1024x1024.jpg 1024w, https:\/\/www.ufsm.br\/app\/uploads\/sites\/376\/2021\/06\/Conversa-sobre-Organizacao-da-Rotina-de-Estudos-em-Tempos-de-Pandemia-para-Estudantes-da-UFSM-CS-Feed-150x150.jpg 150w, https:\/\/www.ufsm.br\/app\/uploads\/sites\/376\/2021\/06\/Conversa-sobre-Organizacao-da-Rotina-de-Estudos-em-Tempos-de-Pandemia-para-Estudantes-da-UFSM-CS-Feed-768x768.jpg 768w, https:\/\/www.ufsm.br\/app\/uploads\/sites\/376\/2021\/06\/Conversa-sobre-Organizacao-da-Rotina-de-Estudos-em-Tempos-de-Pandemia-para-Estudantes-da-UFSM-CS-Feed.jpg 1080w\" sizes=\"(max-width: 369px) 100vw, 369px\" \/><\/p>\n","protected":false},"excerpt":{"rendered":"<p>O N\u00facleo de Apoio Pedag\u00f3gico (NAP) e o N\u00facleo de Assist\u00eancia ao Estudante (NAE) da UFSM \u2013 Cachoeira do Sul est\u00e3o promovendo mais uma conversa para auxiliar alunos\/as do campus. O tema desta conversa ser\u00e1 \u201cOrganiza\u00e7\u00e3o da Rotina de Estudos em Tempos de Pandemia para Estudantes da UFSM-CS\u201d. O evento, que ser\u00e1 conduzido pela Pedagoga [&hellip;]<\/p>\n","protected":false},"author":293,"featured_media":0,"comment_status":"closed","ping_status":"closed","sticky":false,"template":"","format":"standard","meta":{"footnotes":""},"categories":[21,1],"tags":[],"class_list":["post-3039","post","type-post","status-publish","format-standard","hentry","category-banner","category-noticias"],"acf":[],"_links":{"self":[{"href":"https:\/\/www.ufsm.br\/unidades-universitarias\/cachoeira-do-sul\/wp-json\/wp\/v2\/posts\/3039","targetHints":{"allow":["GET"]}}],"collection":[{"href":"https:\/\/www.ufsm.br\/unidades-universitarias\/cachoeira-do-sul\/wp-json\/wp\/v2\/posts"}],"about":[{"href":"https:\/\/www.ufsm.br\/unidades-universitarias\/cachoeira-do-sul\/wp-json\/wp\/v2\/types\/post"}],"author":[{"embeddable":true,"href":"https:\/\/www.ufsm.br\/unidades-universitarias\/cachoeira-do-sul\/wp-json\/wp\/v2\/users\/293"}],"replies":[{"embeddable":true,"href":"https:\/\/www.ufsm.br\/unidades-universitarias\/cachoeira-do-sul\/wp-json\/wp\/v2\/comments?post=3039"}],"version-history":[{"count":0,"href":"https:\/\/www.ufsm.br\/unidades-universitarias\/cachoeira-do-sul\/wp-json\/wp\/v2\/posts\/3039\/revisions"}],"wp:attachment":[{"href":"https:\/\/www.ufsm.br\/unidades-universitarias\/cachoeira-do-sul\/wp-json\/wp\/v2\/media?parent=3039"}],"wp:term":[{"taxonomy":"category","embeddable":true,"href":"https:\/\/www.ufsm.br\/unidades-universitarias\/cachoeira-do-sul\/wp-json\/wp\/v2\/categories?post=3039"},{"taxonomy":"post_tag","embeddable":true,"href":"https:\/\/www.ufsm.br\/unidades-universitarias\/cachoeira-do-sul\/wp-json\/wp\/v2\/tags?post=3039"}],"curies":[{"name":"wp","href":"https:\/\/api.w.org\/{rel}","templated":true}]}}