{"id":3123,"date":"2021-07-26T15:39:16","date_gmt":"2021-07-26T18:39:16","guid":{"rendered":"https:\/\/www.ufsm.br\/unidades-universitarias\/cachoeira-do-sul\/?p=3123"},"modified":"2021-07-26T15:39:19","modified_gmt":"2021-07-26T18:39:19","slug":"curso-de-arquitetura-e-urbanismo-da-ufsm-cs-promove-webinario-sobre-o-interior-no-pensamento-urbano","status":"publish","type":"post","link":"https:\/\/www.ufsm.br\/unidades-universitarias\/cachoeira-do-sul\/2021\/07\/26\/curso-de-arquitetura-e-urbanismo-da-ufsm-cs-promove-webinario-sobre-o-interior-no-pensamento-urbano","title":{"rendered":"Curso de Arquitetura e Urbanismo da UFSM-CS promove webin\u00e1rio sobre &#8220;O interior no pensamento urbano&#8221;"},"content":{"rendered":"\n<div dir=\"auto\">No dia 05 de agosto, quinta-feira, \u00e0s 15h, ser\u00e1 transmitida, atrav\u00e9s do canal do campus da UFSM em Cachoeira do Sul no Youtube, a webinar &#8220;<b>O interior no pensamento urbano<\/b>&#8220;.<\/div>\n<div dir=\"auto\">\u00a0<\/div>\n<div dir=\"auto\">A programa\u00e7\u00e3o, organizada pelo Prof. Ricardo de Souza Rocha, est\u00e1 dividida em quatro momentos:<\/div>\n<div dir=\"auto\">\u00a0<\/div>\n<div dir=\"auto\"><b>15h &#8211; Abertura<\/b><\/div>\n<div dir=\"auto\">\u00a0<\/div>\n<div dir=\"auto\">1- &#8220;<b>A experi\u00eancia da Secretaria de Planejamento de Passo Fundo 2013-2020<\/b>&#8220;<\/div>\n<div dir=\"auto\"><b>Ana Paula Wickert<\/b>: Arquiteta e Urbanista. Secret\u00e1ria de Planejamento de Passo Fundo de 2013 a 2020. Professora na UPF entre 2001 e 2019.<\/div>\n<div dir=\"auto\">\u00a0<\/div>\n<div dir=\"auto\">2- &#8220;<b>Urbanismo p\u00f3s-pand\u00eamico para pequenas cidades<\/b>&#8220;<\/div>\n<div dir=\"auto\"><b>Ricardo Rocha<\/b>: Professor na UFSM-CS, L\u00edder do grupo de pesquisa Crescimento Urbano, Patrim\u00f4nio e Paisagem, Representante da UFSM-CS no Conselho de Desenvolvimento Integrado de Cachoeira do Sul.<\/div>\n<div dir=\"auto\">\u00a0<\/div>\n<div dir=\"auto\"><b>16h &#8211; Intervalo<\/b><\/div>\n<div dir=\"auto\">\u00a0<\/div>\n<div dir=\"auto\">3- &#8220;<b>Pra\u00e7a Internacional: fronteira urbana e emocional<\/b>&#8220;<\/div>\n<div dir=\"auto\"><b>Andrea Ilha<\/b>: Mestranda PPGAUP\/ UFSM. Integrante do grupo de pesquisa Crescimento Urbano, Patrim\u00f4nio e Paisagem, Arquiteta da Prefeitura Municipal de Santana do Livramento.<\/div>\n<div dir=\"auto\">\u00a0<\/div>\n<div dir=\"auto\">4- &#8220;<b>Cidades Pequenas: experi\u00eancias e desafios de planejamento a partir da Fronteira e do extremo sul do RS<\/b>&#8220;<\/div>\n<div dir=\"auto\">\n<div><b>Luana Pavan Detoni<\/b>: Doutoranda em Planejamento Urbano e Regional (PROPUR\/UFRGS). Mestra em Arquitetura e Urbanismo (PROGRAU\/UFPel). Graduada em Arquitetura e Urbanismo (FAUrb\/UFPel).<\/div>\n<div><b>Ot\u00e1vio Martins Peres<\/b>: Professor da Faculdade de Arquitetura e Urbanismo (FAUrb\/UFPel). Desenvolve temas da gest\u00e3o e planejamento urbano, com recursos de geotecnologias, morfologia e modelagem urbana, envolvendo temas do crescimento urbano, segrega\u00e7\u00e3o socioespacial e ambiente natural.<\/div>\n<div>\u00a0<\/div>\n<\/div>\n<div dir=\"auto\"><b>17h &#8211; Debate<\/b><\/div>\n<div dir=\"auto\">\u00a0<\/div>\n<div dir=\"auto\">Para assistir a webinar, acesse\u00a0<a href=\"https:\/\/bit.ly\/WebinarArquitetura0508\">https:\/\/bit.ly\/WebinarArquitetura0508<\/a><\/div>\n","protected":false},"excerpt":{"rendered":"<p>No dia 05 de agosto, quinta-feira, \u00e0s 15h, ser\u00e1 transmitida, atrav\u00e9s do canal do campus da UFSM em Cachoeira do Sul no Youtube, a webinar &#8220;O interior no pensamento urbano&#8220;. \u00a0 A programa\u00e7\u00e3o, organizada pelo Prof. Ricardo de Souza Rocha, est\u00e1 dividida em quatro momentos: \u00a0 15h &#8211; Abertura \u00a0 1- &#8220;A experi\u00eancia da Secretaria [&hellip;]<\/p>\n","protected":false},"author":293,"featured_media":0,"comment_status":"closed","ping_status":"closed","sticky":false,"template":"","format":"standard","meta":{"footnotes":""},"categories":[21,1],"tags":[],"class_list":["post-3123","post","type-post","status-publish","format-standard","hentry","category-banner","category-noticias"],"acf":[],"_links":{"self":[{"href":"https:\/\/www.ufsm.br\/unidades-universitarias\/cachoeira-do-sul\/wp-json\/wp\/v2\/posts\/3123","targetHints":{"allow":["GET"]}}],"collection":[{"href":"https:\/\/www.ufsm.br\/unidades-universitarias\/cachoeira-do-sul\/wp-json\/wp\/v2\/posts"}],"about":[{"href":"https:\/\/www.ufsm.br\/unidades-universitarias\/cachoeira-do-sul\/wp-json\/wp\/v2\/types\/post"}],"author":[{"embeddable":true,"href":"https:\/\/www.ufsm.br\/unidades-universitarias\/cachoeira-do-sul\/wp-json\/wp\/v2\/users\/293"}],"replies":[{"embeddable":true,"href":"https:\/\/www.ufsm.br\/unidades-universitarias\/cachoeira-do-sul\/wp-json\/wp\/v2\/comments?post=3123"}],"version-history":[{"count":0,"href":"https:\/\/www.ufsm.br\/unidades-universitarias\/cachoeira-do-sul\/wp-json\/wp\/v2\/posts\/3123\/revisions"}],"wp:attachment":[{"href":"https:\/\/www.ufsm.br\/unidades-universitarias\/cachoeira-do-sul\/wp-json\/wp\/v2\/media?parent=3123"}],"wp:term":[{"taxonomy":"category","embeddable":true,"href":"https:\/\/www.ufsm.br\/unidades-universitarias\/cachoeira-do-sul\/wp-json\/wp\/v2\/categories?post=3123"},{"taxonomy":"post_tag","embeddable":true,"href":"https:\/\/www.ufsm.br\/unidades-universitarias\/cachoeira-do-sul\/wp-json\/wp\/v2\/tags?post=3123"}],"curies":[{"name":"wp","href":"https:\/\/api.w.org\/{rel}","templated":true}]}}