{"id":3155,"date":"2021-08-10T11:30:21","date_gmt":"2021-08-10T14:30:21","guid":{"rendered":"https:\/\/www.ufsm.br\/unidades-universitarias\/cachoeira-do-sul\/?p=3155"},"modified":"2021-08-10T11:30:23","modified_gmt":"2021-08-10T14:30:23","slug":"ufsm-cs-e-edusp-realizam-webinar-e-lancamento-do-livro-livros-leituras-e-bibliotecas-historia-da-arquitetura-e-da-construcao-luso-brasileira","status":"publish","type":"post","link":"https:\/\/www.ufsm.br\/unidades-universitarias\/cachoeira-do-sul\/2021\/08\/10\/ufsm-cs-e-edusp-realizam-webinar-e-lancamento-do-livro-livros-leituras-e-bibliotecas-historia-da-arquitetura-e-da-construcao-luso-brasileira","title":{"rendered":"UFSM-CS e Edusp realizam webinar e lan\u00e7amento do livro &#8220;Livros, Leituras e Bibliotecas: Hist\u00f3ria da Arquitetura e da Constru\u00e7\u00e3o Luso-Brasileira&#8221;"},"content":{"rendered":"\n<p style=\"text-align: justify\">O campus da UFSM em Cachoeira do Sul, em parceria com a Edusp, realizar\u00e1 o webinar e o lan\u00e7amento online do livro <strong>&#8220;Livros, Leituras e Bibliotecas: Hist\u00f3ria da Arquitetura e da Constru\u00e7\u00e3o Luso-Brasileira&#8221;<\/strong>, de Ricardo Rocha, professor do curso de Arquitetura e Urbanismo da UFSM-CS<strong>. <\/strong>O evento acontece no dia 25 de agosto (quarta-feira), \u00e0s 15h, e ser\u00e1 transmitido pelo canal da UFSM-CS no Youtube, atrav\u00e9s do <a href=\"http:\/\/youtu.be\/oOKd2sdFATA\">link.<\/a><\/p>\n<p style=\"text-align: justify\">Trata-se de um livro sobre livros e a paix\u00e3o por eles, mas tamb\u00e9m sobre a hist\u00f3ria do livro e da leitura em suas rela\u00e7\u00f5es com a hist\u00f3ria da arquitetura e da constru\u00e7\u00e3o. Um universo de refer\u00eancias cruzadas entre arquitetos, engenheiros e suas produ\u00e7\u00f5es escritas entrela\u00e7ando v\u00e1rios aspectos como datas, lugares, redes de amizade e de sociabilidade, que definem aquilo o que o autor chama de comunidades de sentido.<\/p>\n<p style=\"text-align: justify\">No evento, haver\u00e1 um debate com a presen\u00e7a do autor e tamb\u00e9m dos professores <strong>Samuel Brito<\/strong> (UFSM-CS), <strong>Nelson Porto<\/strong> (UFES) e <strong>Luis M\u00fcller<\/strong> (UNL\/Argentina).<\/p>\n<p><img fetchpriority=\"high\" decoding=\"async\" class=\" wp-image-3158 aligncenter\" src=\"https:\/\/www.ufsm.br\/app\/uploads\/sites\/376\/2021\/08\/convite-livros-leituras-e-bibliotecas-v5-300x300.jpg\" alt=\"\" width=\"328\" height=\"309\" \/><\/p>\n<h6 style=\"text-align: justify\"><em>Equipe de organiza\u00e7\u00e3o e divulga\u00e7\u00e3o:<\/em><br \/><em>Amanda Costa da Silva (N\u00facleo de Comunica\u00e7\u00e3o Institucional &#8211; UFSM-CS)<\/em><br \/><em>Regina Brand\u00e3o (Divulga\u00e7\u00e3o &#8211; Edusp)<\/em><br \/><em>Igor Daur\u00edcio (Marketing &#8211; Edusp)<\/em><\/h6>\n<p>\u00a0<\/p>\n","protected":false},"excerpt":{"rendered":"<p>O campus da UFSM em Cachoeira do Sul, em parceria com a Edusp, realizar\u00e1 o webinar e o lan\u00e7amento online do livro &#8220;Livros, Leituras e Bibliotecas: Hist\u00f3ria da Arquitetura e da Constru\u00e7\u00e3o Luso-Brasileira&#8221;, de Ricardo Rocha, professor do curso de Arquitetura e Urbanismo da UFSM-CS. O evento acontece no dia 25 de agosto (quarta-feira), \u00e0s [&hellip;]<\/p>\n","protected":false},"author":293,"featured_media":0,"comment_status":"closed","ping_status":"closed","sticky":false,"template":"","format":"standard","meta":{"footnotes":""},"categories":[21,1],"tags":[],"class_list":["post-3155","post","type-post","status-publish","format-standard","hentry","category-banner","category-noticias"],"acf":[],"_links":{"self":[{"href":"https:\/\/www.ufsm.br\/unidades-universitarias\/cachoeira-do-sul\/wp-json\/wp\/v2\/posts\/3155","targetHints":{"allow":["GET"]}}],"collection":[{"href":"https:\/\/www.ufsm.br\/unidades-universitarias\/cachoeira-do-sul\/wp-json\/wp\/v2\/posts"}],"about":[{"href":"https:\/\/www.ufsm.br\/unidades-universitarias\/cachoeira-do-sul\/wp-json\/wp\/v2\/types\/post"}],"author":[{"embeddable":true,"href":"https:\/\/www.ufsm.br\/unidades-universitarias\/cachoeira-do-sul\/wp-json\/wp\/v2\/users\/293"}],"replies":[{"embeddable":true,"href":"https:\/\/www.ufsm.br\/unidades-universitarias\/cachoeira-do-sul\/wp-json\/wp\/v2\/comments?post=3155"}],"version-history":[{"count":0,"href":"https:\/\/www.ufsm.br\/unidades-universitarias\/cachoeira-do-sul\/wp-json\/wp\/v2\/posts\/3155\/revisions"}],"wp:attachment":[{"href":"https:\/\/www.ufsm.br\/unidades-universitarias\/cachoeira-do-sul\/wp-json\/wp\/v2\/media?parent=3155"}],"wp:term":[{"taxonomy":"category","embeddable":true,"href":"https:\/\/www.ufsm.br\/unidades-universitarias\/cachoeira-do-sul\/wp-json\/wp\/v2\/categories?post=3155"},{"taxonomy":"post_tag","embeddable":true,"href":"https:\/\/www.ufsm.br\/unidades-universitarias\/cachoeira-do-sul\/wp-json\/wp\/v2\/tags?post=3155"}],"curies":[{"name":"wp","href":"https:\/\/api.w.org\/{rel}","templated":true}]}}