{"id":3232,"date":"2021-09-16T09:11:10","date_gmt":"2021-09-16T12:11:10","guid":{"rendered":"https:\/\/www.ufsm.br\/unidades-universitarias\/cachoeira-do-sul\/?p=3232"},"modified":"2021-09-16T10:05:35","modified_gmt":"2021-09-16T13:05:35","slug":"campus-recebe-estudantes-do-projeto-profissional-do-amanha","status":"publish","type":"post","link":"https:\/\/www.ufsm.br\/unidades-universitarias\/cachoeira-do-sul\/2021\/09\/16\/campus-recebe-estudantes-do-projeto-profissional-do-amanha","title":{"rendered":"Campus recebe estudantes do Projeto Profissional do Amanh\u00e3"},"content":{"rendered":"\n<p><br \/>O campus da UFSM em Cachoeira do Sul recebeu dois estudantes da segunda s\u00e9rie do ensino m\u00e9dio vinculados ao Projeto PDA \u2013 Profissional do Amanh\u00e3 2021, no dia 14 de setembro. O estudante Samuel Santos Vargas, que pretende cursar a gradua\u00e7\u00e3o em F\u00edsica, acompanhou um turno de atividades do professor Lucas Cardoso.<\/p>\n<figure id=\"attachment_3236\" aria-describedby=\"caption-attachment-3236\" style=\"width: 225px\" class=\"wp-caption alignnone\"><img fetchpriority=\"high\" decoding=\"async\" class=\"size-medium wp-image-3236\" src=\"https:\/\/www.ufsm.br\/app\/uploads\/sites\/376\/2021\/09\/Samuel-com-prof.-Lucas.-Foto-arquivo-pessoal-Rogerio-Brittes-1-225x300.jpeg\" alt=\"\" width=\"225\" height=\"300\" srcset=\"https:\/\/www.ufsm.br\/app\/uploads\/sites\/376\/2021\/09\/Samuel-com-prof.-Lucas.-Foto-arquivo-pessoal-Rogerio-Brittes-1-225x300.jpeg 225w, https:\/\/www.ufsm.br\/app\/uploads\/sites\/376\/2021\/09\/Samuel-com-prof.-Lucas.-Foto-arquivo-pessoal-Rogerio-Brittes-1-768x1024.jpeg 768w, https:\/\/www.ufsm.br\/app\/uploads\/sites\/376\/2021\/09\/Samuel-com-prof.-Lucas.-Foto-arquivo-pessoal-Rogerio-Brittes-1.jpeg 960w\" sizes=\"(max-width: 225px) 100vw, 225px\" \/><figcaption id=\"caption-attachment-3236\" class=\"wp-caption-text\">Samuel com prof. Lucas. Foto: arquivo pessoal Rog\u00e9rio Brittes<\/figcaption><\/figure>\n<p>O outro visitante, Murilo da Rosa Borges, tem interesse em Engenharia Mec\u00e2nica e acompanhou o trabalho do professor Juan Balcazar. O projeto PDA foi idealizado pelo escritor S\u00e9rgio da Silva Almeida e contou com apoio de diversas entidades e organiza\u00e7\u00f5es da cidade de Cachoeira do Sul.<\/p>\n<figure id=\"attachment_3237\" aria-describedby=\"caption-attachment-3237\" style=\"width: 225px\" class=\"wp-caption alignnone\"><img decoding=\"async\" class=\"size-medium wp-image-3237\" src=\"https:\/\/www.ufsm.br\/app\/uploads\/sites\/376\/2021\/09\/Murilo-com-prof.-Juan.-Foto-arquivo-pessoal-Rogerio-Brittes-1-225x300.jpeg\" alt=\"\" width=\"225\" height=\"300\" srcset=\"https:\/\/www.ufsm.br\/app\/uploads\/sites\/376\/2021\/09\/Murilo-com-prof.-Juan.-Foto-arquivo-pessoal-Rogerio-Brittes-1-225x300.jpeg 225w, https:\/\/www.ufsm.br\/app\/uploads\/sites\/376\/2021\/09\/Murilo-com-prof.-Juan.-Foto-arquivo-pessoal-Rogerio-Brittes-1-768x1024.jpeg 768w, https:\/\/www.ufsm.br\/app\/uploads\/sites\/376\/2021\/09\/Murilo-com-prof.-Juan.-Foto-arquivo-pessoal-Rogerio-Brittes-1.jpeg 960w\" sizes=\"(max-width: 225px) 100vw, 225px\" \/><figcaption id=\"caption-attachment-3237\" class=\"wp-caption-text\">Murilo com prof. Juan. Foto: arquivo pessoal Rog\u00e9rio Brittes<\/figcaption><\/figure>\n<p>O Diretor Rog\u00e9rio Brittes participou da recep\u00e7\u00e3o aos estudantes e destacou a import\u00e2ncia do PDA como uma ferramenta para aux\u00edlio na escolha da profiss\u00e3o.<\/p>\n","protected":false},"excerpt":{"rendered":"<p>O campus da UFSM em Cachoeira do Sul recebeu dois estudantes da segunda s\u00e9rie do ensino m\u00e9dio vinculados ao Projeto PDA \u2013 Profissional do Amanh\u00e3 2021, no dia 14 de setembro. O estudante Samuel Santos Vargas, que pretende cursar a gradua\u00e7\u00e3o em F\u00edsica, acompanhou um turno de atividades do professor Lucas Cardoso. O outro visitante, [&hellip;]<\/p>\n","protected":false},"author":4522,"featured_media":0,"comment_status":"closed","ping_status":"closed","sticky":false,"template":"","format":"standard","meta":{"footnotes":""},"categories":[21,1],"tags":[],"class_list":["post-3232","post","type-post","status-publish","format-standard","hentry","category-banner","category-noticias"],"acf":[],"_links":{"self":[{"href":"https:\/\/www.ufsm.br\/unidades-universitarias\/cachoeira-do-sul\/wp-json\/wp\/v2\/posts\/3232","targetHints":{"allow":["GET"]}}],"collection":[{"href":"https:\/\/www.ufsm.br\/unidades-universitarias\/cachoeira-do-sul\/wp-json\/wp\/v2\/posts"}],"about":[{"href":"https:\/\/www.ufsm.br\/unidades-universitarias\/cachoeira-do-sul\/wp-json\/wp\/v2\/types\/post"}],"author":[{"embeddable":true,"href":"https:\/\/www.ufsm.br\/unidades-universitarias\/cachoeira-do-sul\/wp-json\/wp\/v2\/users\/4522"}],"replies":[{"embeddable":true,"href":"https:\/\/www.ufsm.br\/unidades-universitarias\/cachoeira-do-sul\/wp-json\/wp\/v2\/comments?post=3232"}],"version-history":[{"count":0,"href":"https:\/\/www.ufsm.br\/unidades-universitarias\/cachoeira-do-sul\/wp-json\/wp\/v2\/posts\/3232\/revisions"}],"wp:attachment":[{"href":"https:\/\/www.ufsm.br\/unidades-universitarias\/cachoeira-do-sul\/wp-json\/wp\/v2\/media?parent=3232"}],"wp:term":[{"taxonomy":"category","embeddable":true,"href":"https:\/\/www.ufsm.br\/unidades-universitarias\/cachoeira-do-sul\/wp-json\/wp\/v2\/categories?post=3232"},{"taxonomy":"post_tag","embeddable":true,"href":"https:\/\/www.ufsm.br\/unidades-universitarias\/cachoeira-do-sul\/wp-json\/wp\/v2\/tags?post=3232"}],"curies":[{"name":"wp","href":"https:\/\/api.w.org\/{rel}","templated":true}]}}