{"id":3392,"date":"2021-12-21T15:30:25","date_gmt":"2021-12-21T18:30:25","guid":{"rendered":"https:\/\/www.ufsm.br\/unidades-universitarias\/cachoeira-do-sul\/?p=3392"},"modified":"2021-12-21T15:33:58","modified_gmt":"2021-12-21T18:33:58","slug":"ufsm-cs-encerra-o-ano-com-mais-inauguracoes","status":"publish","type":"post","link":"https:\/\/www.ufsm.br\/unidades-universitarias\/cachoeira-do-sul\/2021\/12\/21\/ufsm-cs-encerra-o-ano-com-mais-inauguracoes","title":{"rendered":"UFSM-CS encerra o ano com mais inaugura\u00e7\u00f5es"},"content":{"rendered":"\t\t<div data-elementor-type=\"wp-post\" data-elementor-id=\"3392\" class=\"elementor elementor-3392\">\n\t\t\t\t\t\t<section class=\"elementor-section elementor-top-section elementor-element elementor-element-50f6c411 elementor-section-boxed elementor-section-height-default elementor-section-height-default\" data-id=\"50f6c411\" data-element_type=\"section\">\n\t\t\t\t\t\t<div class=\"elementor-container elementor-column-gap-default\">\n\t\t\t\t\t<div class=\"elementor-column elementor-col-100 elementor-top-column elementor-element elementor-element-5cd7eb27\" data-id=\"5cd7eb27\" data-element_type=\"column\">\n\t\t\t<div class=\"elementor-widget-wrap elementor-element-populated\">\n\t\t\t\t\t\t<div class=\"elementor-element elementor-element-7c778618 elementor-widget elementor-widget-text-editor\" data-id=\"7c778618\" data-element_type=\"widget\" data-widget_type=\"text-editor.default\">\n\t\t\t\t<div class=\"elementor-widget-container\">\n\t\t\t\t\t\t\t<!-- wp:tadv\/classic-paragraph -->\n<p style=\"text-align: justify\">Na manh\u00e3 desta ter\u00e7a-feira (21), o campus da UFSM em Cachoeira do Sul realizou a inaugura\u00e7\u00e3o de cinco espa\u00e7os nas depend\u00eancias da UFSM-CS. Estiveram presentes na solenidade o Diretor e o Vice-diretor do campus, os professores Rog\u00e9rio Brittes e Lucas Delongui, e os primeiros diretores do campus, professores Jos\u00e9 Mario Doleys Soares e Hilton Gr\u00fcndling. Na cerim\u00f4nia ainda participaram alguns coordenadores de \u00e1rea e de curso e servidores da institui\u00e7\u00e3o.<\/p>\n<p style=\"text-align: justify\">Os espa\u00e7os inaugurados foram: a Sala de Conviv\u00eancia, tr\u00eas laborat\u00f3rios de inform\u00e1tica e a Galeria dos Diretores. O espa\u00e7o de conviv\u00eancia fica localizado na Quadra 5. Este ambiente foi equipado com condicionadores de ar, forno micro-ondas, geladeira, \u00e1gua quente, sof\u00e1s, mesas e cadeiras. J\u00e1 os laborat\u00f3rios de inform\u00e1tica, localizados nas salas 103, 201 e 203 do Pr\u00e9dio Q4SA1, em uso desde 2019, receberam novos computadores equipados com placa de v\u00eddeo e s\u00e3o mais adequados para o desenvolvimento das atividades dos estudantes de todos os cursos. Por fim, ocorreu a inaugura\u00e7\u00e3o da Galeria de Diretores do campus da UFSM em Cachoeira do Sul, que foi doada pelos atuais ocupantes dos cargos de Diretor e Vice-diretor. Segundo o Diretor Rog\u00e9rio Brittes, o espa\u00e7o tem como finalidade homenagear e conceder o merecido destaque \u00e0queles que marcaram presen\u00e7a e fizeram parte da hist\u00f3ria do campus. Nela constam os nomes do Diretor \u201cPr\u00f3-tempore\u201d Prof. Jos\u00e9 Mario Doleys Soares e Vice-Diretor \u201cPr\u00f3-tempore\u201d Prof. Hilton Abilio Gr\u00fcndling, que aturam na gest\u00e3o de 2014 a 2017, e o Diretor eleito, Prof. Rog\u00e9rio Brittes da Silva e do Vice-diretor eleito Prof. Lucas Delongui, cuja gest\u00e3o encerrar\u00e1 em 02 de janeiro de 2022.<\/p>\n<p>\u00a0<\/p>\n<!-- \/wp:tadv\/classic-paragraph -->\t\t\t\t\t\t<\/div>\n\t\t\t\t<\/div>\n\t\t\t\t<div class=\"elementor-element elementor-element-fb81e87 elementor-arrows-position-inside elementor-pagination-position-outside elementor-widget elementor-widget-image-carousel\" data-id=\"fb81e87\" data-element_type=\"widget\" data-settings=\"{&quot;slides_to_show&quot;:&quot;1&quot;,&quot;navigation&quot;:&quot;both&quot;,&quot;autoplay&quot;:&quot;yes&quot;,&quot;pause_on_hover&quot;:&quot;yes&quot;,&quot;pause_on_interaction&quot;:&quot;yes&quot;,&quot;autoplay_speed&quot;:5000,&quot;infinite&quot;:&quot;yes&quot;,&quot;effect&quot;:&quot;slide&quot;,&quot;speed&quot;:500}\" data-widget_type=\"image-carousel.default\">\n\t\t\t\t<div class=\"elementor-widget-container\">\n\t\t\t\t\t<div class=\"elementor-image-carousel-wrapper swiper\" dir=\"ltr\">\n\t\t\t<div class=\"elementor-image-carousel swiper-wrapper\" aria-live=\"off\">\n\t\t\t\t\t\t\t\t<div class=\"swiper-slide\" role=\"group\" aria-roledescription=\"slide\" aria-label=\"1 of 14\"><figure class=\"swiper-slide-inner\"><img decoding=\"async\" class=\"swiper-slide-image\" src=\"https:\/\/www.ufsm.br\/app\/uploads\/sites\/376\/2021\/12\/IMG_9955-1024x683.jpg\" alt=\"IMG_9955\" \/><\/figure><\/div><div class=\"swiper-slide\" role=\"group\" aria-roledescription=\"slide\" aria-label=\"2 of 14\"><figure class=\"swiper-slide-inner\"><img decoding=\"async\" class=\"swiper-slide-image\" src=\"https:\/\/www.ufsm.br\/app\/uploads\/sites\/376\/2021\/12\/IMG_9945-1024x683.jpg\" alt=\"IMG_9945\" \/><\/figure><\/div><div class=\"swiper-slide\" role=\"group\" aria-roledescription=\"slide\" aria-label=\"3 of 14\"><figure class=\"swiper-slide-inner\"><img decoding=\"async\" class=\"swiper-slide-image\" src=\"https:\/\/www.ufsm.br\/app\/uploads\/sites\/376\/2021\/12\/IMG_9966-683x1024.jpg\" alt=\"IMG_9966\" \/><\/figure><\/div><div class=\"swiper-slide\" role=\"group\" aria-roledescription=\"slide\" aria-label=\"4 of 14\"><figure class=\"swiper-slide-inner\"><img decoding=\"async\" class=\"swiper-slide-image\" src=\"https:\/\/www.ufsm.br\/app\/uploads\/sites\/376\/2021\/12\/IMG_9974-683x1024.jpg\" alt=\"IMG_9974\" \/><\/figure><\/div><div class=\"swiper-slide\" role=\"group\" aria-roledescription=\"slide\" aria-label=\"5 of 14\"><figure class=\"swiper-slide-inner\"><img decoding=\"async\" class=\"swiper-slide-image\" src=\"https:\/\/www.ufsm.br\/app\/uploads\/sites\/376\/2021\/12\/IMG_9978-1024x683.jpg\" alt=\"IMG_9978\" \/><\/figure><\/div><div class=\"swiper-slide\" role=\"group\" aria-roledescription=\"slide\" aria-label=\"6 of 14\"><figure class=\"swiper-slide-inner\"><img decoding=\"async\" class=\"swiper-slide-image\" src=\"https:\/\/www.ufsm.br\/app\/uploads\/sites\/376\/2021\/12\/IMG_9977-683x1024.jpg\" alt=\"IMG_9977\" \/><\/figure><\/div><div class=\"swiper-slide\" role=\"group\" aria-roledescription=\"slide\" aria-label=\"7 of 14\"><figure class=\"swiper-slide-inner\"><img decoding=\"async\" class=\"swiper-slide-image\" src=\"https:\/\/www.ufsm.br\/app\/uploads\/sites\/376\/2021\/12\/IMG_0001-1024x683.jpg\" alt=\"IMG_0001\" \/><\/figure><\/div><div class=\"swiper-slide\" role=\"group\" aria-roledescription=\"slide\" aria-label=\"8 of 14\"><figure class=\"swiper-slide-inner\"><img decoding=\"async\" class=\"swiper-slide-image\" src=\"https:\/\/www.ufsm.br\/app\/uploads\/sites\/376\/2021\/12\/IMG_9992-1024x683.jpg\" alt=\"IMG_9992\" \/><\/figure><\/div><div class=\"swiper-slide\" role=\"group\" aria-roledescription=\"slide\" aria-label=\"9 of 14\"><figure class=\"swiper-slide-inner\"><img decoding=\"async\" class=\"swiper-slide-image\" src=\"https:\/\/www.ufsm.br\/app\/uploads\/sites\/376\/2021\/12\/IMG_0004-1024x683.jpg\" alt=\"IMG_0004\" \/><\/figure><\/div><div class=\"swiper-slide\" role=\"group\" aria-roledescription=\"slide\" aria-label=\"10 of 14\"><figure class=\"swiper-slide-inner\"><img decoding=\"async\" class=\"swiper-slide-image\" src=\"https:\/\/www.ufsm.br\/app\/uploads\/sites\/376\/2021\/12\/IMG_0015-1024x683.jpg\" alt=\"IMG_0015\" \/><\/figure><\/div><div class=\"swiper-slide\" role=\"group\" aria-roledescription=\"slide\" aria-label=\"11 of 14\"><figure class=\"swiper-slide-inner\"><img decoding=\"async\" class=\"swiper-slide-image\" src=\"https:\/\/www.ufsm.br\/app\/uploads\/sites\/376\/2021\/12\/IMG_0037-683x1024.jpg\" alt=\"IMG_0037\" \/><\/figure><\/div><div class=\"swiper-slide\" role=\"group\" aria-roledescription=\"slide\" aria-label=\"12 of 14\"><figure class=\"swiper-slide-inner\"><img decoding=\"async\" class=\"swiper-slide-image\" src=\"https:\/\/www.ufsm.br\/app\/uploads\/sites\/376\/2021\/12\/IMG_0027-1024x683.jpg\" alt=\"IMG_0027\" \/><\/figure><\/div><div class=\"swiper-slide\" role=\"group\" aria-roledescription=\"slide\" aria-label=\"13 of 14\"><figure class=\"swiper-slide-inner\"><img decoding=\"async\" class=\"swiper-slide-image\" src=\"https:\/\/www.ufsm.br\/app\/uploads\/sites\/376\/2021\/12\/IMG_0043-683x1024.jpg\" alt=\"IMG_0043\" \/><\/figure><\/div><div class=\"swiper-slide\" role=\"group\" aria-roledescription=\"slide\" aria-label=\"14 of 14\"><figure class=\"swiper-slide-inner\"><img decoding=\"async\" class=\"swiper-slide-image\" src=\"https:\/\/www.ufsm.br\/app\/uploads\/sites\/376\/2021\/12\/IMG_0049-1024x683.jpg\" alt=\"IMG_0049\" \/><\/figure><\/div>\t\t\t<\/div>\n\t\t\t\t\t\t\t\t\t\t\t\t<div class=\"elementor-swiper-button elementor-swiper-button-prev\" role=\"button\" tabindex=\"0\">\n\t\t\t\t\t\t<i aria-hidden=\"true\" class=\"eicon-chevron-left\"><\/i>\t\t\t\t\t<\/div>\n\t\t\t\t\t<div class=\"elementor-swiper-button elementor-swiper-button-next\" role=\"button\" tabindex=\"0\">\n\t\t\t\t\t\t<i aria-hidden=\"true\" class=\"eicon-chevron-right\"><\/i>\t\t\t\t\t<\/div>\n\t\t\t\t\n\t\t\t\t\t\t\t\t\t<div class=\"swiper-pagination\"><\/div>\n\t\t\t\t\t\t\t\t\t<\/div>\n\t\t\t\t<\/div>\n\t\t\t\t<\/div>\n\t\t\t\t\t<\/div>\n\t\t<\/div>\n\t\t\t\t\t<\/div>\n\t\t<\/section>\n\t\t\t\t<\/div>\n\t\t","protected":false},"excerpt":{"rendered":"<p>Na manh\u00e3 desta ter\u00e7a-feira (21), o campus da UFSM em Cachoeira do Sul realizou a inaugura\u00e7\u00e3o de cinco espa\u00e7os nas depend\u00eancias da UFSM-CS. Estiveram presentes na solenidade o Diretor e o Vice-diretor do campus, os professores Rog\u00e9rio Brittes e Lucas Delongui, e os primeiros diretores do campus, professores Jos\u00e9 Mario Doleys Soares e Hilton Gr\u00fcndling. [&hellip;]<\/p>\n","protected":false},"author":293,"featured_media":0,"comment_status":"closed","ping_status":"closed","sticky":false,"template":"","format":"standard","meta":{"footnotes":""},"categories":[21,1],"tags":[],"class_list":["post-3392","post","type-post","status-publish","format-standard","hentry","category-banner","category-noticias"],"acf":[],"_links":{"self":[{"href":"https:\/\/www.ufsm.br\/unidades-universitarias\/cachoeira-do-sul\/wp-json\/wp\/v2\/posts\/3392","targetHints":{"allow":["GET"]}}],"collection":[{"href":"https:\/\/www.ufsm.br\/unidades-universitarias\/cachoeira-do-sul\/wp-json\/wp\/v2\/posts"}],"about":[{"href":"https:\/\/www.ufsm.br\/unidades-universitarias\/cachoeira-do-sul\/wp-json\/wp\/v2\/types\/post"}],"author":[{"embeddable":true,"href":"https:\/\/www.ufsm.br\/unidades-universitarias\/cachoeira-do-sul\/wp-json\/wp\/v2\/users\/293"}],"replies":[{"embeddable":true,"href":"https:\/\/www.ufsm.br\/unidades-universitarias\/cachoeira-do-sul\/wp-json\/wp\/v2\/comments?post=3392"}],"version-history":[{"count":0,"href":"https:\/\/www.ufsm.br\/unidades-universitarias\/cachoeira-do-sul\/wp-json\/wp\/v2\/posts\/3392\/revisions"}],"wp:attachment":[{"href":"https:\/\/www.ufsm.br\/unidades-universitarias\/cachoeira-do-sul\/wp-json\/wp\/v2\/media?parent=3392"}],"wp:term":[{"taxonomy":"category","embeddable":true,"href":"https:\/\/www.ufsm.br\/unidades-universitarias\/cachoeira-do-sul\/wp-json\/wp\/v2\/categories?post=3392"},{"taxonomy":"post_tag","embeddable":true,"href":"https:\/\/www.ufsm.br\/unidades-universitarias\/cachoeira-do-sul\/wp-json\/wp\/v2\/tags?post=3392"}],"curies":[{"name":"wp","href":"https:\/\/api.w.org\/{rel}","templated":true}]}}