{"id":3412,"date":"2021-12-29T21:09:05","date_gmt":"2021-12-30T00:09:05","guid":{"rendered":"https:\/\/www.ufsm.br\/unidades-universitarias\/cachoeira-do-sul\/?p=3412"},"modified":"2021-12-29T21:09:07","modified_gmt":"2021-12-30T00:09:07","slug":"ufsm-cs-realiza-solenidade-on-line-de-posse-da-nova-direcao-do-campus","status":"publish","type":"post","link":"https:\/\/www.ufsm.br\/unidades-universitarias\/cachoeira-do-sul\/2021\/12\/29\/ufsm-cs-realiza-solenidade-on-line-de-posse-da-nova-direcao-do-campus","title":{"rendered":"UFSM-CS realiza solenidade on-line de posse da nova Dire\u00e7\u00e3o do campus"},"content":{"rendered":"\n<p>Na pr\u00f3xima segunda-feira (03), \u00e0s 16h, ser\u00e1 realizada a solenidade on-line de posse da nova Dire\u00e7\u00e3o do campus da UFSM em Cachoeira do Sul. O Professor Anderson Dal Molin ocupar\u00e1 o cargo de Diretor do campus, substituindo o Professor Rog\u00e9rio Brittes. J\u00e1 o Professor Giovani Leone Zabot atuar\u00e1 como Vice-Diretor, substituindo o Professor Lucas Delongui no cargo.\u00a0<\/p>\n<div>O evento ser\u00e1 transmitido pelo canal da UFSM-CS no Youtube, atrav\u00e9s do link <a href=\"https:\/\/www.youtube.com\/watch?v=2W4yC8d5N1E\">https:\/\/www.youtube.com\/watch?v=2W4yC8d5N1E<\/a>.<\/div>\n<div>\u00a0<\/div>\n<div><a href=\"https:\/\/www.ufsm.br\/app\/uploads\/sites\/376\/2021\/12\/Convite-Posse-Direcao-UFSM-CS.jpeg\"><img fetchpriority=\"high\" decoding=\"async\" class=\"aligncenter wp-image-3413 size-full\" src=\"https:\/\/www.ufsm.br\/app\/uploads\/sites\/376\/2021\/12\/Convite-Posse-Direcao-UFSM-CS.jpeg\" alt=\"\" width=\"792\" height=\"415\" srcset=\"https:\/\/www.ufsm.br\/app\/uploads\/sites\/376\/2021\/12\/Convite-Posse-Direcao-UFSM-CS.jpeg 792w, https:\/\/www.ufsm.br\/app\/uploads\/sites\/376\/2021\/12\/Convite-Posse-Direcao-UFSM-CS-300x157.jpeg 300w, https:\/\/www.ufsm.br\/app\/uploads\/sites\/376\/2021\/12\/Convite-Posse-Direcao-UFSM-CS-768x402.jpeg 768w\" sizes=\"(max-width: 792px) 100vw, 792px\" \/><\/a><\/div>\n","protected":false},"excerpt":{"rendered":"<p>Na pr\u00f3xima segunda-feira (03), \u00e0s 16h, ser\u00e1 realizada a solenidade on-line de posse da nova Dire\u00e7\u00e3o do campus da UFSM em Cachoeira do Sul. O Professor Anderson Dal Molin ocupar\u00e1 o cargo de Diretor do campus, substituindo o Professor Rog\u00e9rio Brittes. J\u00e1 o Professor Giovani Leone Zabot atuar\u00e1 como Vice-Diretor, substituindo o Professor Lucas Delongui [&hellip;]<\/p>\n","protected":false},"author":293,"featured_media":0,"comment_status":"closed","ping_status":"closed","sticky":false,"template":"","format":"standard","meta":{"footnotes":""},"categories":[21,1],"tags":[],"class_list":["post-3412","post","type-post","status-publish","format-standard","hentry","category-banner","category-noticias"],"acf":[],"_links":{"self":[{"href":"https:\/\/www.ufsm.br\/unidades-universitarias\/cachoeira-do-sul\/wp-json\/wp\/v2\/posts\/3412","targetHints":{"allow":["GET"]}}],"collection":[{"href":"https:\/\/www.ufsm.br\/unidades-universitarias\/cachoeira-do-sul\/wp-json\/wp\/v2\/posts"}],"about":[{"href":"https:\/\/www.ufsm.br\/unidades-universitarias\/cachoeira-do-sul\/wp-json\/wp\/v2\/types\/post"}],"author":[{"embeddable":true,"href":"https:\/\/www.ufsm.br\/unidades-universitarias\/cachoeira-do-sul\/wp-json\/wp\/v2\/users\/293"}],"replies":[{"embeddable":true,"href":"https:\/\/www.ufsm.br\/unidades-universitarias\/cachoeira-do-sul\/wp-json\/wp\/v2\/comments?post=3412"}],"version-history":[{"count":0,"href":"https:\/\/www.ufsm.br\/unidades-universitarias\/cachoeira-do-sul\/wp-json\/wp\/v2\/posts\/3412\/revisions"}],"wp:attachment":[{"href":"https:\/\/www.ufsm.br\/unidades-universitarias\/cachoeira-do-sul\/wp-json\/wp\/v2\/media?parent=3412"}],"wp:term":[{"taxonomy":"category","embeddable":true,"href":"https:\/\/www.ufsm.br\/unidades-universitarias\/cachoeira-do-sul\/wp-json\/wp\/v2\/categories?post=3412"},{"taxonomy":"post_tag","embeddable":true,"href":"https:\/\/www.ufsm.br\/unidades-universitarias\/cachoeira-do-sul\/wp-json\/wp\/v2\/tags?post=3412"}],"curies":[{"name":"wp","href":"https:\/\/api.w.org\/{rel}","templated":true}]}}