{"id":3415,"date":"2021-12-30T16:03:34","date_gmt":"2021-12-30T19:03:34","guid":{"rendered":"https:\/\/www.ufsm.br\/unidades-universitarias\/cachoeira-do-sul\/?p=3415"},"modified":"2022-02-11T14:01:07","modified_gmt":"2022-02-11T17:01:07","slug":"direcao-publica-relatorio-da-gestao-2018-2021","status":"publish","type":"post","link":"https:\/\/www.ufsm.br\/unidades-universitarias\/cachoeira-do-sul\/2021\/12\/30\/direcao-publica-relatorio-da-gestao-2018-2021","title":{"rendered":"Dire\u00e7\u00e3o publica relat\u00f3rio da Gest\u00e3o 2018-2021"},"content":{"rendered":"\n<p style=\"font-weight: 400\">O relat\u00f3rio de gest\u00e3o apresenta um resumo das conquistas e realiza\u00e7\u00f5es que ocorreram durante a Gest\u00e3o 2018-2021, destacando-se o trabalho e o apoio de toda a equipe da Administra\u00e7\u00e3o Central, que foi fundamental. Houve intensa participa\u00e7\u00e3o de todas as Pr\u00f3-reitorias, do Reitor Prof. Paulo Burmann e do Vice-reitor Prof. Luciano Schuch. Todas as a\u00e7\u00f5es geraram impactos positivos para o ensino, pesquisa, extens\u00e3o, assist\u00eancia estudantil e para o desenvolvimento local e regional.<\/p>\n<p style=\"font-weight: 400\">Todas as conquistas registradas no documento s\u00e3o fruto de muito trabalho e dedica\u00e7\u00e3o e s\u00f3 foram poss\u00edveis devido ao apoio da comunidade acad\u00eamica da UFSM e de fora dela.<\/p>\n<p style=\"font-weight: 400\">O relat\u00f3rio encerra com uma mensagem do Diretor Rog\u00e9rio Brittes e do Vice-diretor Lucas Delongui: \u201cSomos gratos a todas as pessoas que trabalharam conosco e que, direta ou indiretamente, contribu\u00edram com a Gest\u00e3o. Agradecemos \u00e0s Dire\u00e7\u00f5es das outras Unidades de Ensino, aos docentes, t\u00e9cnicos administrativos, discentes e servidores terceirizados. Agradecemos aos apoios recebidos dos poderes Executivo e Legislativo, ao 13\u00ba Grupo de Artilharia de Campanha e ao 3\u00ba Batalh\u00e3o de Engenharia de Combate, aos empres\u00e1rios e \u00e0s lideran\u00e7as locais. Destacamos tamb\u00e9m o trabalho e a colabora\u00e7\u00e3o intensa de todas as Pr\u00f3-reitorias da UFSM, ao apoio e aten\u00e7\u00e3o do Prof. Paulo Afonso Burmann e do Prof. Luciano Schuch. Somos externamente gratos pela oportunidade de conduzir o Campus neste per\u00edodo de implanta\u00e7\u00e3o. Foi uma honra podermos contribuir com a UFSM e com a cidade de Cachoeira do Sul. Que venham novos e gratificantes desafios&#8230; Vida longa ao (jovem) Campus!\u201d<\/p>\n<p><a href=\"https:\/\/www.ufsm.br\/app\/uploads\/sites\/376\/2021\/12\/Relatorio-Gestao-2018-2021.pdf\">Relat\u00f3rio Gest\u00e3o 2018-2021<\/a><\/p>\n","protected":false},"excerpt":{"rendered":"<p>O relat\u00f3rio de gest\u00e3o apresenta um resumo das conquistas e realiza\u00e7\u00f5es que ocorreram durante a Gest\u00e3o 2018-2021, destacando-se o trabalho e o apoio de toda a equipe da Administra\u00e7\u00e3o Central, que foi fundamental. Houve intensa participa\u00e7\u00e3o de todas as Pr\u00f3-reitorias, do Reitor Prof. Paulo Burmann e do Vice-reitor Prof. Luciano Schuch. Todas as a\u00e7\u00f5es geraram [&hellip;]<\/p>\n","protected":false},"author":4522,"featured_media":0,"comment_status":"closed","ping_status":"closed","sticky":false,"template":"","format":"standard","meta":{"footnotes":""},"categories":[1],"tags":[],"class_list":["post-3415","post","type-post","status-publish","format-standard","hentry","category-noticias"],"acf":[],"_links":{"self":[{"href":"https:\/\/www.ufsm.br\/unidades-universitarias\/cachoeira-do-sul\/wp-json\/wp\/v2\/posts\/3415","targetHints":{"allow":["GET"]}}],"collection":[{"href":"https:\/\/www.ufsm.br\/unidades-universitarias\/cachoeira-do-sul\/wp-json\/wp\/v2\/posts"}],"about":[{"href":"https:\/\/www.ufsm.br\/unidades-universitarias\/cachoeira-do-sul\/wp-json\/wp\/v2\/types\/post"}],"author":[{"embeddable":true,"href":"https:\/\/www.ufsm.br\/unidades-universitarias\/cachoeira-do-sul\/wp-json\/wp\/v2\/users\/4522"}],"replies":[{"embeddable":true,"href":"https:\/\/www.ufsm.br\/unidades-universitarias\/cachoeira-do-sul\/wp-json\/wp\/v2\/comments?post=3415"}],"version-history":[{"count":0,"href":"https:\/\/www.ufsm.br\/unidades-universitarias\/cachoeira-do-sul\/wp-json\/wp\/v2\/posts\/3415\/revisions"}],"wp:attachment":[{"href":"https:\/\/www.ufsm.br\/unidades-universitarias\/cachoeira-do-sul\/wp-json\/wp\/v2\/media?parent=3415"}],"wp:term":[{"taxonomy":"category","embeddable":true,"href":"https:\/\/www.ufsm.br\/unidades-universitarias\/cachoeira-do-sul\/wp-json\/wp\/v2\/categories?post=3415"},{"taxonomy":"post_tag","embeddable":true,"href":"https:\/\/www.ufsm.br\/unidades-universitarias\/cachoeira-do-sul\/wp-json\/wp\/v2\/tags?post=3415"}],"curies":[{"name":"wp","href":"https:\/\/api.w.org\/{rel}","templated":true}]}}