{"id":3427,"date":"2022-01-04T12:24:29","date_gmt":"2022-01-04T15:24:29","guid":{"rendered":"https:\/\/www.ufsm.br\/unidades-universitarias\/cachoeira-do-sul\/?p=3427"},"modified":"2022-01-04T12:26:28","modified_gmt":"2022-01-04T15:26:28","slug":"nova-direcao-da-ufsm-cs-e-empossada-em-solenidade","status":"publish","type":"post","link":"https:\/\/www.ufsm.br\/unidades-universitarias\/cachoeira-do-sul\/2022\/01\/04\/nova-direcao-da-ufsm-cs-e-empossada-em-solenidade","title":{"rendered":"Nova dire\u00e7\u00e3o da UFSM-CS \u00e9 empossada em solenidade"},"content":{"rendered":"\t\t<div data-elementor-type=\"wp-post\" data-elementor-id=\"3427\" class=\"elementor elementor-3427\">\n\t\t\t\t\t\t<section class=\"elementor-section elementor-top-section elementor-element elementor-element-180bad7a elementor-section-boxed elementor-section-height-default elementor-section-height-default\" data-id=\"180bad7a\" data-element_type=\"section\">\n\t\t\t\t\t\t<div class=\"elementor-container elementor-column-gap-default\">\n\t\t\t\t\t<div class=\"elementor-column elementor-col-100 elementor-top-column elementor-element elementor-element-5a2154e0\" data-id=\"5a2154e0\" data-element_type=\"column\">\n\t\t\t<div class=\"elementor-widget-wrap elementor-element-populated\">\n\t\t\t\t\t\t<div class=\"elementor-element elementor-element-47a741af elementor-widget elementor-widget-text-editor\" data-id=\"47a741af\" data-element_type=\"widget\" data-widget_type=\"text-editor.default\">\n\t\t\t\t<div class=\"elementor-widget-container\">\n\t\t\t\t\t\t\t<!-- wp:tadv\/classic-paragraph -->\n<p style=\"text-align: justify\">A posse da nova dire\u00e7\u00e3o do <em>campus<\/em> Cachoeira do Sul \u2013 Gest\u00e3o 2022-2025 foi realizada na tarde de ontem (03). A solenidade foi transmitida pelo canal da UFSM \u2013 Cachoeira do Sul no Youtube e contou com a presen\u00e7a do reitor da Universidade Federal de Santa Maria, professor Luciano Schuch, que empossou o professor Anderson Dal Molin no cargo de diretor do\u00a0<em>campus<\/em>\u00a0de Cachoeira do Sul e o professor Giovani Zabot, no cargo de vice-diretor. Tamb\u00e9m participaram da solenidade o pr\u00f3-reitor de Gest\u00e3o de Pessoas, professor Daniel Arruda Coronel, e o ex-diretor do <em>campus<\/em>, professor Rog\u00e9rio Brittes.<\/p>\n<p style=\"text-align: justify\">Na ocasi\u00e3o, o ex-diretor do <em>campus<\/em> Rog\u00e9rio Brittes iniciou os discursos falando sobre a sua trajet\u00f3ria frente a gest\u00e3o da unidade, agradecendo as parcerias firmadas e o apoio da Gest\u00e3o Central da UFSM. J\u00e1 o professor Giovani Zabot, vice-diretor empossado, come\u00e7ou sua fala com a frase do economista brit\u00e2nico Sir William Arthur Lewis \u201ceduca\u00e7\u00e3o nunca foi despesa. Sempre foi investimento com retorno garantido&#8221;, ressaltando os benef\u00edcios que a educa\u00e7\u00e3o traz para todos os setores da sociedade. O vice-diretor tamb\u00e9m falou que a gest\u00e3o deles dar\u00e1 continuidade ao trabalho desenvolvido nas gest\u00f5es anteriores, apesar das dificuldades que o momento atual vem impondo. Ainda ressaltou que eles buscar\u00e3o uma gest\u00e3o plural e que \u201ca comunidade acad\u00eamica, atrav\u00e9s das lideran\u00e7as de suas equipes, certamente contribuir\u00e1 para o planejamento, a tomada de decis\u00e3o e para as a\u00e7\u00f5es de crescimento e consolida\u00e7\u00e3o do <em>campus<\/em>\u201d. O professor Giavani Zabot ainda salientou que \u201cqueremos motivar, ampliar e estreitar mais ainda alian\u00e7as com os mais diversos setores, sempre se baseando na miss\u00e3o, na vis\u00e3o e nos valores da UFSM\u201d.<\/p>\n<p style=\"text-align: justify\">Em seu pronunciamento, o diretor Anderson Dal Molin, falou sobre a importante de toda a comunidade do <em>campus<\/em> para a cria\u00e7\u00e3o, manuten\u00e7\u00e3o e consolida\u00e7\u00e3o da Unidade. \u201cObrigado a toda a comunidade da UFSM \u2013 Cachoeira do Sul &#8211; professores, t\u00e9cnicos, estudantes, funcion\u00e1rios terceirizados &#8211; por desenvolverem com excel\u00eancia suas fun\u00e7\u00f5es. Voc\u00eas s\u00e3o o cora\u00e7\u00e3o da nossa Institui\u00e7\u00e3o. A UFSM-CS existe por causa de voc\u00eas. Por tantos, meus caros, gostaria de convoca-los a assumirem cada vez mais o seu papel de correspons\u00e1veis com essa casa que faz parte da vida de cada um de n\u00f3s. Obrigado pelo trabalho desenvolvido e pelo trabalho que desenvolver\u00e3o em parceria conosco\u201d. O diretor ainda lembrou das pessoas e entidades de Cachoeira do Sul que compartilharam o sonho de ter uma unidade da UFSM na cidade e n\u00e3o mediram esfor\u00e7os para tornar o <em>campus <\/em>uma realidade. \u201cAgrade\u00e7o o apoio do passado, o apoio do presente e o apoio do futuro\u201d, disse Dal Molin. Para finalizar, o professor reafirmou o compromisso da gest\u00e3o que se inicia. \u201cNos comprometemos com uma gest\u00e3o democr\u00e1tica, participativa, colaborativa, pr\u00f3-ativa, respons\u00e1vel e sustent\u00e1vel, com absoluto respeito com a liberdade intelectual, did\u00e1tica e cient\u00edfica. Trabalharemos incessantemente para assegurar as melhores condi\u00e7\u00f5es poss\u00edveis para o desenvolvimento das atividades de ensino, pesquisa e extens\u00e3o, bem como das pol\u00edticas de perman\u00eancia estudantil\u201d.<\/p>\n<p style=\"text-align: justify\">Para encerrar as falas do evento, o reitor Luciano Schuch aproveitou para parabenizar o trabalho das gest\u00f5es passadas e o comprometimento da nova gest\u00e3o do <em>campus<\/em>. Ele ainda lembrou que, apesar das dificuldades encontradas por um <em>campus <\/em>novo em implanta\u00e7\u00e3o, os cursos, ao serem avaliados pelo MEC, tiveram notas altas, se destacando e mostrando a qualidade do ensino desenvolvido na unidade de Cachoeira do Sul. \u201cVamos seguir nossa discuss\u00e3o com as lideran\u00e7as pol\u00edticas e empresariais para consolidarmos este <em>campus <\/em>e cada vez mais termos orgulho de estarmos aqui. \u00c9 muito bonito a gente caminhar neste <em>campus <\/em>e olhar a transforma\u00e7\u00e3o [&#8230;] Vida longa ao <em>campus<\/em> UFSM \u2013 Cachoeira do Sul. Vida longa a nossa Universidade. Estaremos sempre juntos nesta batalha para consolidarmos o <em>campus<\/em> Cachoeira do Sul, para consolidarmos a Universidade como uma universidade de excel\u00eancia\u201d, finalizou o reitor.<\/p>\n<p style=\"text-align: justify\">Para assistir a solenidade completa, acesse: <a href=\"https:\/\/www.youtube.com\/watch?v=2W4yC8d5N1E\">https:\/\/www.youtube.com\/watch?v=2W4yC8d5N1E<\/a><\/p>\n<p>\u00a0<\/p>\n<!-- \/wp:tadv\/classic-paragraph -->\t\t\t\t\t\t<\/div>\n\t\t\t\t<\/div>\n\t\t\t\t\t<\/div>\n\t\t<\/div>\n\t\t\t\t\t<\/div>\n\t\t<\/section>\n\t\t\t\t<section class=\"elementor-section elementor-top-section elementor-element elementor-element-239123e elementor-section-boxed elementor-section-height-default elementor-section-height-default\" data-id=\"239123e\" data-element_type=\"section\">\n\t\t\t\t\t\t<div class=\"elementor-container elementor-column-gap-default\">\n\t\t\t\t\t<div class=\"elementor-column elementor-col-100 elementor-top-column elementor-element elementor-element-fe13f27\" data-id=\"fe13f27\" data-element_type=\"column\">\n\t\t\t<div class=\"elementor-widget-wrap elementor-element-populated\">\n\t\t\t\t\t\t<div class=\"elementor-element elementor-element-5f38b50 elementor-arrows-position-inside elementor-pagination-position-outside elementor-widget elementor-widget-image-carousel\" data-id=\"5f38b50\" data-element_type=\"widget\" data-settings=\"{&quot;slides_to_show&quot;:&quot;1&quot;,&quot;navigation&quot;:&quot;both&quot;,&quot;autoplay&quot;:&quot;yes&quot;,&quot;pause_on_hover&quot;:&quot;yes&quot;,&quot;pause_on_interaction&quot;:&quot;yes&quot;,&quot;autoplay_speed&quot;:5000,&quot;infinite&quot;:&quot;yes&quot;,&quot;effect&quot;:&quot;slide&quot;,&quot;speed&quot;:500}\" data-widget_type=\"image-carousel.default\">\n\t\t\t\t<div class=\"elementor-widget-container\">\n\t\t\t\t\t<div class=\"elementor-image-carousel-wrapper swiper\" dir=\"ltr\">\n\t\t\t<div class=\"elementor-image-carousel swiper-wrapper\" aria-live=\"off\">\n\t\t\t\t\t\t\t\t<div class=\"swiper-slide\" role=\"group\" aria-roledescription=\"slide\" aria-label=\"1 of 7\"><figure class=\"swiper-slide-inner\"><img decoding=\"async\" class=\"swiper-slide-image\" src=\"https:\/\/www.ufsm.br\/app\/uploads\/sites\/376\/2022\/01\/IMG-20220103-WA0003-768x576.jpg\" alt=\"Posse da gest\u00e3o 2022-2025\" \/><\/figure><\/div><div class=\"swiper-slide\" role=\"group\" aria-roledescription=\"slide\" aria-label=\"2 of 7\"><figure class=\"swiper-slide-inner\"><img decoding=\"async\" class=\"swiper-slide-image\" src=\"https:\/\/www.ufsm.br\/app\/uploads\/sites\/376\/2022\/01\/20220103_165927-768x576.jpg\" alt=\"Professores Anderson Dal Molin e Giovani Zabot, Diretor e Vice-Diretor da UFSM-CS. (Gest\u00e3o 2022-2025).\" \/><\/figure><\/div><div class=\"swiper-slide\" role=\"group\" aria-roledescription=\"slide\" aria-label=\"3 of 7\"><figure class=\"swiper-slide-inner\"><img decoding=\"async\" class=\"swiper-slide-image\" src=\"https:\/\/www.ufsm.br\/app\/uploads\/sites\/376\/2022\/01\/20220103_165535-768x576.jpg\" alt=\"20220103_165535\" \/><\/figure><\/div><div class=\"swiper-slide\" role=\"group\" aria-roledescription=\"slide\" aria-label=\"4 of 7\"><figure class=\"swiper-slide-inner\"><img decoding=\"async\" class=\"swiper-slide-image\" src=\"https:\/\/www.ufsm.br\/app\/uploads\/sites\/376\/2022\/01\/20220103_163517-768x576.jpg\" alt=\"20220103_163517\" \/><\/figure><\/div><div class=\"swiper-slide\" role=\"group\" aria-roledescription=\"slide\" aria-label=\"5 of 7\"><figure class=\"swiper-slide-inner\"><img decoding=\"async\" class=\"swiper-slide-image\" src=\"https:\/\/www.ufsm.br\/app\/uploads\/sites\/376\/2022\/01\/20220103_163059-768x1024.jpg\" alt=\"20220103_163059\" \/><\/figure><\/div><div class=\"swiper-slide\" role=\"group\" aria-roledescription=\"slide\" aria-label=\"6 of 7\"><figure class=\"swiper-slide-inner\"><img decoding=\"async\" class=\"swiper-slide-image\" src=\"https:\/\/www.ufsm.br\/app\/uploads\/sites\/376\/2022\/01\/20220103_163052-768x576.jpg\" alt=\"20220103_163052\" \/><\/figure><\/div><div class=\"swiper-slide\" role=\"group\" aria-roledescription=\"slide\" aria-label=\"7 of 7\"><figure class=\"swiper-slide-inner\"><img decoding=\"async\" class=\"swiper-slide-image\" src=\"https:\/\/www.ufsm.br\/app\/uploads\/sites\/376\/2022\/01\/20220103_162839-768x433.jpg\" alt=\"20220103_162839\" \/><\/figure><\/div>\t\t\t<\/div>\n\t\t\t\t\t\t\t\t\t\t\t\t<div class=\"elementor-swiper-button elementor-swiper-button-prev\" role=\"button\" tabindex=\"0\">\n\t\t\t\t\t\t<i aria-hidden=\"true\" class=\"eicon-chevron-left\"><\/i>\t\t\t\t\t<\/div>\n\t\t\t\t\t<div class=\"elementor-swiper-button elementor-swiper-button-next\" role=\"button\" tabindex=\"0\">\n\t\t\t\t\t\t<i aria-hidden=\"true\" class=\"eicon-chevron-right\"><\/i>\t\t\t\t\t<\/div>\n\t\t\t\t\n\t\t\t\t\t\t\t\t\t<div class=\"swiper-pagination\"><\/div>\n\t\t\t\t\t\t\t\t\t<\/div>\n\t\t\t\t<\/div>\n\t\t\t\t<\/div>\n\t\t\t\t\t<\/div>\n\t\t<\/div>\n\t\t\t\t\t<\/div>\n\t\t<\/section>\n\t\t\t\t<\/div>\n\t\t","protected":false},"excerpt":{"rendered":"<p>A posse da nova dire\u00e7\u00e3o do campus Cachoeira do Sul \u2013 Gest\u00e3o 2022-2025 foi realizada na tarde de ontem (03). A solenidade foi transmitida pelo canal da UFSM \u2013 Cachoeira do Sul no Youtube e contou com a presen\u00e7a do reitor da Universidade Federal de Santa Maria, professor Luciano Schuch, que empossou o professor Anderson [&hellip;]<\/p>\n","protected":false},"author":293,"featured_media":3428,"comment_status":"closed","ping_status":"closed","sticky":false,"template":"","format":"standard","meta":{"footnotes":""},"categories":[21,1],"tags":[],"class_list":["post-3427","post","type-post","status-publish","format-standard","has-post-thumbnail","hentry","category-banner","category-noticias"],"acf":[],"_links":{"self":[{"href":"https:\/\/www.ufsm.br\/unidades-universitarias\/cachoeira-do-sul\/wp-json\/wp\/v2\/posts\/3427","targetHints":{"allow":["GET"]}}],"collection":[{"href":"https:\/\/www.ufsm.br\/unidades-universitarias\/cachoeira-do-sul\/wp-json\/wp\/v2\/posts"}],"about":[{"href":"https:\/\/www.ufsm.br\/unidades-universitarias\/cachoeira-do-sul\/wp-json\/wp\/v2\/types\/post"}],"author":[{"embeddable":true,"href":"https:\/\/www.ufsm.br\/unidades-universitarias\/cachoeira-do-sul\/wp-json\/wp\/v2\/users\/293"}],"replies":[{"embeddable":true,"href":"https:\/\/www.ufsm.br\/unidades-universitarias\/cachoeira-do-sul\/wp-json\/wp\/v2\/comments?post=3427"}],"version-history":[{"count":0,"href":"https:\/\/www.ufsm.br\/unidades-universitarias\/cachoeira-do-sul\/wp-json\/wp\/v2\/posts\/3427\/revisions"}],"wp:featuredmedia":[{"embeddable":true,"href":"https:\/\/www.ufsm.br\/unidades-universitarias\/cachoeira-do-sul\/wp-json\/wp\/v2\/media\/3428"}],"wp:attachment":[{"href":"https:\/\/www.ufsm.br\/unidades-universitarias\/cachoeira-do-sul\/wp-json\/wp\/v2\/media?parent=3427"}],"wp:term":[{"taxonomy":"category","embeddable":true,"href":"https:\/\/www.ufsm.br\/unidades-universitarias\/cachoeira-do-sul\/wp-json\/wp\/v2\/categories?post=3427"},{"taxonomy":"post_tag","embeddable":true,"href":"https:\/\/www.ufsm.br\/unidades-universitarias\/cachoeira-do-sul\/wp-json\/wp\/v2\/tags?post=3427"}],"curies":[{"name":"wp","href":"https:\/\/api.w.org\/{rel}","templated":true}]}}