{"id":3452,"date":"2022-01-05T16:18:47","date_gmt":"2022-01-05T19:18:47","guid":{"rendered":"https:\/\/www.ufsm.br\/unidades-universitarias\/cachoeira-do-sul\/?p=3452"},"modified":"2022-01-05T16:18:49","modified_gmt":"2022-01-05T19:18:49","slug":"luciano-schuch-toma-posse-como-reitor-da-ufsm-na-tarde-de-hoje-05","status":"publish","type":"post","link":"https:\/\/www.ufsm.br\/unidades-universitarias\/cachoeira-do-sul\/2022\/01\/05\/luciano-schuch-toma-posse-como-reitor-da-ufsm-na-tarde-de-hoje-05","title":{"rendered":"Luciano Schuch toma posse como Reitor da UFSM na tarde de hoje (05)"},"content":{"rendered":"\n<p>O professor Luciano Schuch tomar\u00e1 posse como Reitor da Universidade Federal de Santa Maria, em solenidade virtual, com o Ministro da Educa\u00e7\u00e3o, na tarde de hoje (05), \u00e0s 18 horas. O evento pode ser acompanhado atrav\u00e9s do\u00a0<a href=\"https:\/\/www.facebook.com\/GabineteReitorUfsm\" target=\"_blank\" rel=\"noopener\">Facebook do Gabinete do Reitor<\/a>.\u00a0\u00a0<\/p>\n<p>O ministro era esperado em Santa Maria no s\u00e1bado, dia 08. No entanto, em virtude da altera\u00e7\u00e3o na agenda ministerial, Milton Ribeiro n\u00e3o poder\u00e1 participar da cerim\u00f4nia presencial.\u00a0<\/p>\n<p>A transmiss\u00e3o do cargo de Reitor fica mantida no dia 8 de janeiro, \u00e0s 10 horas, no pr\u00e9dio 9F, momento em que tomar\u00e1 posse a vice-reitora, Martha Adaime, e a equipe que acompanhar\u00e1 Luciano Schuch na gest\u00e3o da Universidade pelos pr\u00f3ximos quatro anos.\u00a0<\/p>\n<p>A\u00a0<a href=\"https:\/\/www.ufsm.br\/2021\/12\/24\/luciano-schuch-e-nomeado-reitor-da-ufsm\/\">nomea\u00e7\u00e3o de Schuch<\/a>\u00a0para seguir \u00e0 frente da Universidade j\u00e1 havia sido publicada no \u00faltimo dia 24 de dezembro de 2021.<\/p>\n<p>\u00a0<\/p>\n<p><em>Texto: Assessoria de Comunica\u00e7\u00e3o do Gabinete do Reitor<\/em><\/p>\n","protected":false},"excerpt":{"rendered":"<p>Schuch estar\u00e1 a frente da Institui\u00e7\u00e3o entre 2022 e 2025<\/p>\n","protected":false},"author":293,"featured_media":0,"comment_status":"closed","ping_status":"closed","sticky":false,"template":"","format":"standard","meta":{"footnotes":""},"categories":[1],"tags":[],"class_list":["post-3452","post","type-post","status-publish","format-standard","hentry","category-noticias"],"acf":[],"_links":{"self":[{"href":"https:\/\/www.ufsm.br\/unidades-universitarias\/cachoeira-do-sul\/wp-json\/wp\/v2\/posts\/3452","targetHints":{"allow":["GET"]}}],"collection":[{"href":"https:\/\/www.ufsm.br\/unidades-universitarias\/cachoeira-do-sul\/wp-json\/wp\/v2\/posts"}],"about":[{"href":"https:\/\/www.ufsm.br\/unidades-universitarias\/cachoeira-do-sul\/wp-json\/wp\/v2\/types\/post"}],"author":[{"embeddable":true,"href":"https:\/\/www.ufsm.br\/unidades-universitarias\/cachoeira-do-sul\/wp-json\/wp\/v2\/users\/293"}],"replies":[{"embeddable":true,"href":"https:\/\/www.ufsm.br\/unidades-universitarias\/cachoeira-do-sul\/wp-json\/wp\/v2\/comments?post=3452"}],"version-history":[{"count":0,"href":"https:\/\/www.ufsm.br\/unidades-universitarias\/cachoeira-do-sul\/wp-json\/wp\/v2\/posts\/3452\/revisions"}],"wp:attachment":[{"href":"https:\/\/www.ufsm.br\/unidades-universitarias\/cachoeira-do-sul\/wp-json\/wp\/v2\/media?parent=3452"}],"wp:term":[{"taxonomy":"category","embeddable":true,"href":"https:\/\/www.ufsm.br\/unidades-universitarias\/cachoeira-do-sul\/wp-json\/wp\/v2\/categories?post=3452"},{"taxonomy":"post_tag","embeddable":true,"href":"https:\/\/www.ufsm.br\/unidades-universitarias\/cachoeira-do-sul\/wp-json\/wp\/v2\/tags?post=3452"}],"curies":[{"name":"wp","href":"https:\/\/api.w.org\/{rel}","templated":true}]}}