{"id":3454,"date":"2022-01-06T14:14:27","date_gmt":"2022-01-06T17:14:27","guid":{"rendered":"https:\/\/www.ufsm.br\/unidades-universitarias\/cachoeira-do-sul\/?p=3454"},"modified":"2022-01-06T14:14:28","modified_gmt":"2022-01-06T17:14:28","slug":"diretores-da-ufsm-cs-realizam-visita-a-camara-de-vereadores","status":"publish","type":"post","link":"https:\/\/www.ufsm.br\/unidades-universitarias\/cachoeira-do-sul\/2022\/01\/06\/diretores-da-ufsm-cs-realizam-visita-a-camara-de-vereadores","title":{"rendered":"Diretores da UFSM-CS realizam visita \u00e0 C\u00e2mara de Vereadores"},"content":{"rendered":"\n<p>O diretor da UFSM &#8211; Cachoeira do Sul Prof. Anderson Dal Molin e o vice-diretor Prof. Giovani Zabot fizeram uma visita ao Presidente da C\u00e2mara de Vereadores de Cachoeira do Sul, Nelson Azevedo, na manh\u00e3 desta quinta-feira (6). Os diretores aproveitaram o encontro para apresentar a nova gest\u00e3o do campus da UFSM. Na oportunidade, o vereador Azevedo se colocou \u00e0 disposi\u00e7\u00e3o para auxiliar no projeto de revitaliza\u00e7\u00e3o da Estrada da Ferreira, rodovia que liga a cidade e o campus da universidade.<\/p>\n<figure id=\"attachment_3455\" aria-describedby=\"caption-attachment-3455\" style=\"width: 300px\" class=\"wp-caption aligncenter\"><a href=\"https:\/\/www.ufsm.br\/app\/uploads\/sites\/376\/2022\/01\/2022.jan_.06-Diretores-visitam-Camara-de-Vereadores.-Foto-Imprensa-Camara-de-Vereadores.jpg\"><img fetchpriority=\"high\" decoding=\"async\" class=\"wp-image-3455 size-medium\" src=\"https:\/\/www.ufsm.br\/app\/uploads\/sites\/376\/2022\/01\/2022.jan_.06-Diretores-visitam-Camara-de-Vereadores.-Foto-Imprensa-Camara-de-Vereadores-300x200.jpg\" alt=\"\" width=\"300\" height=\"200\" srcset=\"https:\/\/www.ufsm.br\/app\/uploads\/sites\/376\/2022\/01\/2022.jan_.06-Diretores-visitam-Camara-de-Vereadores.-Foto-Imprensa-Camara-de-Vereadores-300x200.jpg 300w, https:\/\/www.ufsm.br\/app\/uploads\/sites\/376\/2022\/01\/2022.jan_.06-Diretores-visitam-Camara-de-Vereadores.-Foto-Imprensa-Camara-de-Vereadores-1024x683.jpg 1024w, https:\/\/www.ufsm.br\/app\/uploads\/sites\/376\/2022\/01\/2022.jan_.06-Diretores-visitam-Camara-de-Vereadores.-Foto-Imprensa-Camara-de-Vereadores-768x512.jpg 768w, https:\/\/www.ufsm.br\/app\/uploads\/sites\/376\/2022\/01\/2022.jan_.06-Diretores-visitam-Camara-de-Vereadores.-Foto-Imprensa-Camara-de-Vereadores-1536x1025.jpg 1536w, https:\/\/www.ufsm.br\/app\/uploads\/sites\/376\/2022\/01\/2022.jan_.06-Diretores-visitam-Camara-de-Vereadores.-Foto-Imprensa-Camara-de-Vereadores-272x182.jpg 272w, https:\/\/www.ufsm.br\/app\/uploads\/sites\/376\/2022\/01\/2022.jan_.06-Diretores-visitam-Camara-de-Vereadores.-Foto-Imprensa-Camara-de-Vereadores.jpg 1920w\" sizes=\"(max-width: 300px) 100vw, 300px\" \/><\/a><figcaption id=\"caption-attachment-3455\" class=\"wp-caption-text\">Anderson Dal Molin, Nelson Azevedo e Giovani Zabot. Foto: Imprensa da C\u00e2mara de Vereadores.<\/figcaption><\/figure>\n","protected":false},"excerpt":{"rendered":"<p>O diretor da UFSM &#8211; Cachoeira do Sul Prof. Anderson Dal Molin e o vice-diretor Prof. Giovani Zabot fizeram uma visita ao Presidente da C\u00e2mara de Vereadores de Cachoeira do Sul, Nelson Azevedo, na manh\u00e3 desta quinta-feira (6). Os diretores aproveitaram o encontro para apresentar a nova gest\u00e3o do campus da UFSM. Na oportunidade, o [&hellip;]<\/p>\n","protected":false},"author":293,"featured_media":0,"comment_status":"closed","ping_status":"closed","sticky":false,"template":"","format":"standard","meta":{"footnotes":""},"categories":[1],"tags":[],"class_list":["post-3454","post","type-post","status-publish","format-standard","hentry","category-noticias"],"acf":[],"_links":{"self":[{"href":"https:\/\/www.ufsm.br\/unidades-universitarias\/cachoeira-do-sul\/wp-json\/wp\/v2\/posts\/3454","targetHints":{"allow":["GET"]}}],"collection":[{"href":"https:\/\/www.ufsm.br\/unidades-universitarias\/cachoeira-do-sul\/wp-json\/wp\/v2\/posts"}],"about":[{"href":"https:\/\/www.ufsm.br\/unidades-universitarias\/cachoeira-do-sul\/wp-json\/wp\/v2\/types\/post"}],"author":[{"embeddable":true,"href":"https:\/\/www.ufsm.br\/unidades-universitarias\/cachoeira-do-sul\/wp-json\/wp\/v2\/users\/293"}],"replies":[{"embeddable":true,"href":"https:\/\/www.ufsm.br\/unidades-universitarias\/cachoeira-do-sul\/wp-json\/wp\/v2\/comments?post=3454"}],"version-history":[{"count":0,"href":"https:\/\/www.ufsm.br\/unidades-universitarias\/cachoeira-do-sul\/wp-json\/wp\/v2\/posts\/3454\/revisions"}],"wp:attachment":[{"href":"https:\/\/www.ufsm.br\/unidades-universitarias\/cachoeira-do-sul\/wp-json\/wp\/v2\/media?parent=3454"}],"wp:term":[{"taxonomy":"category","embeddable":true,"href":"https:\/\/www.ufsm.br\/unidades-universitarias\/cachoeira-do-sul\/wp-json\/wp\/v2\/categories?post=3454"},{"taxonomy":"post_tag","embeddable":true,"href":"https:\/\/www.ufsm.br\/unidades-universitarias\/cachoeira-do-sul\/wp-json\/wp\/v2\/tags?post=3454"}],"curies":[{"name":"wp","href":"https:\/\/api.w.org\/{rel}","templated":true}]}}