{"id":3485,"date":"2022-02-11T13:52:38","date_gmt":"2022-02-11T16:52:38","guid":{"rendered":"https:\/\/www.ufsm.br\/unidades-universitarias\/cachoeira-do-sul\/?p=3485"},"modified":"2022-02-11T13:52:39","modified_gmt":"2022-02-11T16:52:39","slug":"nota-de-pesar-falecimento-do-estudante-haryel-scheffel-plate","status":"publish","type":"post","link":"https:\/\/www.ufsm.br\/unidades-universitarias\/cachoeira-do-sul\/2022\/02\/11\/nota-de-pesar-falecimento-do-estudante-haryel-scheffel-plate","title":{"rendered":"Nota de pesar: falecimento do estudante Haryel Scheffel Plate"},"content":{"rendered":"\n<div class=\"kvgmc6g5 cxmmr5t8 oygrvhab hcukyx3x c1et5uql ii04i59q\">\n<div dir=\"auto\">A UFSM-CS comunica, com imenso pesar, o falecimento do estudante de Engenharia Agr\u00edcola Haryel Scheffel Plate.<\/div>\n<\/div>\n<div dir=\"auto\">\u00a0<\/div>\n<div dir=\"auto\">O vel\u00f3rio ter\u00e1 in\u00edcio \u00e0s 14h, na Capela A da Funer\u00e1ria Valmarques, na Rua Sen. Pinheiro Machado, 115 (em frente ao HCB). O enterro ser\u00e1 \u00e0s 17h de hoje (11), no Cemit\u00e9rio Municipal de Cachoeira do Sul.<\/div>\n<div dir=\"auto\">\u00a0<\/div>\n<div class=\"cxmmr5t8 oygrvhab hcukyx3x c1et5uql o9v6fnle ii04i59q\">\n<div dir=\"auto\">A comunidade da UFSM &#8211; Cachoeira do Sul presta os mais sinceros sentimentos aos familiares, colegas e amigos.<\/div>\n<\/div>\n","protected":false},"excerpt":{"rendered":"<p>A UFSM-CS comunica, com imenso pesar, o falecimento do estudante de Engenharia Agr\u00edcola Haryel Scheffel Plate. \u00a0 O vel\u00f3rio ter\u00e1 in\u00edcio \u00e0s 14h, na Capela A da Funer\u00e1ria Valmarques, na Rua Sen. Pinheiro Machado, 115 (em frente ao HCB). O enterro ser\u00e1 \u00e0s 17h de hoje (11), no Cemit\u00e9rio Municipal de Cachoeira do Sul. \u00a0 [&hellip;]<\/p>\n","protected":false},"author":293,"featured_media":0,"comment_status":"closed","ping_status":"closed","sticky":false,"template":"","format":"standard","meta":{"footnotes":""},"categories":[1],"tags":[],"class_list":["post-3485","post","type-post","status-publish","format-standard","hentry","category-noticias"],"acf":[],"_links":{"self":[{"href":"https:\/\/www.ufsm.br\/unidades-universitarias\/cachoeira-do-sul\/wp-json\/wp\/v2\/posts\/3485","targetHints":{"allow":["GET"]}}],"collection":[{"href":"https:\/\/www.ufsm.br\/unidades-universitarias\/cachoeira-do-sul\/wp-json\/wp\/v2\/posts"}],"about":[{"href":"https:\/\/www.ufsm.br\/unidades-universitarias\/cachoeira-do-sul\/wp-json\/wp\/v2\/types\/post"}],"author":[{"embeddable":true,"href":"https:\/\/www.ufsm.br\/unidades-universitarias\/cachoeira-do-sul\/wp-json\/wp\/v2\/users\/293"}],"replies":[{"embeddable":true,"href":"https:\/\/www.ufsm.br\/unidades-universitarias\/cachoeira-do-sul\/wp-json\/wp\/v2\/comments?post=3485"}],"version-history":[{"count":0,"href":"https:\/\/www.ufsm.br\/unidades-universitarias\/cachoeira-do-sul\/wp-json\/wp\/v2\/posts\/3485\/revisions"}],"wp:attachment":[{"href":"https:\/\/www.ufsm.br\/unidades-universitarias\/cachoeira-do-sul\/wp-json\/wp\/v2\/media?parent=3485"}],"wp:term":[{"taxonomy":"category","embeddable":true,"href":"https:\/\/www.ufsm.br\/unidades-universitarias\/cachoeira-do-sul\/wp-json\/wp\/v2\/categories?post=3485"},{"taxonomy":"post_tag","embeddable":true,"href":"https:\/\/www.ufsm.br\/unidades-universitarias\/cachoeira-do-sul\/wp-json\/wp\/v2\/tags?post=3485"}],"curies":[{"name":"wp","href":"https:\/\/api.w.org\/{rel}","templated":true}]}}