{"id":3493,"date":"2022-02-18T14:28:56","date_gmt":"2022-02-18T17:28:56","guid":{"rendered":"https:\/\/www.ufsm.br\/unidades-universitarias\/cachoeira-do-sul\/?p=3493"},"modified":"2022-02-18T14:28:58","modified_gmt":"2022-02-18T17:28:58","slug":"inscricoes-no-sisu-ufsm-2022-1o-semestre-devem-ser-realizadas-ate-18-de-fevereiro","status":"publish","type":"post","link":"https:\/\/www.ufsm.br\/unidades-universitarias\/cachoeira-do-sul\/2022\/02\/18\/inscricoes-no-sisu-ufsm-2022-1o-semestre-devem-ser-realizadas-ate-18-de-fevereiro","title":{"rendered":"Inscri\u00e7\u00f5es no SiSU UFSM 2022\/1\u00ba Semestre devem ser realizadas at\u00e9 18 de fevereiro"},"content":{"rendered":"\n<p>A\u00a0<strong>Universidade Federal de Santa Maria<\/strong>\u00a0publicou, nesta quarta-feira (16), o\u00a0<a href=\"https:\/\/www.ufsm.br\/pro-reitorias\/prograd\/sisu\/editais\/006-2022\/\" target=\"_blank\" rel=\"noreferrer noopener\"><strong>Edital 006\/2022-Prograd<\/strong><\/a>, referente \u00e0\u00a0<strong>Chamada Regular do Sistema de Sele\u00e7\u00e3o Unificada (SiSU\/UFSM)<\/strong>\u00a0para o primeiro semestre letivo.<\/p>\n<p>O Edital visa ao preenchimento de 3.416 vagas em 89 cursos de gradua\u00e7\u00e3o presenciais da UFSM, distribu\u00eddos no campus sede (em Santa Maria) e nos campi descentralizados de Cachoeira do Sul, Frederico Westphalen e Palmeira das Miss\u00f5es.<\/p>\n<p>As inscri\u00e7\u00f5es seguem abertas at\u00e9 o dia<strong>\u00a018 de fevereiro, \u00e0s 23 horas e 59 minutos<\/strong>, na p\u00e1gina\u00a0<a href=\"http:\/\/sisu.mec.gov.br\/\" target=\"_blank\" rel=\"noreferrer noopener\"><strong>sisu.mec.gov.br<\/strong><\/a>. Pode concorrer quem realizou o\u00a0<strong>Exame Nacional do Ensino M\u00e9dio (Enem)<\/strong>\u00a0referente ao ano de<strong>\u00a02021<\/strong>, exceto as pessoas que zeraram a reda\u00e7\u00e3o ou que se inscreveram na condi\u00e7\u00e3o de \u201ctreineiro\u201d.<\/p>\n<p>De 15 a 18 de fevereiro, os(as) candidatos(as) poder\u00e3o escolher at\u00e9 dois cursos, da mesma institui\u00e7\u00e3o ou de institui\u00e7\u00f5es diferentes, dentre aquelas participantes do SiSU. Diariamente, o sistema divulgar\u00e1 a\u00a0<strong>nota de corte<\/strong>\u00a0de cada curso e cota, dando ao(\u00e0) candidato(a) uma no\u00e7\u00e3o sobre suas chances de classifica\u00e7\u00e3o.<\/p>\n<p><strong>Cotas e Ampla Concorr\u00eancia<\/strong><br \/><br \/>No momento da inscri\u00e7\u00e3o, o(a) candidato poder\u00e1 optar pelo\u00a0<strong>sistema de cotas<\/strong>\u00a0(destinado a quem cursou integralmente o Ensino M\u00e9dio em escolas p\u00fablicas) ou optar pela<strong>\u00a0ampla concorr\u00eancia<\/strong>\u00a0(caso n\u00e3o se enquadre nas cotas ou n\u00e3o queira concorrer por meio delas).<\/p>\n<p>Cabe \u00e0 pessoa inscrita providenciar previamente a\u00a0<strong>documenta\u00e7\u00e3o geral<\/strong>, que ser\u00e1 exigida de todos(as) os(as) classificados(as), conforme cronograma do edital. As pessoas classificadas que concorrerem por cota tamb\u00e9m dever\u00e3o providenciar a\u00a0<strong>documenta\u00e7\u00e3o espec\u00edfica<\/strong>, a fim de comprovar as condi\u00e7\u00f5es relativas \u00e0 sua cota.<\/p>\n<p>N\u00e3o h\u00e1 migra\u00e7\u00e3o de cota do(a) candidato(a), caso ele(a) seja indeferido(a) no per\u00edodo de Confirma\u00e7\u00e3o de Vaga e Matr\u00edcula, o que pode ocasionar a\u00a0<strong>perda definitiva da vaga<\/strong>. Por isso, a Pr\u00f3-Reitoria de Gradua\u00e7\u00e3o (Prograd) recomenda aten\u00e7\u00e3o na escolha da cota e na separa\u00e7\u00e3o de documentos, desde o momento da inscri\u00e7\u00e3o.<\/p>\n<p>O\u00a0<a href=\"https:\/\/www.ufsm.br\/pro-reitorias\/prograd\/sisu\/editais\/006-2022\/\" target=\"_blank\" rel=\"noreferrer noopener\"><strong>Edital 006\/2022-Prograd<\/strong><\/a>, que pode ser acessado em\u00a0<a href=\"https:\/\/ufsm.br\/sisu\" target=\"_blank\" rel=\"noreferrer noopener\"><strong>ufsm.br\/sisu<\/strong><\/a>, traz todas as instru\u00e7\u00f5es e modelos documentais referentes \u00e0 ampla concorr\u00eancia, \u00e0s cotas socioecon\u00f4micas, \u00e9tnico-raciais e \u00e0s cotas destinadas a pessoas com defici\u00eancia.<\/p>\n<p>O Edital traz tamb\u00e9m, em seu ap\u00eandice, links \u00fateis para auxiliar os(as) candidatos(as), como\u00a0<strong>simulador de cotas, d\u00favidas frequentes e dificuldades mais comuns<\/strong>.<\/p>\n<p><br \/><strong>Confirma\u00e7\u00e3o de Vaga e Matr\u00edcula<\/strong><\/p>\n<p>A publica\u00e7\u00e3o da lista de pessoas classificadas na Chamada Regular est\u00e1 prevista para o dia\u00a0<strong>22 de fevereiro<\/strong>\u00a0em\u00a0<a href=\"https:\/\/sisu.mec.gov.br\/\" target=\"_blank\" rel=\"noreferrer noopener\"><strong>sisu.mec.gov.br<\/strong><\/a>.<\/p>\n<p>A confirma\u00e7\u00e3o de vaga dever\u00e1 ser feita\u00a0<strong>entre 23 de fevereiro e 08 de mar\u00e7o<\/strong>, por meio do envio da documenta\u00e7\u00e3o digitalizada no\u00a0<a href=\"https:\/\/portal.ufsm.br\/confirmacao\/loginCandidato.html\" target=\"_blank\" rel=\"noreferrer noopener\"><strong>Portal de Confirma\u00e7\u00e3o de Vaga da UFSM<\/strong><\/a>, de acordo com orienta\u00e7\u00f5es do Edital.\u00a0<\/p>\n<p>Em\u00a0<strong>09 de mar\u00e7o<\/strong>, ser\u00e1 publicado o\u00a0<strong>cronograma de webconfer\u00eancias obrigat\u00f3rias<\/strong>\u00a0via Google Meet, a serem realizadas pelos(as) candidatos(as) classificados(as) nas\u00a0<strong>cotas \u00e9tnico-raciais e\/ou destinadas a pessoas com defici\u00eancia<\/strong>\u00a0(c\u00f3digos L2, L6, L9, L10, L13 ou L14).<\/p>\n<p>Ap\u00f3s o envio dos documentos e realiza\u00e7\u00e3o de webconfer\u00eancia (se a cota exigir), as pessoas classificadas na Chamada Regular dever\u00e3o aguardar e-mail da UFSM informando o\u00a0<strong>deferimento<\/strong>\u00a0(e o n\u00famero de matr\u00edcula) ou informando o\u00a0<strong>indeferimento<\/strong>\u00a0(dando breve prazo para complementa\u00e7\u00e3o de documenta\u00e7\u00e3o ou informa\u00e7\u00f5es).<\/p>\n<p><br \/><strong>Lista de Espera e Chamada Oral On-line<\/strong><\/p>\n<p>Candidatos(as) da Chamada Regular que\u00a0<strong>n\u00e3o<\/strong>\u00a0forem selecionados em sua primeira ou em sua segunda op\u00e7\u00e3o de curso dever\u00e3o manifestar interesse em participar da\u00a0<strong>Lista de Espera<\/strong>, caso queiram continuar concorrendo \u00e0s vagas.<\/p>\n<p>A inscri\u00e7\u00e3o dever\u00e1 ser realizada\u00a0<strong>de 22 de fevereiro a 08 de mar\u00e7o<\/strong>\u00a0no site\u00a0<a href=\"http:\/\/sisu.mec.gov.br\/\" target=\"_blank\" rel=\"noreferrer noopener\"><strong>sisu.mec.gov.br<\/strong><\/a>.<\/p>\n<p>Posteriormente, a UFSM lan\u00e7ar\u00e1, no site\u00a0<a href=\"https:\/\/ufsm.br\/sisu\" target=\"_blank\" rel=\"noreferrer noopener\"><strong>ufsm.br\/sisu<\/strong><\/a>, o\u00a0<strong>Edital da Primeira Chamada Oral On-line da Lista de Espera<\/strong>, com o quadro de vagas, a lista de inscritos e as instru\u00e7\u00f5es para realiza\u00e7\u00e3o da Habilita\u00e7\u00e3o \u00e0s vagas pelos(as) candidatos(as).<\/p>\n<p>A\u00a0<strong>Habilita\u00e7\u00e3o<\/strong>\u00a0consiste no envio da documenta\u00e7\u00e3o digitalizada no\u00a0<a href=\"https:\/\/portal.ufsm.br\/confirmacao\/loginCandidato.html\" target=\"_blank\" rel=\"noreferrer noopener\"><strong>Portal de Confirma\u00e7\u00e3o de Vaga da UFSM<\/strong><\/a>, dentro do prazo indicado no respectivo Edital.<\/p>\n<p>De acordo com o n\u00famero de vagas por curso e cota, em ordem decrescente de pontua\u00e7\u00e3o, os(as) candidatos(as) habilitados(as) que tiverem seu nome citado na sess\u00e3o p\u00fablica de leitura ter\u00e3o sua documenta\u00e7\u00e3o analisada pela Comiss\u00e3o de Ingresso Acad\u00eamico. Estes(as) candidatos(as) dever\u00e3o aguardar e-mail informando o\u00a0<strong>deferimento<\/strong>\u00a0(com n\u00famero de matr\u00edcula) ou o\u00a0<strong>indeferimento<\/strong>\u00a0(dando breve prazo para complementa\u00e7\u00e3o de informa\u00e7\u00f5es ou documentos).\u00a0\u00a0<\/p>\n<p>Outras informa\u00e7\u00f5es a respeito do SiSU podem ser obtidas no\u00a0<a href=\"https:\/\/www.ufsm.br\/app\/uploads\/sites\/501\/2022\/02\/Guia-SISU-na-UFSM.pdf\" target=\"_blank\" rel=\"noreferrer noopener\"><strong>Guia SiSU UFSM<\/strong><\/a>\u00a0ou solicitadas ao email\u00a0<a class=\"notranslate\" href=\"mailto:copa.sisu@ufsm.br\"><strong>copa.sisu@ufsm.br<\/strong><\/a>\u00a0e \u00e0 p\u00e1gina\u00a0<a href=\"https:\/\/www.facebook.com\/confirmacaodevagaUFSM\/\" target=\"_blank\" rel=\"noreferrer noopener\"><strong>Confirma\u00e7\u00e3o de Vaga \u2013 UFSM<\/strong><\/a>\u00a0no Facebook.<\/p>\n","protected":false},"excerpt":{"rendered":"<p>Edital 006\/2022-Prograd traz orienta\u00e7\u00f5es e modelos documentais aos(\u00e0s) candidatos(as) do SiSU<\/p>\n","protected":false},"author":293,"featured_media":3494,"comment_status":"closed","ping_status":"closed","sticky":false,"template":"","format":"standard","meta":{"footnotes":""},"categories":[21,1],"tags":[],"class_list":["post-3493","post","type-post","status-publish","format-standard","has-post-thumbnail","hentry","category-banner","category-noticias"],"acf":[],"_links":{"self":[{"href":"https:\/\/www.ufsm.br\/unidades-universitarias\/cachoeira-do-sul\/wp-json\/wp\/v2\/posts\/3493","targetHints":{"allow":["GET"]}}],"collection":[{"href":"https:\/\/www.ufsm.br\/unidades-universitarias\/cachoeira-do-sul\/wp-json\/wp\/v2\/posts"}],"about":[{"href":"https:\/\/www.ufsm.br\/unidades-universitarias\/cachoeira-do-sul\/wp-json\/wp\/v2\/types\/post"}],"author":[{"embeddable":true,"href":"https:\/\/www.ufsm.br\/unidades-universitarias\/cachoeira-do-sul\/wp-json\/wp\/v2\/users\/293"}],"replies":[{"embeddable":true,"href":"https:\/\/www.ufsm.br\/unidades-universitarias\/cachoeira-do-sul\/wp-json\/wp\/v2\/comments?post=3493"}],"version-history":[{"count":0,"href":"https:\/\/www.ufsm.br\/unidades-universitarias\/cachoeira-do-sul\/wp-json\/wp\/v2\/posts\/3493\/revisions"}],"wp:featuredmedia":[{"embeddable":true,"href":"https:\/\/www.ufsm.br\/unidades-universitarias\/cachoeira-do-sul\/wp-json\/wp\/v2\/media\/3494"}],"wp:attachment":[{"href":"https:\/\/www.ufsm.br\/unidades-universitarias\/cachoeira-do-sul\/wp-json\/wp\/v2\/media?parent=3493"}],"wp:term":[{"taxonomy":"category","embeddable":true,"href":"https:\/\/www.ufsm.br\/unidades-universitarias\/cachoeira-do-sul\/wp-json\/wp\/v2\/categories?post=3493"},{"taxonomy":"post_tag","embeddable":true,"href":"https:\/\/www.ufsm.br\/unidades-universitarias\/cachoeira-do-sul\/wp-json\/wp\/v2\/tags?post=3493"}],"curies":[{"name":"wp","href":"https:\/\/api.w.org\/{rel}","templated":true}]}}