{"id":3501,"date":"2022-03-09T10:12:51","date_gmt":"2022-03-09T13:12:51","guid":{"rendered":"https:\/\/www.ufsm.br\/unidades-universitarias\/cachoeira-do-sul\/?p=3501"},"modified":"2022-03-09T10:17:39","modified_gmt":"2022-03-09T13:17:39","slug":"ufsm-cs-recebe-visita-do-pro-reitor-de-planejamento","status":"publish","type":"post","link":"https:\/\/www.ufsm.br\/unidades-universitarias\/cachoeira-do-sul\/2022\/03\/09\/ufsm-cs-recebe-visita-do-pro-reitor-de-planejamento","title":{"rendered":"UFSM-CS recebe visita do pr\u00f3-reitor de Planejamento"},"content":{"rendered":"\n<p>O pr\u00f3-reitor de Planejamento da UFSM, prof. Rafael Lazzari, esteve, na tarde desta ter\u00e7a-feira (8), em visita ao campus de Cachoeira do Sul. Acompanhado pelo diretor prof. Anderson Dal Molin, pelo vice-diretor prof. Giovani Zabot e pelo coordenador administrativo J\u00falio Modesto da Silva, o pr\u00f3-reitor conheceu as instala\u00e7\u00f5es da UFSM-CS e conversou sobre as demandas do campus.<\/p>\n<p>Entre as pautas levadas ao prof. Rafael Lazzari est\u00e3o: recursos financeiros para o campus, melhorias na infraestrutura e suporte para assist\u00eancia estudantil.\u00a0<\/p>\n<p>\u00a0<\/p>\n<figure id=\"attachment_3502\" aria-describedby=\"caption-attachment-3502\" style=\"width: 500px\" class=\"wp-caption aligncenter\"><a href=\"https:\/\/www.ufsm.br\/app\/uploads\/sites\/376\/2022\/03\/Visita-Rafael-Proplan-08.03.2022-foto-arquivo-pessoal-do-Prof.-Rafael-Lazzari.jpg\"><img fetchpriority=\"high\" decoding=\"async\" class=\"wp-image-3502\" src=\"https:\/\/www.ufsm.br\/app\/uploads\/sites\/376\/2022\/03\/Visita-Rafael-Proplan-08.03.2022-foto-arquivo-pessoal-do-Prof.-Rafael-Lazzari-300x224.jpg\" alt=\"\" width=\"500\" height=\"374\" srcset=\"https:\/\/www.ufsm.br\/app\/uploads\/sites\/376\/2022\/03\/Visita-Rafael-Proplan-08.03.2022-foto-arquivo-pessoal-do-Prof.-Rafael-Lazzari-300x224.jpg 300w, https:\/\/www.ufsm.br\/app\/uploads\/sites\/376\/2022\/03\/Visita-Rafael-Proplan-08.03.2022-foto-arquivo-pessoal-do-Prof.-Rafael-Lazzari.jpg 720w\" sizes=\"(max-width: 500px) 100vw, 500px\" \/><\/a><figcaption id=\"caption-attachment-3502\" class=\"wp-caption-text\"><strong>Visita do pr\u00f3-reitor de Planejamento \u00e0 UFSM-CS. Da direita para a esquerda: vice-diretor prof. Giovani Zabot, pr\u00f3-reitor prof. Rafael Lazzari, coord. administrativo J\u00falio Modesto da Silva e diretor prof. Anderson Dal Molin. Foto: acervo pessoal de Rafael Lazzari.<\/strong><\/figcaption><\/figure>\n","protected":false},"excerpt":{"rendered":"<p>O pr\u00f3-reitor de Planejamento da UFSM, prof. Rafael Lazzari, esteve, na tarde desta ter\u00e7a-feira (8), em visita ao campus de Cachoeira do Sul. Acompanhado pelo diretor prof. Anderson Dal Molin, pelo vice-diretor prof. Giovani Zabot e pelo coordenador administrativo J\u00falio Modesto da Silva, o pr\u00f3-reitor conheceu as instala\u00e7\u00f5es da UFSM-CS e conversou sobre as demandas [&hellip;]<\/p>\n","protected":false},"author":293,"featured_media":0,"comment_status":"closed","ping_status":"closed","sticky":false,"template":"","format":"standard","meta":{"footnotes":""},"categories":[1],"tags":[],"class_list":["post-3501","post","type-post","status-publish","format-standard","hentry","category-noticias"],"acf":[],"_links":{"self":[{"href":"https:\/\/www.ufsm.br\/unidades-universitarias\/cachoeira-do-sul\/wp-json\/wp\/v2\/posts\/3501","targetHints":{"allow":["GET"]}}],"collection":[{"href":"https:\/\/www.ufsm.br\/unidades-universitarias\/cachoeira-do-sul\/wp-json\/wp\/v2\/posts"}],"about":[{"href":"https:\/\/www.ufsm.br\/unidades-universitarias\/cachoeira-do-sul\/wp-json\/wp\/v2\/types\/post"}],"author":[{"embeddable":true,"href":"https:\/\/www.ufsm.br\/unidades-universitarias\/cachoeira-do-sul\/wp-json\/wp\/v2\/users\/293"}],"replies":[{"embeddable":true,"href":"https:\/\/www.ufsm.br\/unidades-universitarias\/cachoeira-do-sul\/wp-json\/wp\/v2\/comments?post=3501"}],"version-history":[{"count":0,"href":"https:\/\/www.ufsm.br\/unidades-universitarias\/cachoeira-do-sul\/wp-json\/wp\/v2\/posts\/3501\/revisions"}],"wp:attachment":[{"href":"https:\/\/www.ufsm.br\/unidades-universitarias\/cachoeira-do-sul\/wp-json\/wp\/v2\/media?parent=3501"}],"wp:term":[{"taxonomy":"category","embeddable":true,"href":"https:\/\/www.ufsm.br\/unidades-universitarias\/cachoeira-do-sul\/wp-json\/wp\/v2\/categories?post=3501"},{"taxonomy":"post_tag","embeddable":true,"href":"https:\/\/www.ufsm.br\/unidades-universitarias\/cachoeira-do-sul\/wp-json\/wp\/v2\/tags?post=3501"}],"curies":[{"name":"wp","href":"https:\/\/api.w.org\/{rel}","templated":true}]}}