{"id":3516,"date":"2022-04-04T11:15:10","date_gmt":"2022-04-04T14:15:10","guid":{"rendered":"https:\/\/www.ufsm.br\/unidades-universitarias\/cachoeira-do-sul\/?p=3516"},"modified":"2022-04-04T11:20:46","modified_gmt":"2022-04-04T14:20:46","slug":"ufsm-cs-realiza-live-para-falar-sobre-o-retorno-presencial-das-nossas-atividades-academicas","status":"publish","type":"post","link":"https:\/\/www.ufsm.br\/unidades-universitarias\/cachoeira-do-sul\/2022\/04\/04\/ufsm-cs-realiza-live-para-falar-sobre-o-retorno-presencial-das-nossas-atividades-academicas","title":{"rendered":"UFSM-CS realiza live para falar sobre o retorno presencial das atividades acad\u00eamicas"},"content":{"rendered":"\n<p>Na pr\u00f3xima segunda-feira, dia 11\/04, o campus da UFSM em Cachoeira do Sul ir\u00e1 retomar suas atividades acad\u00eamicas presenciais. Por isso, est\u00e1 sendo preparada uma programa\u00e7\u00e3o especial para recepcionar os nossos estudantes. A primeira atividade ser\u00e1 a Live Pr\u00e9-calourada que tem como objetivo tirar d\u00favidas que possam surgir sobre este retorno.<\/p>\n<p>A transmiss\u00e3o acontecer\u00e1 amanh\u00e3, dia 05\/04, \u00e0s 10h, atrav\u00e9s <a href=\"https:\/\/www.youtube.com\/watch?v=J5ikOk31esE\">do canal da UFSM-CS no Youtube<\/a>, e contar\u00e1 com a participa\u00e7\u00e3o do Pr\u00f3-reitor de Gradua\u00e7\u00e3o Jer\u00f4nimo Tybusch, a Dire\u00e7\u00e3o do campus, a Coordena\u00e7\u00e3o Acad\u00eamica e a Comiss\u00e3o Setorial de Biosseguran\u00e7a da UFSM-CS (CBio-UFSMCS).\u00a0<\/p>\n<p>Os interessados j\u00e1 podem mandar suas d\u00favidas para o e-mail <a href=\"mailto:cs.comunicacao@ufsm.br\">cs.comunicacao@ufsm.br<\/a>.\u00a0<\/p>\n","protected":false},"excerpt":{"rendered":"<p>Na pr\u00f3xima segunda-feira, dia 11\/04, o campus da UFSM em Cachoeira do Sul ir\u00e1 retomar suas atividades acad\u00eamicas presenciais. Por isso, est\u00e1 sendo preparada uma programa\u00e7\u00e3o especial para recepcionar os nossos estudantes. A primeira atividade ser\u00e1 a Live Pr\u00e9-calourada que tem como objetivo tirar d\u00favidas que possam surgir sobre este retorno. A transmiss\u00e3o acontecer\u00e1 amanh\u00e3, [&hellip;]<\/p>\n","protected":false},"author":293,"featured_media":3517,"comment_status":"closed","ping_status":"closed","sticky":false,"template":"","format":"standard","meta":{"footnotes":""},"categories":[21,1],"tags":[],"class_list":["post-3516","post","type-post","status-publish","format-standard","has-post-thumbnail","hentry","category-banner","category-noticias"],"acf":[],"_links":{"self":[{"href":"https:\/\/www.ufsm.br\/unidades-universitarias\/cachoeira-do-sul\/wp-json\/wp\/v2\/posts\/3516","targetHints":{"allow":["GET"]}}],"collection":[{"href":"https:\/\/www.ufsm.br\/unidades-universitarias\/cachoeira-do-sul\/wp-json\/wp\/v2\/posts"}],"about":[{"href":"https:\/\/www.ufsm.br\/unidades-universitarias\/cachoeira-do-sul\/wp-json\/wp\/v2\/types\/post"}],"author":[{"embeddable":true,"href":"https:\/\/www.ufsm.br\/unidades-universitarias\/cachoeira-do-sul\/wp-json\/wp\/v2\/users\/293"}],"replies":[{"embeddable":true,"href":"https:\/\/www.ufsm.br\/unidades-universitarias\/cachoeira-do-sul\/wp-json\/wp\/v2\/comments?post=3516"}],"version-history":[{"count":0,"href":"https:\/\/www.ufsm.br\/unidades-universitarias\/cachoeira-do-sul\/wp-json\/wp\/v2\/posts\/3516\/revisions"}],"wp:featuredmedia":[{"embeddable":true,"href":"https:\/\/www.ufsm.br\/unidades-universitarias\/cachoeira-do-sul\/wp-json\/wp\/v2\/media\/3517"}],"wp:attachment":[{"href":"https:\/\/www.ufsm.br\/unidades-universitarias\/cachoeira-do-sul\/wp-json\/wp\/v2\/media?parent=3516"}],"wp:term":[{"taxonomy":"category","embeddable":true,"href":"https:\/\/www.ufsm.br\/unidades-universitarias\/cachoeira-do-sul\/wp-json\/wp\/v2\/categories?post=3516"},{"taxonomy":"post_tag","embeddable":true,"href":"https:\/\/www.ufsm.br\/unidades-universitarias\/cachoeira-do-sul\/wp-json\/wp\/v2\/tags?post=3516"}],"curies":[{"name":"wp","href":"https:\/\/api.w.org\/{rel}","templated":true}]}}