{"id":3532,"date":"2022-04-06T10:21:34","date_gmt":"2022-04-06T13:21:34","guid":{"rendered":"https:\/\/www.ufsm.br\/unidades-universitarias\/cachoeira-do-sul\/?p=3532"},"modified":"2022-04-06T10:21:35","modified_gmt":"2022-04-06T13:21:35","slug":"ufsm-divulga-edital-da-segunda-chamada-oral-do-sisu-2022-01","status":"publish","type":"post","link":"https:\/\/www.ufsm.br\/unidades-universitarias\/cachoeira-do-sul\/2022\/04\/06\/ufsm-divulga-edital-da-segunda-chamada-oral-do-sisu-2022-01","title":{"rendered":"UFSM divulga edital da segunda chamada oral do SiSU 2022\/01"},"content":{"rendered":"\n<p>A Universidade Federal de Santa Maria convoca todas as pessoas constantes da lista de espera do SiSU\/UFSM 2022\/01, dos campi de Cachoeira do Sul, Frederico Westphalen, Palmeira das Miss\u00f5es e Santa Maria, para participarem do processo de preenchimento das vagas n\u00e3o ocupadas do Processo Seletivo SiSU\/UFSM 2022\/01, atrav\u00e9s da segunda chamada oral on-line por classifica\u00e7\u00e3o geral.\u00a0<\/p>\n<p>O quadro de vagas dispon\u00edveis e a lista de espera da segunda chamada oral ser\u00e3o divulgados na quarta-feira (6), no site\u00a0<a href=\"https:\/\/www.ufsm.br\/pro-reitorias\/prograd\/sisu\/\" target=\"_blank\" rel=\"noopener\">ufsm.br\/sisu<\/a>.<\/p>\n<p>A habilita\u00e7\u00e3o \u00e0 segunda chamada poder\u00e1 ser feita de quarta (6) at\u00e9 11 de abril, no\u00a0<a href=\"https:\/\/portal.ufsm.br\/confirmacao\/loginCandidato.html\" target=\"_blank\" rel=\"noopener\">portal da confirma\u00e7\u00e3o<\/a>.<\/p>\n<p>A sess\u00e3o p\u00fablica de leitura da lista de pessoas classificadas na segunda chamada oral ser\u00e1 no dia 12 de abril, pelo\u00a0<a href=\"https:\/\/www.youtube.com\/channel\/UCXkWghN94WpTIpj0MOqn4tA\" target=\"_blank\" rel=\"noopener\">canal da Prograd no YouTube<\/a>.<\/p>\n<p>Todas as informa\u00e7\u00f5es referentes \u00e0 segunda chamada oral podem ser conferidas no\u00a0<a href=\"https:\/\/www.ufsm.br\/pro-reitorias\/prograd\/sisu\/editais\/016-2022\" target=\"_blank\" rel=\"noopener\">edital<\/a>.<\/p>\n","protected":false},"excerpt":{"rendered":"<p>Habilita\u00e7\u00e3o \u00e0 segunda chamada poder\u00e1 ser feita desta quarta-feira (6) at\u00e9 11 de abril<\/p>\n","protected":false},"author":293,"featured_media":0,"comment_status":"closed","ping_status":"closed","sticky":false,"template":"","format":"standard","meta":{"footnotes":""},"categories":[1],"tags":[],"class_list":["post-3532","post","type-post","status-publish","format-standard","hentry","category-noticias"],"acf":[],"_links":{"self":[{"href":"https:\/\/www.ufsm.br\/unidades-universitarias\/cachoeira-do-sul\/wp-json\/wp\/v2\/posts\/3532","targetHints":{"allow":["GET"]}}],"collection":[{"href":"https:\/\/www.ufsm.br\/unidades-universitarias\/cachoeira-do-sul\/wp-json\/wp\/v2\/posts"}],"about":[{"href":"https:\/\/www.ufsm.br\/unidades-universitarias\/cachoeira-do-sul\/wp-json\/wp\/v2\/types\/post"}],"author":[{"embeddable":true,"href":"https:\/\/www.ufsm.br\/unidades-universitarias\/cachoeira-do-sul\/wp-json\/wp\/v2\/users\/293"}],"replies":[{"embeddable":true,"href":"https:\/\/www.ufsm.br\/unidades-universitarias\/cachoeira-do-sul\/wp-json\/wp\/v2\/comments?post=3532"}],"version-history":[{"count":0,"href":"https:\/\/www.ufsm.br\/unidades-universitarias\/cachoeira-do-sul\/wp-json\/wp\/v2\/posts\/3532\/revisions"}],"wp:attachment":[{"href":"https:\/\/www.ufsm.br\/unidades-universitarias\/cachoeira-do-sul\/wp-json\/wp\/v2\/media?parent=3532"}],"wp:term":[{"taxonomy":"category","embeddable":true,"href":"https:\/\/www.ufsm.br\/unidades-universitarias\/cachoeira-do-sul\/wp-json\/wp\/v2\/categories?post=3532"},{"taxonomy":"post_tag","embeddable":true,"href":"https:\/\/www.ufsm.br\/unidades-universitarias\/cachoeira-do-sul\/wp-json\/wp\/v2\/tags?post=3532"}],"curies":[{"name":"wp","href":"https:\/\/api.w.org\/{rel}","templated":true}]}}