{"id":3567,"date":"2022-04-08T17:11:49","date_gmt":"2022-04-08T20:11:49","guid":{"rendered":"https:\/\/www.ufsm.br\/unidades-universitarias\/cachoeira-do-sul\/?p=3567"},"modified":"2022-04-08T17:14:35","modified_gmt":"2022-04-08T20:14:35","slug":"rucs-divulga-orientacoes-sobre-o-atendimento-a-partir-de-segunda-feira-11","status":"publish","type":"post","link":"https:\/\/www.ufsm.br\/unidades-universitarias\/cachoeira-do-sul\/2022\/04\/08\/rucs-divulga-orientacoes-sobre-o-atendimento-a-partir-de-segunda-feira-11","title":{"rendered":"RUCS divulga orienta\u00e7\u00f5es sobre o atendimento a partir de segunda-feira (11)"},"content":{"rendered":"\n<p style=\"text-align: justify\">Nesta sexta-feira (8), o Restaurante Universit\u00e1rio de Cachoeira do Sul, juntamente com a Dire\u00e7\u00e3o do campus, divulgou informa\u00e7\u00f5es de como ser\u00e1 realizada a presta\u00e7\u00e3o dos servi\u00e7os do RUCS a partir de segunda-feira (11).<\/p>\n<p style=\"text-align: justify\">Apesar dos esfor\u00e7os da equipe da UFSM, o processo licitat\u00f3rio para fornecimento de alimenta\u00e7\u00e3o n\u00e3o ser\u00e1 finalizado a tempo do in\u00edcio das aulas. Assim, foi assinado um contrato emergencial nesta sexta-feira para que se possa suprir parcialmente a demanda de refei\u00e7\u00f5es at\u00e9 que o processo licitat\u00f3rio esteja conclu\u00eddo.<\/p>\n<p style=\"text-align: justify\">Desta forma, na segunda-feira (11), ser\u00e3o fornecidos:<\/p>\n<p style=\"text-align: justify\">&#8211; Almo\u00e7o: 100 refei\u00e7\u00f5es mediante agendamento no <a href=\"https:\/\/portal.ufsm.br\/ru\/\">Portal do RU<\/a>;<\/p>\n<p style=\"text-align: justify\">&#8211; Jantar: o n\u00famero de refei\u00e7\u00f5es ainda ser\u00e1 definido e o agendamento ser\u00e1 disponibilizado a partir de segunda-feira \u00e0 tarde.<\/p>\n<p style=\"text-align: justify\">Neste primeiro momento, n\u00e3o ser\u00e1 ofertado caf\u00e9 da manh\u00e3. Assim que a empresa for se adequando ao espa\u00e7o disponibilizado no campus da UFSM em Cachoeira do Sul e aumentando sua capacidade t\u00e9cnica de fornecimento, o n\u00famero de estudantes atendidos ser\u00e1 ampliado e o caf\u00e9 da manh\u00e3 passar\u00e1 a ser disponibilizado para todos os alunos.<\/p>\n<p style=\"text-align: justify\">A equipe do RUCS salienta que, apesar da flexibiliza\u00e7\u00e3o de algumas normas de biosseguran\u00e7a na UFSM, ainda ser\u00e1 obrigat\u00f3rio o uso de m\u00e1scara dentro do refeit\u00f3rio. Somente ser\u00e1 permitido ao usu\u00e1rio retirar a m\u00e1scara no momento em que estiver consumindo sua refei\u00e7\u00e3o, sentado \u00e0 mesa<\/p>\n<p style=\"text-align: justify\">Para saber mais informa\u00e7\u00f5es sobre como realizar o agendamento, acesse as instru\u00e7\u00f5es de <a href=\"https:\/\/www.ufsm.br\/app\/uploads\/sites\/376\/2022\/03\/Agendamento-RU-atualizado-2022.pdf\">agendamento do RUCS.<\/a><\/p>\n<p>\u00a0<\/p>\n<p>\u00a0<\/p>\n<p>\u00a0<\/p>\n","protected":false},"excerpt":{"rendered":"<p>Nesta sexta-feira (8), o Restaurante Universit\u00e1rio de Cachoeira do Sul, juntamente com a Dire\u00e7\u00e3o do campus, divulgou informa\u00e7\u00f5es de como ser\u00e1 realizada a presta\u00e7\u00e3o dos servi\u00e7os do RUCS a partir de segunda-feira (11). Apesar dos esfor\u00e7os da equipe da UFSM, o processo licitat\u00f3rio para fornecimento de alimenta\u00e7\u00e3o n\u00e3o ser\u00e1 finalizado a tempo do in\u00edcio das [&hellip;]<\/p>\n","protected":false},"author":293,"featured_media":0,"comment_status":"closed","ping_status":"closed","sticky":false,"template":"","format":"standard","meta":{"footnotes":""},"categories":[1],"tags":[],"class_list":["post-3567","post","type-post","status-publish","format-standard","hentry","category-noticias"],"acf":[],"_links":{"self":[{"href":"https:\/\/www.ufsm.br\/unidades-universitarias\/cachoeira-do-sul\/wp-json\/wp\/v2\/posts\/3567","targetHints":{"allow":["GET"]}}],"collection":[{"href":"https:\/\/www.ufsm.br\/unidades-universitarias\/cachoeira-do-sul\/wp-json\/wp\/v2\/posts"}],"about":[{"href":"https:\/\/www.ufsm.br\/unidades-universitarias\/cachoeira-do-sul\/wp-json\/wp\/v2\/types\/post"}],"author":[{"embeddable":true,"href":"https:\/\/www.ufsm.br\/unidades-universitarias\/cachoeira-do-sul\/wp-json\/wp\/v2\/users\/293"}],"replies":[{"embeddable":true,"href":"https:\/\/www.ufsm.br\/unidades-universitarias\/cachoeira-do-sul\/wp-json\/wp\/v2\/comments?post=3567"}],"version-history":[{"count":0,"href":"https:\/\/www.ufsm.br\/unidades-universitarias\/cachoeira-do-sul\/wp-json\/wp\/v2\/posts\/3567\/revisions"}],"wp:attachment":[{"href":"https:\/\/www.ufsm.br\/unidades-universitarias\/cachoeira-do-sul\/wp-json\/wp\/v2\/media?parent=3567"}],"wp:term":[{"taxonomy":"category","embeddable":true,"href":"https:\/\/www.ufsm.br\/unidades-universitarias\/cachoeira-do-sul\/wp-json\/wp\/v2\/categories?post=3567"},{"taxonomy":"post_tag","embeddable":true,"href":"https:\/\/www.ufsm.br\/unidades-universitarias\/cachoeira-do-sul\/wp-json\/wp\/v2\/tags?post=3567"}],"curies":[{"name":"wp","href":"https:\/\/api.w.org\/{rel}","templated":true}]}}