{"id":3573,"date":"2022-04-12T18:00:39","date_gmt":"2022-04-12T21:00:39","guid":{"rendered":"https:\/\/www.ufsm.br\/unidades-universitarias\/cachoeira-do-sul\/?p=3573"},"modified":"2022-04-12T19:53:43","modified_gmt":"2022-04-12T22:53:43","slug":"retorno-presencial-das-aulas-movimenta-a-ufsm-cs","status":"publish","type":"post","link":"https:\/\/www.ufsm.br\/unidades-universitarias\/cachoeira-do-sul\/2022\/04\/12\/retorno-presencial-das-aulas-movimenta-a-ufsm-cs","title":{"rendered":"Retorno presencial das aulas movimenta a UFSM-CS"},"content":{"rendered":"\t\t<div data-elementor-type=\"wp-post\" data-elementor-id=\"3573\" class=\"elementor elementor-3573\">\n\t\t\t\t\t\t<section class=\"elementor-section elementor-top-section elementor-element elementor-element-1048d911 elementor-section-boxed elementor-section-height-default elementor-section-height-default\" data-id=\"1048d911\" data-element_type=\"section\">\n\t\t\t\t\t\t<div class=\"elementor-container elementor-column-gap-default\">\n\t\t\t\t\t<div class=\"elementor-column elementor-col-100 elementor-top-column elementor-element elementor-element-20d80e5d\" data-id=\"20d80e5d\" data-element_type=\"column\">\n\t\t\t<div class=\"elementor-widget-wrap elementor-element-populated\">\n\t\t\t\t\t\t<div class=\"elementor-element elementor-element-2ca1d5b2 elementor-widget elementor-widget-text-editor\" data-id=\"2ca1d5b2\" data-element_type=\"widget\" data-widget_type=\"text-editor.default\">\n\t\t\t\t<div class=\"elementor-widget-container\">\n\t\t\t\t\t\t\t<!-- wp:tadv\/classic-paragraph -->\n<p class=\"MsoNormal\" style=\"text-align: justify\"><span style=\"font-family: Arial, sans-serif;background-image: initial;background-position: initial;background-size: initial;background-attachment: initial\">Ap\u00f3s dois anos de atividades em Regime de Exerc\u00edcios Domiciliares Especiais (Rede), o campus da UFSM em Cachoeira do Sul recebe presencialmente seus estudantes. Desde ontem, segunda-feira, dia 11 de abril, \u00e9 poss\u00edvel ver os alunos caminhando entre os pr\u00e9dios, dando vida ao campus que tanto almejou por este retorno. Os servidores, que j\u00e1 estavam em trabalho presencial desde outubro de 2021, tamb\u00e9m puderam sentir a diferen\u00e7a na movimenta\u00e7\u00e3o do campus.<\/span><\/p>\n<p class=\"MsoNormal\" style=\"text-align: justify\"><span style=\"font-family: Arial, sans-serif;background-image: initial;background-position: initial;background-size: initial;background-attachment: initial\">Todos os setores administrativos, assim como o corpo docente do campus, se prepararam para a chegada dos estudantes. Placas de localiza\u00e7\u00e3o foram instaladas; os espa\u00e7os foram preparados; um contrato emergencial para o fornecimento das refei\u00e7\u00f5es do Restaurante Universit\u00e1rio foi fechado; hor\u00e1rios de \u00f4nibus negociados: cada a\u00e7\u00e3o foi pensada para bem receber nossos alunos. <\/span><\/p>\n<p class=\"MsoNormal\" style=\"text-align: justify\"><span style=\"font-family: Arial, sans-serif;background-image: initial;background-position: initial;background-size: initial;background-attachment: initial\">Nesta ter\u00e7a-feira (12), foi realizada uma recep\u00e7\u00e3o aos estudantes. Para os cursos diurnos \u2013 Engenharia Agr\u00edcola, Engenharia El\u00e9trica e Engenharia Mec\u00e2nica \u2013, as atividades come\u00e7aram \u00e0s 9h da manh\u00e3, com uma fala da Dire\u00e7\u00e3o do campus; da vice-reitora, Martha Adaime; e do pr\u00f3-reitor de Gradua\u00e7\u00e3o, Jer\u00f4nimo Tybusch. Tamb\u00e9m se apresentaram aos alunos os respons\u00e1veis pelo N\u00facleo de Assist\u00eancia Estudantil (NAE), pela Secretaria dos Cursos, pela Biblioteca Setorial (BSCS), pelo Restaurante Universit\u00e1rio (RUCS), pela Coordenadoria Acad\u00eamica (CAC) e pela Coordenadoria de Pesquisa e Extens\u00e3o (CPE). Os coordenadores dos cinco cursos do campus tamb\u00e9m estiveram presentes. Ap\u00f3s estas falas, os respons\u00e1veis pelos cursos realizaram atividades para os seus alunos, como visitas aos laborat\u00f3rios e um tour pelo campus. Para os cursos noturnos \u2013 Arquitetura e Urbanismo e Engenharia de Transportes e Log\u00edstica \u2013, a programa\u00e7\u00e3o come\u00e7ou \u00e0s 18h30min. Os alunos tamb\u00e9m receberam as boas-vindas da Dire\u00e7\u00e3o e dos setores. Ap\u00f3s a fala inicial, os coordenadores e professores dos cursos ainda realizaram uma programa\u00e7\u00e3o especial para seus estudantes.<\/span><\/p>\n<p class=\"MsoNormal\" style=\"text-align: justify\"><span style=\"font-family: Arial, sans-serif;background-image: initial;background-position: initial;background-size: initial;background-attachment: initial\">Durante todas as falas, foi poss\u00edvel perceber a alegria pela retomada da presencialidade. Ver o campus novamente sendo ocupado pelos estudantes foi bastante especial. A professora Martha Adaime, vice-reitora da UFSM, salientou a vit\u00f3ria de ver o campus de Cachoeira do Sul, que existe h\u00e1 menos de 8 anos, j\u00e1 ter seus pr\u00e9dios pr\u00f3prios e seus espa\u00e7os ocupados por servidores e alunos. O diretor do campus, professor Anderson Dal Molin, falou da import\u00e2ncia dos estudantes se apropriarem da Universidade, usufruindo de todas as oportunidades, sejam em sala de aula, em projetos ou nos servi\u00e7os ofertados pelos diversos setores do campus.<\/span><\/p>\n<!-- \/wp:tadv\/classic-paragraph -->\t\t\t\t\t\t<\/div>\n\t\t\t\t<\/div>\n\t\t\t\t\t<\/div>\n\t\t<\/div>\n\t\t\t\t\t<\/div>\n\t\t<\/section>\n\t\t\t\t<section class=\"elementor-section elementor-top-section elementor-element elementor-element-18faac3 elementor-section-boxed elementor-section-height-default elementor-section-height-default\" data-id=\"18faac3\" data-element_type=\"section\">\n\t\t\t\t\t\t<div class=\"elementor-container elementor-column-gap-default\">\n\t\t\t\t\t<div class=\"elementor-column elementor-col-100 elementor-top-column elementor-element elementor-element-79304ee\" data-id=\"79304ee\" data-element_type=\"column\">\n\t\t\t<div class=\"elementor-widget-wrap elementor-element-populated\">\n\t\t\t\t\t\t<div class=\"elementor-element elementor-element-f2dc812 elementor-arrows-position-inside elementor-pagination-position-outside elementor-widget elementor-widget-image-carousel\" data-id=\"f2dc812\" data-element_type=\"widget\" data-settings=\"{&quot;slides_to_show&quot;:&quot;1&quot;,&quot;navigation&quot;:&quot;both&quot;,&quot;autoplay&quot;:&quot;yes&quot;,&quot;pause_on_hover&quot;:&quot;yes&quot;,&quot;pause_on_interaction&quot;:&quot;yes&quot;,&quot;autoplay_speed&quot;:5000,&quot;infinite&quot;:&quot;yes&quot;,&quot;effect&quot;:&quot;slide&quot;,&quot;speed&quot;:500}\" data-widget_type=\"image-carousel.default\">\n\t\t\t\t<div class=\"elementor-widget-container\">\n\t\t\t\t\t<div class=\"elementor-image-carousel-wrapper swiper\" dir=\"ltr\">\n\t\t\t<div class=\"elementor-image-carousel swiper-wrapper\" aria-live=\"off\">\n\t\t\t\t\t\t\t\t<div class=\"swiper-slide\" role=\"group\" aria-roledescription=\"slide\" aria-label=\"1 of 12\"><figure class=\"swiper-slide-inner\"><img decoding=\"async\" class=\"swiper-slide-image\" src=\"https:\/\/www.ufsm.br\/app\/uploads\/sites\/376\/2022\/04\/20220412_094654-1-768x432.jpg\" alt=\"20220412_094654\" \/><\/figure><\/div><div class=\"swiper-slide\" role=\"group\" aria-roledescription=\"slide\" aria-label=\"2 of 12\"><figure class=\"swiper-slide-inner\"><img decoding=\"async\" class=\"swiper-slide-image\" src=\"https:\/\/www.ufsm.br\/app\/uploads\/sites\/376\/2022\/04\/20220411_082547-768x432.jpg\" alt=\"20220411_082547\" \/><\/figure><\/div><div class=\"swiper-slide\" role=\"group\" aria-roledescription=\"slide\" aria-label=\"3 of 12\"><figure class=\"swiper-slide-inner\"><img decoding=\"async\" class=\"swiper-slide-image\" src=\"https:\/\/www.ufsm.br\/app\/uploads\/sites\/376\/2022\/04\/20220412_094558-768x432.jpg\" alt=\"20220412_094558\" \/><\/figure><\/div><div class=\"swiper-slide\" role=\"group\" aria-roledescription=\"slide\" aria-label=\"4 of 12\"><figure class=\"swiper-slide-inner\"><img decoding=\"async\" class=\"swiper-slide-image\" src=\"https:\/\/www.ufsm.br\/app\/uploads\/sites\/376\/2022\/04\/20220411_113900-768x432.jpg\" alt=\"20220411_113900\" \/><\/figure><\/div><div class=\"swiper-slide\" role=\"group\" aria-roledescription=\"slide\" aria-label=\"5 of 12\"><figure class=\"swiper-slide-inner\"><img decoding=\"async\" class=\"swiper-slide-image\" src=\"https:\/\/www.ufsm.br\/app\/uploads\/sites\/376\/2022\/04\/20220412_092755-768x432.jpg\" alt=\"20220412_092755\" \/><\/figure><\/div><div class=\"swiper-slide\" role=\"group\" aria-roledescription=\"slide\" aria-label=\"6 of 12\"><figure class=\"swiper-slide-inner\"><img decoding=\"async\" class=\"swiper-slide-image\" src=\"https:\/\/www.ufsm.br\/app\/uploads\/sites\/376\/2022\/04\/20220411_084325-768x433.jpg\" alt=\"20220411_084325\" \/><\/figure><\/div><div class=\"swiper-slide\" role=\"group\" aria-roledescription=\"slide\" aria-label=\"7 of 12\"><figure class=\"swiper-slide-inner\"><img decoding=\"async\" class=\"swiper-slide-image\" src=\"https:\/\/www.ufsm.br\/app\/uploads\/sites\/376\/2022\/04\/20220411_085026-768x432.jpg\" alt=\"20220411_085026\" \/><\/figure><\/div><div class=\"swiper-slide\" role=\"group\" aria-roledescription=\"slide\" aria-label=\"8 of 12\"><figure class=\"swiper-slide-inner\"><img decoding=\"async\" class=\"swiper-slide-image\" src=\"https:\/\/www.ufsm.br\/app\/uploads\/sites\/376\/2022\/04\/Foto-de-Amanda-Costa-768x432.jpg\" alt=\"Foto de Amanda Costa\" \/><\/figure><\/div><div class=\"swiper-slide\" role=\"group\" aria-roledescription=\"slide\" aria-label=\"9 of 12\"><figure class=\"swiper-slide-inner\"><img decoding=\"async\" class=\"swiper-slide-image\" src=\"https:\/\/www.ufsm.br\/app\/uploads\/sites\/376\/2022\/04\/20220412_100125-768x432.jpg\" alt=\"20220412_100125\" \/><\/figure><\/div><div class=\"swiper-slide\" role=\"group\" aria-roledescription=\"slide\" aria-label=\"10 of 12\"><figure class=\"swiper-slide-inner\"><img decoding=\"async\" class=\"swiper-slide-image\" src=\"https:\/\/www.ufsm.br\/app\/uploads\/sites\/376\/2022\/04\/20220412_185044-768x432.jpg\" alt=\"20220412_185044\" \/><\/figure><\/div><div class=\"swiper-slide\" role=\"group\" aria-roledescription=\"slide\" aria-label=\"11 of 12\"><figure class=\"swiper-slide-inner\"><img decoding=\"async\" class=\"swiper-slide-image\" src=\"https:\/\/www.ufsm.br\/app\/uploads\/sites\/376\/2022\/04\/20220412_183849-768x432.jpg\" alt=\"20220412_183849\" \/><\/figure><\/div><div class=\"swiper-slide\" role=\"group\" aria-roledescription=\"slide\" aria-label=\"12 of 12\"><figure class=\"swiper-slide-inner\"><img decoding=\"async\" class=\"swiper-slide-image\" src=\"https:\/\/www.ufsm.br\/app\/uploads\/sites\/376\/2022\/04\/20220412_183631-768x428.jpg\" alt=\"20220412_183631\" \/><\/figure><\/div>\t\t\t<\/div>\n\t\t\t\t\t\t\t\t\t\t\t\t<div class=\"elementor-swiper-button elementor-swiper-button-prev\" role=\"button\" tabindex=\"0\">\n\t\t\t\t\t\t<i aria-hidden=\"true\" class=\"eicon-chevron-left\"><\/i>\t\t\t\t\t<\/div>\n\t\t\t\t\t<div class=\"elementor-swiper-button elementor-swiper-button-next\" role=\"button\" tabindex=\"0\">\n\t\t\t\t\t\t<i aria-hidden=\"true\" class=\"eicon-chevron-right\"><\/i>\t\t\t\t\t<\/div>\n\t\t\t\t\n\t\t\t\t\t\t\t\t\t<div class=\"swiper-pagination\"><\/div>\n\t\t\t\t\t\t\t\t\t<\/div>\n\t\t\t\t<\/div>\n\t\t\t\t<\/div>\n\t\t\t\t\t<\/div>\n\t\t<\/div>\n\t\t\t\t\t<\/div>\n\t\t<\/section>\n\t\t\t\t<\/div>\n\t\t","protected":false},"excerpt":{"rendered":"<p>Ap\u00f3s dois anos de atividades em Regime de Exerc\u00edcios Domiciliares Especiais (Rede), o campus da UFSM em Cachoeira do Sul recebe presencialmente seus estudantes. Desde ontem, segunda-feira, dia 11 de abril, \u00e9 poss\u00edvel ver os alunos caminhando entre os pr\u00e9dios, dando vida ao campus que tanto almejou por este retorno. Os servidores, que j\u00e1 estavam [&hellip;]<\/p>\n","protected":false},"author":293,"featured_media":3582,"comment_status":"closed","ping_status":"closed","sticky":false,"template":"","format":"standard","meta":{"footnotes":""},"categories":[21,1],"tags":[],"class_list":["post-3573","post","type-post","status-publish","format-standard","has-post-thumbnail","hentry","category-banner","category-noticias"],"acf":[],"_links":{"self":[{"href":"https:\/\/www.ufsm.br\/unidades-universitarias\/cachoeira-do-sul\/wp-json\/wp\/v2\/posts\/3573","targetHints":{"allow":["GET"]}}],"collection":[{"href":"https:\/\/www.ufsm.br\/unidades-universitarias\/cachoeira-do-sul\/wp-json\/wp\/v2\/posts"}],"about":[{"href":"https:\/\/www.ufsm.br\/unidades-universitarias\/cachoeira-do-sul\/wp-json\/wp\/v2\/types\/post"}],"author":[{"embeddable":true,"href":"https:\/\/www.ufsm.br\/unidades-universitarias\/cachoeira-do-sul\/wp-json\/wp\/v2\/users\/293"}],"replies":[{"embeddable":true,"href":"https:\/\/www.ufsm.br\/unidades-universitarias\/cachoeira-do-sul\/wp-json\/wp\/v2\/comments?post=3573"}],"version-history":[{"count":0,"href":"https:\/\/www.ufsm.br\/unidades-universitarias\/cachoeira-do-sul\/wp-json\/wp\/v2\/posts\/3573\/revisions"}],"wp:featuredmedia":[{"embeddable":true,"href":"https:\/\/www.ufsm.br\/unidades-universitarias\/cachoeira-do-sul\/wp-json\/wp\/v2\/media\/3582"}],"wp:attachment":[{"href":"https:\/\/www.ufsm.br\/unidades-universitarias\/cachoeira-do-sul\/wp-json\/wp\/v2\/media?parent=3573"}],"wp:term":[{"taxonomy":"category","embeddable":true,"href":"https:\/\/www.ufsm.br\/unidades-universitarias\/cachoeira-do-sul\/wp-json\/wp\/v2\/categories?post=3573"},{"taxonomy":"post_tag","embeddable":true,"href":"https:\/\/www.ufsm.br\/unidades-universitarias\/cachoeira-do-sul\/wp-json\/wp\/v2\/tags?post=3573"}],"curies":[{"name":"wp","href":"https:\/\/api.w.org\/{rel}","templated":true}]}}