{"id":3593,"date":"2022-04-18T09:42:47","date_gmt":"2022-04-18T12:42:47","guid":{"rendered":"https:\/\/www.ufsm.br\/unidades-universitarias\/cachoeira-do-sul\/?p=3593"},"modified":"2022-04-18T09:42:48","modified_gmt":"2022-04-18T12:42:48","slug":"edital-de-vagas-complementares-recebera-inscricoes-de-18-a-24-de-abril","status":"publish","type":"post","link":"https:\/\/www.ufsm.br\/unidades-universitarias\/cachoeira-do-sul\/2022\/04\/18\/edital-de-vagas-complementares-recebera-inscricoes-de-18-a-24-de-abril","title":{"rendered":"Edital de Vagas Complementares receber\u00e1 inscri\u00e7\u00f5es de 18 a 24 de abril"},"content":{"rendered":"\n<p style=\"text-align: justify\">\u00a0Universidade Federal de Santa Maria divulgou, nesta quarta-feira (13), o\u00a0<a href=\"https:\/\/www.ufsm.br\/pro-reitorias\/prograd\/editais\/017-2022\/\" target=\"_blank\" rel=\"noopener\"><strong>Edital do Processo Seletivo de Vagas Complementares<\/strong><\/a>\u00a0dos cursos de gradua\u00e7\u00e3o presencial, destinado a candidatos(as) participantes do\u00a0<strong>Exame Nacional do Ensino M\u00e9dio (Enem).<\/strong><\/p>\n<p style=\"text-align: justify\">As inscri\u00e7\u00f5es estar\u00e3o abertas entre os dias\u00a0<strong>18 e 24 de abril<\/strong>\u00a0e dever\u00e3o ser realizadas no<a href=\"https:\/\/www.ufsm.br\/pro-reitorias\/prograd\/editais\/017-2022\/\" target=\"_blank\" rel=\"noopener\"><strong>\u00a0link de acesso ao sistema<\/strong><\/a>, a ser divulgado junto ao Edital 017\/2022-Prograd.\u00a0\u00a0<\/p>\n<p style=\"text-align: justify\">Podem concorrer candidatos(as) que realizaram pelo menos um Enem completo, referente aos anos de\u00a0<strong>2017, 2018, 2019, 2020 e\/ou 2021<\/strong>, e que obtiveram pelo menos 300 pontos na prova de reda\u00e7\u00e3o do referido ano.<\/p>\n<p style=\"text-align: justify\">Caso o(a) candidato(a) tenha feito mais de um Enem nesse per\u00edodo, ser\u00e1 considerado automaticamente pelo sistema o Exame do ano com maior pontua\u00e7\u00e3o.<\/p>\n<p style=\"text-align: justify\">O\u00a0<a href=\"https:\/\/www.ufsm.br\/pro-reitorias\/prograd\/editais\/017-2022\/\" target=\"_blank\" rel=\"noopener\"><strong>Quadro de Vagas e Cursos<\/strong>\u00a0<\/a>dispon\u00edveis, organizado por cotas e ampla concorr\u00eancia, ser\u00e1 divulgado no\u00a0<strong>dia 18\/4<\/strong>\u00a0junto ao Edital.<\/p>\n<p style=\"text-align: justify\">Cada candidato(a) ter\u00e1 direito a apenas uma inscri\u00e7\u00e3o, que \u00e9 gratuita. Caso a pessoa se inscreva mais de uma vez, ser\u00e1 v\u00e1lida somente a \u00faltima inscri\u00e7\u00e3o realizada na \u00edntegra.<\/p>\n<p style=\"text-align: justify\"><span style=\"background-color: #ffff00\"><strong>Antes de realizar a inscri\u00e7\u00e3o<\/strong>\u00a0<strong>e optar por uma das oito modalidades de cota, o(a) candidato(a) deve verificar no<\/strong>\u00a0<a style=\"background-color: #ffff00\" href=\"https:\/\/www.ufsm.br\/pro-reitorias\/prograd\/editais\/017-2022\/\" target=\"_blank\" rel=\"noopener\"><strong>Edital<\/strong><\/a><strong>\u00a0a documenta\u00e7\u00e3o exigida<\/strong>\u00a0<strong>nas cotas e na ampla concorr\u00eancia.<\/strong><\/span><\/p>\n<p style=\"text-align: justify\">\u00c9 responsabilidade do(a) candidato(a)\u00a0<span style=\"background-color: #ffff00\"><strong>ter a certeza de que poder\u00e1<\/strong>\u00a0<strong>comprovar as condi\u00e7\u00f5es declaradas<\/strong><\/span>\u00a0em caso de classifica\u00e7\u00e3o, sejam elas de ordem socioecon\u00f4mica, \u00e9tnico-racial ou referentes \u00e0s vagas destinadas a pessoa com defici\u00eancia, de acordo com a cota escolhida.<\/p>\n<p style=\"text-align: justify\">Em caso de\u00a0<strong>indeferimento<\/strong>, o(a) candidato(a) ter\u00e1 breve prazo para novo acesso ao portal da UFSM, para corre\u00e7\u00e3o ou inser\u00e7\u00e3o de documentos e informa\u00e7\u00f5es faltantes. Ap\u00f3s a an\u00e1lise do recurso, caso seja mantido o indeferimento, a pessoa\u00a0<strong>perder\u00e1 a vaga<\/strong>.<\/p>\n<p style=\"text-align: justify\">O cronograma do processo seletivo, as orienta\u00e7\u00f5es para inscri\u00e7\u00e3o e os modelos documentais podem ser acessados no\u00a0<a href=\"https:\/\/www.ufsm.br\/pro-reitorias\/prograd\/editais\/017-2022\/\" target=\"_blank\" rel=\"noopener\"><strong>Edital 017\/2022-Prograd<\/strong><\/a>. Outras informa\u00e7\u00f5es s\u00e3o obtidas pelo email\u00a0<a class=\"notranslate\" href=\"mailto:copa.sisu@ufsm.br\"><strong>copa.sisu@ufsm.br<\/strong><\/a>, pelo telefone 55 3220 8187 e pela p\u00e1gina\u00a0<a href=\"https:\/\/www.facebook.com\/confirmacaodevagaUFSM\/\" target=\"_blank\" rel=\"noopener\"><strong>Confirma\u00e7\u00e3o de Vaga \u2013 UFSM<\/strong><\/a>\u00a0no Facebook.<\/p>\n","protected":false},"excerpt":{"rendered":"<p>Poder\u00e1 concorrer quem realizou o Enem referente a 2017, 2018, 2019, 2020 ou 2021<\/p>\n","protected":false},"author":293,"featured_media":0,"comment_status":"closed","ping_status":"closed","sticky":false,"template":"","format":"standard","meta":{"footnotes":""},"categories":[1],"tags":[],"class_list":["post-3593","post","type-post","status-publish","format-standard","hentry","category-noticias"],"acf":[],"_links":{"self":[{"href":"https:\/\/www.ufsm.br\/unidades-universitarias\/cachoeira-do-sul\/wp-json\/wp\/v2\/posts\/3593","targetHints":{"allow":["GET"]}}],"collection":[{"href":"https:\/\/www.ufsm.br\/unidades-universitarias\/cachoeira-do-sul\/wp-json\/wp\/v2\/posts"}],"about":[{"href":"https:\/\/www.ufsm.br\/unidades-universitarias\/cachoeira-do-sul\/wp-json\/wp\/v2\/types\/post"}],"author":[{"embeddable":true,"href":"https:\/\/www.ufsm.br\/unidades-universitarias\/cachoeira-do-sul\/wp-json\/wp\/v2\/users\/293"}],"replies":[{"embeddable":true,"href":"https:\/\/www.ufsm.br\/unidades-universitarias\/cachoeira-do-sul\/wp-json\/wp\/v2\/comments?post=3593"}],"version-history":[{"count":0,"href":"https:\/\/www.ufsm.br\/unidades-universitarias\/cachoeira-do-sul\/wp-json\/wp\/v2\/posts\/3593\/revisions"}],"wp:attachment":[{"href":"https:\/\/www.ufsm.br\/unidades-universitarias\/cachoeira-do-sul\/wp-json\/wp\/v2\/media?parent=3593"}],"wp:term":[{"taxonomy":"category","embeddable":true,"href":"https:\/\/www.ufsm.br\/unidades-universitarias\/cachoeira-do-sul\/wp-json\/wp\/v2\/categories?post=3593"},{"taxonomy":"post_tag","embeddable":true,"href":"https:\/\/www.ufsm.br\/unidades-universitarias\/cachoeira-do-sul\/wp-json\/wp\/v2\/tags?post=3593"}],"curies":[{"name":"wp","href":"https:\/\/api.w.org\/{rel}","templated":true}]}}