{"id":3633,"date":"2022-05-12T15:24:39","date_gmt":"2022-05-12T18:24:39","guid":{"rendered":"https:\/\/www.ufsm.br\/unidades-universitarias\/cachoeira-do-sul\/?p=3633"},"modified":"2022-05-12T15:26:27","modified_gmt":"2022-05-12T18:26:27","slug":"ufsm-cs-recebe-membros-da-comissao-comunitaria-pro-implantacao-do-campus-da-ufsm-para-cachoeira-do-sul","status":"publish","type":"post","link":"https:\/\/www.ufsm.br\/unidades-universitarias\/cachoeira-do-sul\/2022\/05\/12\/ufsm-cs-recebe-membros-da-comissao-comunitaria-pro-implantacao-do-campus-da-ufsm-para-cachoeira-do-sul","title":{"rendered":"UFSM-CS recebe membros da Comiss\u00e3o Comunit\u00e1ria Pr\u00f3-Implanta\u00e7\u00e3o do Campus da UFSM para Cachoeira do Sul"},"content":{"rendered":"\t\t<div data-elementor-type=\"wp-post\" data-elementor-id=\"3633\" class=\"elementor elementor-3633\">\n\t\t\t\t\t\t<section class=\"elementor-section elementor-top-section elementor-element elementor-element-78956f1 elementor-section-boxed elementor-section-height-default elementor-section-height-default\" data-id=\"78956f1\" data-element_type=\"section\">\n\t\t\t\t\t\t<div class=\"elementor-container elementor-column-gap-default\">\n\t\t\t\t\t<div class=\"elementor-column elementor-col-100 elementor-top-column elementor-element elementor-element-6d33b8a0\" data-id=\"6d33b8a0\" data-element_type=\"column\">\n\t\t\t<div class=\"elementor-widget-wrap elementor-element-populated\">\n\t\t\t\t\t\t<div class=\"elementor-element elementor-element-22df994a elementor-widget elementor-widget-text-editor\" data-id=\"22df994a\" data-element_type=\"widget\" data-widget_type=\"text-editor.default\">\n\t\t\t\t<div class=\"elementor-widget-container\">\n\t\t\t\t\t\t\t<!-- wp:tadv\/classic-paragraph -->\n<p style=\"text-align: justify\">Na manh\u00e3 esta quinta-feira (12), a UFSM-CS recebeu integrantes da Comiss\u00e3o Comunit\u00e1ria Pr\u00f3-Implanta\u00e7\u00e3o do Campus da UFSM para Cachoeira do Sul. A Comiss\u00e3o foi criada em 2011 e tomou a frente do movimento que ficou conhecido como \u201cVem, UFSM\u201d.\u00a0<\/p>\n<p style=\"text-align: justify\">Estiveram presentes no encontro os senhores Jo\u00e3o Streit, El\u00e1dio Dios Vieira da Cunha,\u00a0Astor Luiz Wallauer, Ricardo Tavares Gehling e Eduardo Kohler, os quais foram recepcionados pela atual Dire\u00e7\u00e3o do campus, pelo ex-vice-diretor, coordenadores de curso e coordenadores de \u00e1rea.<\/p>\n<p style=\"text-align: justify\">O evento teve como objetivo apresentar os avan\u00e7os obtidos desde a implanta\u00e7\u00e3o do campus e as demandas e necessidades atuais junto \u00e0 comunidade cachoeirense. Foram debatidos temas como necessidade de recursos financeiros para a melhoria da infraestrutura do campus, recursos humanos, editais de registros de pre\u00e7o e licita\u00e7\u00f5es com oportunidades de participa\u00e7\u00e3o de empresas da regi\u00e3o, ingresso\/perman\u00eancia de estudantes, entre\u00a0outros. Ainda na oportunidade, foi realizada uma caminhada em \u00e1reas comuns do campus e apresentadas as obras em andamento.<\/p>\n<!-- \/wp:tadv\/classic-paragraph -->\t\t\t\t\t\t<\/div>\n\t\t\t\t<\/div>\n\t\t\t\t<div class=\"elementor-element elementor-element-9c94a4f elementor-arrows-position-inside elementor-pagination-position-outside elementor-widget elementor-widget-image-carousel\" data-id=\"9c94a4f\" data-element_type=\"widget\" data-settings=\"{&quot;slides_to_show&quot;:&quot;1&quot;,&quot;navigation&quot;:&quot;both&quot;,&quot;autoplay&quot;:&quot;yes&quot;,&quot;pause_on_hover&quot;:&quot;yes&quot;,&quot;pause_on_interaction&quot;:&quot;yes&quot;,&quot;autoplay_speed&quot;:5000,&quot;infinite&quot;:&quot;yes&quot;,&quot;effect&quot;:&quot;slide&quot;,&quot;speed&quot;:500}\" data-widget_type=\"image-carousel.default\">\n\t\t\t\t<div class=\"elementor-widget-container\">\n\t\t\t\t\t<div class=\"elementor-image-carousel-wrapper swiper\" dir=\"ltr\">\n\t\t\t<div class=\"elementor-image-carousel swiper-wrapper\" aria-live=\"off\">\n\t\t\t\t\t\t\t\t<div class=\"swiper-slide\" role=\"group\" aria-roledescription=\"slide\" aria-label=\"1 of 3\"><figure class=\"swiper-slide-inner\"><img decoding=\"async\" class=\"swiper-slide-image\" src=\"https:\/\/www.ufsm.br\/app\/uploads\/sites\/376\/elementor\/thumbs\/foto-1-1-popw3dgcj3syw83ts6mpe0cu8pwjs5fkkynjzumsh2.jpg\" alt=\"foto 1\" \/><\/figure><\/div><div class=\"swiper-slide\" role=\"group\" aria-roledescription=\"slide\" aria-label=\"2 of 3\"><figure class=\"swiper-slide-inner\"><img decoding=\"async\" class=\"swiper-slide-image\" src=\"https:\/\/www.ufsm.br\/app\/uploads\/sites\/376\/elementor\/thumbs\/foto-2-1-popw3dgcj3syw83ts6mpe0cu8pwjs5fkkynjzumrqy.jpeg\" alt=\"foto 2\" \/><\/figure><\/div><div class=\"swiper-slide\" role=\"group\" aria-roledescription=\"slide\" aria-label=\"3 of 3\"><figure class=\"swiper-slide-inner\"><img decoding=\"async\" class=\"swiper-slide-image\" src=\"https:\/\/www.ufsm.br\/app\/uploads\/sites\/376\/elementor\/thumbs\/foto-3-1-popw3nskma74fxot3t3lnfqwryhl4tkmadtw9w7gkm.jpg\" alt=\"foto 3\" \/><\/figure><\/div>\t\t\t<\/div>\n\t\t\t\t\t\t\t\t\t\t\t\t<div class=\"elementor-swiper-button elementor-swiper-button-prev\" role=\"button\" tabindex=\"0\">\n\t\t\t\t\t\t<i aria-hidden=\"true\" class=\"eicon-chevron-left\"><\/i>\t\t\t\t\t<\/div>\n\t\t\t\t\t<div class=\"elementor-swiper-button elementor-swiper-button-next\" role=\"button\" tabindex=\"0\">\n\t\t\t\t\t\t<i aria-hidden=\"true\" class=\"eicon-chevron-right\"><\/i>\t\t\t\t\t<\/div>\n\t\t\t\t\n\t\t\t\t\t\t\t\t\t<div class=\"swiper-pagination\"><\/div>\n\t\t\t\t\t\t\t\t\t<\/div>\n\t\t\t\t<\/div>\n\t\t\t\t<\/div>\n\t\t\t\t\t<\/div>\n\t\t<\/div>\n\t\t\t\t\t<\/div>\n\t\t<\/section>\n\t\t\t\t<\/div>\n\t\t","protected":false},"excerpt":{"rendered":"<p>Na manh\u00e3 esta quinta-feira (12), a UFSM-CS recebeu integrantes da Comiss\u00e3o Comunit\u00e1ria Pr\u00f3-Implanta\u00e7\u00e3o do Campus da UFSM para Cachoeira do Sul. A Comiss\u00e3o foi criada em 2011 e tomou a frente do movimento que ficou conhecido como \u201cVem, UFSM\u201d.\u00a0 Estiveram presentes no encontro os senhores Jo\u00e3o Streit, El\u00e1dio Dios Vieira da Cunha,\u00a0Astor Luiz Wallauer, Ricardo [&hellip;]<\/p>\n","protected":false},"author":293,"featured_media":3634,"comment_status":"closed","ping_status":"closed","sticky":false,"template":"","format":"standard","meta":{"footnotes":""},"categories":[21,1],"tags":[],"class_list":["post-3633","post","type-post","status-publish","format-standard","has-post-thumbnail","hentry","category-banner","category-noticias"],"acf":[],"_links":{"self":[{"href":"https:\/\/www.ufsm.br\/unidades-universitarias\/cachoeira-do-sul\/wp-json\/wp\/v2\/posts\/3633","targetHints":{"allow":["GET"]}}],"collection":[{"href":"https:\/\/www.ufsm.br\/unidades-universitarias\/cachoeira-do-sul\/wp-json\/wp\/v2\/posts"}],"about":[{"href":"https:\/\/www.ufsm.br\/unidades-universitarias\/cachoeira-do-sul\/wp-json\/wp\/v2\/types\/post"}],"author":[{"embeddable":true,"href":"https:\/\/www.ufsm.br\/unidades-universitarias\/cachoeira-do-sul\/wp-json\/wp\/v2\/users\/293"}],"replies":[{"embeddable":true,"href":"https:\/\/www.ufsm.br\/unidades-universitarias\/cachoeira-do-sul\/wp-json\/wp\/v2\/comments?post=3633"}],"version-history":[{"count":0,"href":"https:\/\/www.ufsm.br\/unidades-universitarias\/cachoeira-do-sul\/wp-json\/wp\/v2\/posts\/3633\/revisions"}],"wp:featuredmedia":[{"embeddable":true,"href":"https:\/\/www.ufsm.br\/unidades-universitarias\/cachoeira-do-sul\/wp-json\/wp\/v2\/media\/3634"}],"wp:attachment":[{"href":"https:\/\/www.ufsm.br\/unidades-universitarias\/cachoeira-do-sul\/wp-json\/wp\/v2\/media?parent=3633"}],"wp:term":[{"taxonomy":"category","embeddable":true,"href":"https:\/\/www.ufsm.br\/unidades-universitarias\/cachoeira-do-sul\/wp-json\/wp\/v2\/categories?post=3633"},{"taxonomy":"post_tag","embeddable":true,"href":"https:\/\/www.ufsm.br\/unidades-universitarias\/cachoeira-do-sul\/wp-json\/wp\/v2\/tags?post=3633"}],"curies":[{"name":"wp","href":"https:\/\/api.w.org\/{rel}","templated":true}]}}