{"id":3658,"date":"2022-05-23T14:38:06","date_gmt":"2022-05-23T17:38:06","guid":{"rendered":"https:\/\/www.ufsm.br\/unidades-universitarias\/cachoeira-do-sul\/?p=3658"},"modified":"2022-05-23T14:47:54","modified_gmt":"2022-05-23T17:47:54","slug":"seminario-de-regulacao-e-planejamento-academico-dos-cursos-de-graduacao-acontece-na-ufsm-cs","status":"publish","type":"post","link":"https:\/\/www.ufsm.br\/unidades-universitarias\/cachoeira-do-sul\/2022\/05\/23\/seminario-de-regulacao-e-planejamento-academico-dos-cursos-de-graduacao-acontece-na-ufsm-cs","title":{"rendered":"Semin\u00e1rio de Regula\u00e7\u00e3o e Planejamento Acad\u00eamico dos Cursos de Gradua\u00e7\u00e3o acontece na UFSM-CS"},"content":{"rendered":"\n<p style=\"text-align: justify\">O Semin\u00e1rio de Regula\u00e7\u00e3o e Planejamento Acad\u00eamico dos Cursos de Gradua\u00e7\u00e3o, organizado pela Pr\u00f3-reitoria de Gradua\u00e7\u00e3o (Prograd) e pela Pr\u00f3-reitoria de Planejamento (Proplan) da UFSM foi realizado para o campus de Cachoeira do Sul na \u00faltima quinta-feira (19).<\/p>\n<p style=\"text-align: justify\">O encontrou buscou debater aspectos relativos \u00e0 gradua\u00e7\u00e3o na UFSM. Na oportunidade foram apresentados, discutidos e avaliados dados importantes dos Cursos de Gradua\u00e7\u00e3o da UFSM como\u00a0evas\u00e3o, taxa de conclus\u00e3o, Conceito Preliminar de Cursos (CPC), ENADE, taxa de ocupa\u00e7\u00e3o,\u00a0entre outros.<\/p>\n<p style=\"text-align: justify\">As tem\u00e1ticas envolveram desde o\u00a0pr\u00e9-ingresso\u00a0(no contato da Universidade com a realidade das escolas de educa\u00e7\u00e3o b\u00e1sica), at\u00e9 a\u00a0p\u00f3s-diploma\u00e7\u00e3o\u00a0(quando o egresso da UFSM se encaminha para o mundo do trabalho e para as p\u00f3s-gradua\u00e7\u00f5es).<\/p>\n<p style=\"text-align: justify\">Este percurso abrange o debate sobre: as formas de ingresso na institui\u00e7\u00e3o; os processos de ensino e aprendizagem; as dificuldades que contribuem para as reprova\u00e7\u00f5es, trancamentos de matr\u00edcula e evas\u00f5es; a garantia de condi\u00e7\u00f5es socioecon\u00f4micas de perman\u00eancia do educando; e a manuten\u00e7\u00e3o da sa\u00fade biopsicossocial do(a) graduando(a), culminando em seu sucesso acad\u00eamico e sua diploma\u00e7\u00e3o.<\/p>\n<p style=\"text-align: justify\">A metodologia utilizada foi a matriz de an\u00e1lise SWOT. Ela busca mapear, em uma determinada organiza\u00e7\u00e3o ou situa\u00e7\u00e3o, as for\u00e7as, fraquezas, amea\u00e7as e oportunidades, em rela\u00e7\u00e3o a seus ambientes internos e externos, identificando problemas, agentes e solu\u00e7\u00f5es.<\/p>\n<p style=\"text-align: justify\">Participaram do encontro representantes da Prograd e da Proplan, Dire\u00e7\u00e3o do campus, coordenadores de curso, representantes dos N\u00facleos Docente Estruturante (NDEs), Gabinete de Projetos, Coordenadorias Acad\u00eamica, Administrativa e de Pesquisa e Extens\u00e3o, Secretaria dos Cursos, Comunica\u00e7\u00e3o Institucional, Secretaria Geral do Campus, N\u00facleo de Apoio Pedag\u00f3gico (NAP), N\u00facleo de Assist\u00eancia ao Estudantes (NAE) e Comiss\u00e3o Setorial de Avalia\u00e7\u00e3o (CSA).<\/p>\n<p style=\"text-align: justify\">Ainda est\u00e3o previstos alguns debates sobre esta tem\u00e1tica com a comunidade acad\u00eamica em geral, representantes do Diret\u00f3rio Central dos Estudantes (DCE) e dos sindicatos de servidores(as) docentes e t\u00e9cnico-administrativos(as). Al\u00e9m disso, ir\u00e1 se buscar organizar audi\u00eancias p\u00fablicas com as comunidades de Cachoeira do Sul, Frederico Westphalen, Palmeira as Miss\u00f5es e Santa Maria, munic\u00edpios onde a UFSM tem seus\u00a0<em>campi<\/em>\u00a0instalados.<\/p>\n","protected":false},"excerpt":{"rendered":"<p>O Semin\u00e1rio de Regula\u00e7\u00e3o e Planejamento Acad\u00eamico dos Cursos de Gradua\u00e7\u00e3o, organizado pela Pr\u00f3-reitoria de Gradua\u00e7\u00e3o (Prograd) e pela Pr\u00f3-reitoria de Planejamento (Proplan) da UFSM foi realizado para o campus de Cachoeira do Sul na \u00faltima quinta-feira (19). O encontrou buscou debater aspectos relativos \u00e0 gradua\u00e7\u00e3o na UFSM. Na oportunidade foram apresentados, discutidos e avaliados [&hellip;]<\/p>\n","protected":false},"author":293,"featured_media":0,"comment_status":"closed","ping_status":"closed","sticky":false,"template":"","format":"standard","meta":{"footnotes":""},"categories":[1],"tags":[],"class_list":["post-3658","post","type-post","status-publish","format-standard","hentry","category-noticias"],"acf":[],"_links":{"self":[{"href":"https:\/\/www.ufsm.br\/unidades-universitarias\/cachoeira-do-sul\/wp-json\/wp\/v2\/posts\/3658","targetHints":{"allow":["GET"]}}],"collection":[{"href":"https:\/\/www.ufsm.br\/unidades-universitarias\/cachoeira-do-sul\/wp-json\/wp\/v2\/posts"}],"about":[{"href":"https:\/\/www.ufsm.br\/unidades-universitarias\/cachoeira-do-sul\/wp-json\/wp\/v2\/types\/post"}],"author":[{"embeddable":true,"href":"https:\/\/www.ufsm.br\/unidades-universitarias\/cachoeira-do-sul\/wp-json\/wp\/v2\/users\/293"}],"replies":[{"embeddable":true,"href":"https:\/\/www.ufsm.br\/unidades-universitarias\/cachoeira-do-sul\/wp-json\/wp\/v2\/comments?post=3658"}],"version-history":[{"count":0,"href":"https:\/\/www.ufsm.br\/unidades-universitarias\/cachoeira-do-sul\/wp-json\/wp\/v2\/posts\/3658\/revisions"}],"wp:attachment":[{"href":"https:\/\/www.ufsm.br\/unidades-universitarias\/cachoeira-do-sul\/wp-json\/wp\/v2\/media?parent=3658"}],"wp:term":[{"taxonomy":"category","embeddable":true,"href":"https:\/\/www.ufsm.br\/unidades-universitarias\/cachoeira-do-sul\/wp-json\/wp\/v2\/categories?post=3658"},{"taxonomy":"post_tag","embeddable":true,"href":"https:\/\/www.ufsm.br\/unidades-universitarias\/cachoeira-do-sul\/wp-json\/wp\/v2\/tags?post=3658"}],"curies":[{"name":"wp","href":"https:\/\/api.w.org\/{rel}","templated":true}]}}