{"id":3664,"date":"2022-05-24T14:45:50","date_gmt":"2022-05-24T17:45:50","guid":{"rendered":"https:\/\/www.ufsm.br\/unidades-universitarias\/cachoeira-do-sul\/?p=3664"},"modified":"2022-05-24T14:45:52","modified_gmt":"2022-05-24T17:45:52","slug":"ufsm-cs-abre-chamada-publica-para-cadastro-de-apoiadores-em-eventos","status":"publish","type":"post","link":"https:\/\/www.ufsm.br\/unidades-universitarias\/cachoeira-do-sul\/2022\/05\/24\/ufsm-cs-abre-chamada-publica-para-cadastro-de-apoiadores-em-eventos","title":{"rendered":"UFSM-CS abre Chamada P\u00fablica para cadastro de apoiadores em eventos"},"content":{"rendered":"\n<p style=\"text-align: justify\">O campus da UFSM em Cachoeira do Sul est\u00e1 com um edital de Chamada P\u00fablica com inscri\u00e7\u00f5es abertas. A Chamada \u00e9 para cadastro de interessados em desenvolver e apoiar atividades art\u00edsticas, culturais, de infraestrutura, transporte, distribui\u00e7\u00e3o de brindes e divulga\u00e7\u00e3o, no \u00e2mbito da programa\u00e7\u00e3o de eventos do campus da UFSM em Cachoeira do Sul, durante o ano letivo de 2022.<\/p>\n<p style=\"text-align: justify\">Poder\u00e3o participar desta Chamada P\u00fablica, empresas e\/ou entidades, legalmente constitu\u00eddas, privadas ou p\u00fablicas, com ou sem fins lucrativos, e\/ou microempreendedores individuais (MEI). Os interessados poder\u00e3o realizar suas inscri\u00e7\u00f5es para o cadastro atrav\u00e9s de e-mail eletr\u00f4nico <a href=\"mailto:cs.cadastro@ufsm.br\">cs.cadastro@ufsm.br<\/a>, entre os dias 23 de maio e 22 de junho de 2022.<\/p>\n<p style=\"text-align: justify\">Para saber mais informa\u00e7\u00f5es, acesse a <a href=\"https:\/\/portal.ufsm.br\/documentos\/publico\/documento.html?id=14173743\">p\u00e1gina do edital<\/a>.<\/p>\n<p>\u00a0<\/p>\n","protected":false},"excerpt":{"rendered":"<p>O campus da UFSM em Cachoeira do Sul est\u00e1 com um edital de Chamada P\u00fablica com inscri\u00e7\u00f5es abertas. A Chamada \u00e9 para cadastro de interessados em desenvolver e apoiar atividades art\u00edsticas, culturais, de infraestrutura, transporte, distribui\u00e7\u00e3o de brindes e divulga\u00e7\u00e3o, no \u00e2mbito da programa\u00e7\u00e3o de eventos do campus da UFSM em Cachoeira do Sul, durante [&hellip;]<\/p>\n","protected":false},"author":293,"featured_media":3665,"comment_status":"closed","ping_status":"closed","sticky":false,"template":"","format":"standard","meta":{"footnotes":""},"categories":[21,1],"tags":[],"class_list":["post-3664","post","type-post","status-publish","format-standard","has-post-thumbnail","hentry","category-banner","category-noticias"],"acf":[],"_links":{"self":[{"href":"https:\/\/www.ufsm.br\/unidades-universitarias\/cachoeira-do-sul\/wp-json\/wp\/v2\/posts\/3664","targetHints":{"allow":["GET"]}}],"collection":[{"href":"https:\/\/www.ufsm.br\/unidades-universitarias\/cachoeira-do-sul\/wp-json\/wp\/v2\/posts"}],"about":[{"href":"https:\/\/www.ufsm.br\/unidades-universitarias\/cachoeira-do-sul\/wp-json\/wp\/v2\/types\/post"}],"author":[{"embeddable":true,"href":"https:\/\/www.ufsm.br\/unidades-universitarias\/cachoeira-do-sul\/wp-json\/wp\/v2\/users\/293"}],"replies":[{"embeddable":true,"href":"https:\/\/www.ufsm.br\/unidades-universitarias\/cachoeira-do-sul\/wp-json\/wp\/v2\/comments?post=3664"}],"version-history":[{"count":0,"href":"https:\/\/www.ufsm.br\/unidades-universitarias\/cachoeira-do-sul\/wp-json\/wp\/v2\/posts\/3664\/revisions"}],"wp:featuredmedia":[{"embeddable":true,"href":"https:\/\/www.ufsm.br\/unidades-universitarias\/cachoeira-do-sul\/wp-json\/wp\/v2\/media\/3665"}],"wp:attachment":[{"href":"https:\/\/www.ufsm.br\/unidades-universitarias\/cachoeira-do-sul\/wp-json\/wp\/v2\/media?parent=3664"}],"wp:term":[{"taxonomy":"category","embeddable":true,"href":"https:\/\/www.ufsm.br\/unidades-universitarias\/cachoeira-do-sul\/wp-json\/wp\/v2\/categories?post=3664"},{"taxonomy":"post_tag","embeddable":true,"href":"https:\/\/www.ufsm.br\/unidades-universitarias\/cachoeira-do-sul\/wp-json\/wp\/v2\/tags?post=3664"}],"curies":[{"name":"wp","href":"https:\/\/api.w.org\/{rel}","templated":true}]}}