{"id":3669,"date":"2022-05-26T13:13:02","date_gmt":"2022-05-26T16:13:02","guid":{"rendered":"https:\/\/www.ufsm.br\/unidades-universitarias\/cachoeira-do-sul\/?p=3669"},"modified":"2022-05-26T13:14:39","modified_gmt":"2022-05-26T16:14:39","slug":"ufsm-cs-recebe-edicao-do-forum-regional-permanente-de-extensao","status":"publish","type":"post","link":"https:\/\/www.ufsm.br\/unidades-universitarias\/cachoeira-do-sul\/2022\/05\/26\/ufsm-cs-recebe-edicao-do-forum-regional-permanente-de-extensao","title":{"rendered":"UFSM-CS recebe edi\u00e7\u00e3o do F\u00f3rum Regional Permanente de Extens\u00e3o"},"content":{"rendered":"\n<p>No dia 08 de junho, \u00e0s 14h30min, na sala 201, do pr\u00e9dio Q4LAB1, o campus da UFSM em Cachoeira do Sul ir\u00e1 receber a 1\u00aa edi\u00e7\u00e3o do XI F\u00f3rum de Regional Permanente de Extens\u00e3o. Promovido pela Coordenadoria de Articula\u00e7\u00e3o e Fomento \u00e0 Extens\u00e3o (CAF\u00c9) da Pr\u00f3-Reitoria de Extens\u00e3o (PRE), o evento \u00e9 um espa\u00e7o de di\u00e1logo e intera\u00e7\u00e3o com a comunidade regional, para diagnosticar, discutir e promover a\u00e7\u00f5es conjuntas que visem fortalecer e potencializar as a\u00e7\u00f5es de promo\u00e7\u00e3o do desenvolvimento regional.<\/p>\n<p>Nesta oportunidade, tamb\u00e9m ser\u00e1 lan\u00e7ado o Edital Especial para A\u00e7\u00f5es de Extens\u00e3o baseado em crit\u00e9rios internos e externos. O Edital ir\u00e1 seguir uma agenda de m\u00e9dio e longo prazo, onde s\u00e3o consideradas as prioridades apontadas nos Planos Estrat\u00e9gicos de Desenvolvimento Regional no \u00e2mbito dos Conselhos Regionais de Desenvolvimento (COREDES), bem como os resultados da Consulta Popular anual.<\/p>\n<p>Segundo a CAF\u00c9, os COREDES s\u00e3o fundamentais na implementa\u00e7\u00e3o de a\u00e7\u00f5es que possam potencializar avan\u00e7os nas comunidades. A intera\u00e7\u00e3o entre a UFSM e institui\u00e7\u00f5es p\u00fablicas do executivo e legislativo contemplando demandas das comunidades, no \u00e2mbito dos Conselhos Regionais de Desenvolvimento, t\u00eam a finalidade de potencializar recursos humanos qualificados, aprimoramento dos instrumentos e processos necess\u00e1rios ao desenvolvimento das regi\u00f5es referenciadas. A troca permanente de experi\u00eancias conduzidas pelos agentes envolvidos promovem significativas a\u00e7\u00f5es e aperfei\u00e7oamento de modelos de desenvolvimento impactando positivamente na qualidade de vida das pessoas.<\/p>\n<p>\u00a0<\/p>\n<p><strong>1\u00aa EDI\u00c7\u00c3O &#8211; IX F\u00d3RUM REGIONAL PERMANENTE DE EXTENS\u00c3O<\/strong><\/p>\n<p>Dia: 08 de junho, quarta-feira, \u00e0s 14h30min.<\/p>\n<p>Local: Sala 201, pr\u00e9dio Q4LAB1 (Audit\u00f3rio).<\/p>\n<pre><em>*A presen\u00e7a em uma das edi\u00e7\u00f5es do F\u00f3rum Regional Permanente de Extens\u00e3o \u00e9 uma das atribui\u00e7\u00f5es dos coordenadores e bolsistas contemplados no Edital Fiex 2022.<\/em><\/pre>\n","protected":false},"excerpt":{"rendered":"<p>No dia 08 de junho, \u00e0s 14h30min, na sala 201, do pr\u00e9dio Q4LAB1, o campus da UFSM em Cachoeira do Sul ir\u00e1 receber a 1\u00aa edi\u00e7\u00e3o do XI F\u00f3rum de Regional Permanente de Extens\u00e3o. Promovido pela Coordenadoria de Articula\u00e7\u00e3o e Fomento \u00e0 Extens\u00e3o (CAF\u00c9) da Pr\u00f3-Reitoria de Extens\u00e3o (PRE), o evento \u00e9 um espa\u00e7o de [&hellip;]<\/p>\n","protected":false},"author":293,"featured_media":3670,"comment_status":"closed","ping_status":"closed","sticky":false,"template":"","format":"standard","meta":{"footnotes":""},"categories":[21,1],"tags":[],"class_list":["post-3669","post","type-post","status-publish","format-standard","has-post-thumbnail","hentry","category-banner","category-noticias"],"acf":[],"_links":{"self":[{"href":"https:\/\/www.ufsm.br\/unidades-universitarias\/cachoeira-do-sul\/wp-json\/wp\/v2\/posts\/3669","targetHints":{"allow":["GET"]}}],"collection":[{"href":"https:\/\/www.ufsm.br\/unidades-universitarias\/cachoeira-do-sul\/wp-json\/wp\/v2\/posts"}],"about":[{"href":"https:\/\/www.ufsm.br\/unidades-universitarias\/cachoeira-do-sul\/wp-json\/wp\/v2\/types\/post"}],"author":[{"embeddable":true,"href":"https:\/\/www.ufsm.br\/unidades-universitarias\/cachoeira-do-sul\/wp-json\/wp\/v2\/users\/293"}],"replies":[{"embeddable":true,"href":"https:\/\/www.ufsm.br\/unidades-universitarias\/cachoeira-do-sul\/wp-json\/wp\/v2\/comments?post=3669"}],"version-history":[{"count":0,"href":"https:\/\/www.ufsm.br\/unidades-universitarias\/cachoeira-do-sul\/wp-json\/wp\/v2\/posts\/3669\/revisions"}],"wp:featuredmedia":[{"embeddable":true,"href":"https:\/\/www.ufsm.br\/unidades-universitarias\/cachoeira-do-sul\/wp-json\/wp\/v2\/media\/3670"}],"wp:attachment":[{"href":"https:\/\/www.ufsm.br\/unidades-universitarias\/cachoeira-do-sul\/wp-json\/wp\/v2\/media?parent=3669"}],"wp:term":[{"taxonomy":"category","embeddable":true,"href":"https:\/\/www.ufsm.br\/unidades-universitarias\/cachoeira-do-sul\/wp-json\/wp\/v2\/categories?post=3669"},{"taxonomy":"post_tag","embeddable":true,"href":"https:\/\/www.ufsm.br\/unidades-universitarias\/cachoeira-do-sul\/wp-json\/wp\/v2\/tags?post=3669"}],"curies":[{"name":"wp","href":"https:\/\/api.w.org\/{rel}","templated":true}]}}