{"id":3686,"date":"2022-06-01T09:18:15","date_gmt":"2022-06-01T12:18:15","guid":{"rendered":"https:\/\/www.ufsm.br\/unidades-universitarias\/cachoeira-do-sul\/?p=3686"},"modified":"2022-06-01T09:18:57","modified_gmt":"2022-06-01T12:18:57","slug":"instituto-de-arquitetos-do-brasil-premia-livro-escrito-por-professor-da-ufsm-cs","status":"publish","type":"post","link":"https:\/\/www.ufsm.br\/unidades-universitarias\/cachoeira-do-sul\/2022\/06\/01\/instituto-de-arquitetos-do-brasil-premia-livro-escrito-por-professor-da-ufsm-cs","title":{"rendered":"Instituto de Arquitetos do Brasil premia livro escrito por professor da UFSM-CS"},"content":{"rendered":"\n<p style=\"text-align: justify\">Docente do curso de Arquitetura e Urbanismo do Campus da UFSM em Cachoeira do Sul, o professor Ricardo de Souza Rocha teve um livro de sua autoria premiado pelo Instituto de Arquitetos do Brasil (IAB). A entidade divulgou na \u00faltima quarta-feira (25), durante uma solenidade realizada em sua sede, em S\u00e3o Paulo, os trabalhos vencedores da\u00a0<a href=\"https:\/\/iab.org.br\/iab-divulga-vencedores-da-premiacao-edicao-centenario\/\" target=\"_blank\" rel=\"noopener\">Premia\u00e7\u00e3o IAB \u2013 Edi\u00e7\u00e3o do Centen\u00e1rio<\/a>, que comemora os cem anos de exist\u00eancia do instituto. Na categoria Cultura Arquitet\u00f4nica, se\u00e7\u00e3o Livros, o professor da UFSM ganhou men\u00e7\u00e3o honrosa pela obra\u00a0<a href=\"https:\/\/www.edusp.com.br\/livros\/livros-leituras-e-bibliotecas\/#:~:text=Hist%C3%B3ria%20da%20Arquitetura%20e%20da%20Constru%C3%A7%C3%A3o%20Luso%2DBrasileira,-de%20Ricardo%20Rocha&amp;text=Este%20%C3%A9%20um%20livro%20sobre,%22recupera%C3%A7%C3%A3o%22%20de%20uma%20leitura.\" target=\"_blank\" rel=\"noopener\"><i>Livros, Leituras e Bibliotecas: Hist\u00f3ria da Arquitetura e Constru\u00e7\u00e3o Luso-Brasileira<\/i><\/a>, publicado em 2020 pela Editora da Universidade de S\u00e3o Paulo (Edusp). \u00c9 poss\u00edvel conferir abaixo uma sinopse do livro, fornecida pela editora.<\/p>\n<p style=\"text-align: justify\"><b><a href=\"https:\/\/www.ufsm.br\/app\/uploads\/sites\/376\/2022\/06\/Capa-do-livro.jpg\"><img decoding=\"async\" class=\" wp-image-3687 alignleft\" src=\"https:\/\/www.ufsm.br\/app\/uploads\/sites\/376\/2022\/06\/Capa-do-livro-202x300.jpg\" alt=\"\" width=\"174\" height=\"259\" srcset=\"https:\/\/www.ufsm.br\/app\/uploads\/sites\/376\/2022\/06\/Capa-do-livro-202x300.jpg 202w, https:\/\/www.ufsm.br\/app\/uploads\/sites\/376\/2022\/06\/Capa-do-livro.jpg 596w\" sizes=\"(max-width: 174px) 100vw, 174px\" \/><\/a>Sinopse \u2013\u00a0<\/b>Ricardo Rocha apresenta neste livro um conjunto de textos sobre arquitetos e seus livros, suas leituras e suas bibliotecas. Para o autor, \u201cuma biblioteca tamb\u00e9m \u00e9, em algumas situa\u00e7\u00f5es, um universo de refer\u00eancias cruzadas, entrela\u00e7ando v\u00e1rios aspectos como datas, lugares, dedicat\u00f3rias, redes de amizade e de sociabilidade. Este \u00e9 um livro sobre (a paix\u00e3o pelos) livros, mas tamb\u00e9m sobre leitores, leituras e bibliotecas\u201d. Utiliza o exemplar anotado como fonte de pesquisa, uma tentativa de \u201crecupera\u00e7\u00e3o\u201d de uma leitura. Dessa forma, analisando as leituras dos arquitetos Ant\u00f4nio Moreira, Lu\u00eds de Albuquerque, Zake Tacla, Adolfo de los Rios Filho, Raul Lino, Lucio Costa e Gerson Pinheiro, entre outros, percorre o campo da constru\u00e7\u00e3o luso-brasileira dos s\u00e9culos 18 e 19 e a brasileira do s\u00e9culo 20, oferecendo ao leitor considera\u00e7\u00f5es conceituais sobre pr\u00e1ticas de pesquisa sugeridas pelos cinco estudos, a partir dos instrumentos e conceitos apresentados.<\/p>\n","protected":false},"excerpt":{"rendered":"<p>Em seu livro, Ricardo de Souza Rocha um conjunto de textos sobre arquitetos e seus livros, suas leituras e suas bibliotecas<\/p>\n","protected":false},"author":293,"featured_media":3689,"comment_status":"closed","ping_status":"closed","sticky":false,"template":"","format":"standard","meta":{"footnotes":""},"categories":[21,1],"tags":[],"class_list":["post-3686","post","type-post","status-publish","format-standard","has-post-thumbnail","hentry","category-banner","category-noticias"],"acf":[],"_links":{"self":[{"href":"https:\/\/www.ufsm.br\/unidades-universitarias\/cachoeira-do-sul\/wp-json\/wp\/v2\/posts\/3686","targetHints":{"allow":["GET"]}}],"collection":[{"href":"https:\/\/www.ufsm.br\/unidades-universitarias\/cachoeira-do-sul\/wp-json\/wp\/v2\/posts"}],"about":[{"href":"https:\/\/www.ufsm.br\/unidades-universitarias\/cachoeira-do-sul\/wp-json\/wp\/v2\/types\/post"}],"author":[{"embeddable":true,"href":"https:\/\/www.ufsm.br\/unidades-universitarias\/cachoeira-do-sul\/wp-json\/wp\/v2\/users\/293"}],"replies":[{"embeddable":true,"href":"https:\/\/www.ufsm.br\/unidades-universitarias\/cachoeira-do-sul\/wp-json\/wp\/v2\/comments?post=3686"}],"version-history":[{"count":0,"href":"https:\/\/www.ufsm.br\/unidades-universitarias\/cachoeira-do-sul\/wp-json\/wp\/v2\/posts\/3686\/revisions"}],"wp:featuredmedia":[{"embeddable":true,"href":"https:\/\/www.ufsm.br\/unidades-universitarias\/cachoeira-do-sul\/wp-json\/wp\/v2\/media\/3689"}],"wp:attachment":[{"href":"https:\/\/www.ufsm.br\/unidades-universitarias\/cachoeira-do-sul\/wp-json\/wp\/v2\/media?parent=3686"}],"wp:term":[{"taxonomy":"category","embeddable":true,"href":"https:\/\/www.ufsm.br\/unidades-universitarias\/cachoeira-do-sul\/wp-json\/wp\/v2\/categories?post=3686"},{"taxonomy":"post_tag","embeddable":true,"href":"https:\/\/www.ufsm.br\/unidades-universitarias\/cachoeira-do-sul\/wp-json\/wp\/v2\/tags?post=3686"}],"curies":[{"name":"wp","href":"https:\/\/api.w.org\/{rel}","templated":true}]}}