{"id":3695,"date":"2022-06-09T10:57:26","date_gmt":"2022-06-09T13:57:26","guid":{"rendered":"https:\/\/www.ufsm.br\/unidades-universitarias\/cachoeira-do-sul\/?p=3695"},"modified":"2022-06-09T10:58:22","modified_gmt":"2022-06-09T13:58:22","slug":"forum-de-extensao-acontece-no-campus-da-ufsm-em-cachoeira-do-sul","status":"publish","type":"post","link":"https:\/\/www.ufsm.br\/unidades-universitarias\/cachoeira-do-sul\/2022\/06\/09\/forum-de-extensao-acontece-no-campus-da-ufsm-em-cachoeira-do-sul","title":{"rendered":"F\u00f3rum de Extens\u00e3o acontece no campus da UFSM em Cachoeira do Sul"},"content":{"rendered":"\n<p style=\"text-align: justify\"><span style=\"color: #1c1c1c\"><span style=\"font-family: rawline, sans-serif\"><span style=\"font-size: medium\">Na tarde desta quarta-feira (08), o campus da UFSM em Cachoeira do Sul recebeu a 1\u00aa edi\u00e7\u00e3o do IX F\u00f3rum Regional Permanente de Extens\u00e3o, promovido pela Coordenadoria de Articula\u00e7\u00e3o e Fomento \u00e0 Extens\u00e3o (CAFE), da Pr\u00f3-reitoria de Extens\u00e3o (PRE). O evento acontece semestralmente em todos os campi da UFSM e serve como base para o direcionamento de recursos, identificando as demandas sociais da comunidade em que a Universidade est\u00e1 inserida.<\/span><\/span><\/span><\/p>\n<p style=\"text-align: justify\"><span style=\"color: #1c1c1c\"><span style=\"font-family: rawline, sans-serif\"><span style=\"font-size: medium\"><a href=\"https:\/\/www.ufsm.br\/app\/uploads\/sites\/376\/2022\/06\/WhatsApp-Image-2022-06-09-at-09.53.51-1.jpeg\"><img fetchpriority=\"high\" decoding=\"async\" class=\" wp-image-3696 alignright\" src=\"https:\/\/www.ufsm.br\/app\/uploads\/sites\/376\/2022\/06\/WhatsApp-Image-2022-06-09-at-09.53.51-1-300x225.jpeg\" alt=\"\" width=\"328\" height=\"246\" srcset=\"https:\/\/www.ufsm.br\/app\/uploads\/sites\/376\/2022\/06\/WhatsApp-Image-2022-06-09-at-09.53.51-1-300x225.jpeg 300w, https:\/\/www.ufsm.br\/app\/uploads\/sites\/376\/2022\/06\/WhatsApp-Image-2022-06-09-at-09.53.51-1-1024x768.jpeg 1024w, https:\/\/www.ufsm.br\/app\/uploads\/sites\/376\/2022\/06\/WhatsApp-Image-2022-06-09-at-09.53.51-1-768x576.jpeg 768w, https:\/\/www.ufsm.br\/app\/uploads\/sites\/376\/2022\/06\/WhatsApp-Image-2022-06-09-at-09.53.51-1-1536x1152.jpeg 1536w, https:\/\/www.ufsm.br\/app\/uploads\/sites\/376\/2022\/06\/WhatsApp-Image-2022-06-09-at-09.53.51-1.jpeg 1600w\" sizes=\"(max-width: 328px) 100vw, 328px\" \/><\/a>Ap\u00f3s dois anos sendo realizado no modelo remoto, o F\u00f3rum voltou a ser promovido presencialmente nos <i>campi <\/i>da Institui\u00e7\u00e3o. Participaram do encontro, representantes da comunidade externa, prefeitura, c\u00e2mara de vereadores, conselhos e associa\u00e7\u00f5es, al\u00e9m de membros da comunidade acad\u00eamica do campus. Na oportunidade, tamb\u00e9m foi assinado o Edital Especial para A\u00e7\u00f5es de Extens\u00e3o baseado em crit\u00e9rios internos e externos. O Edital ir\u00e1 seguir uma agenda de m\u00e9dio e longo prazo, onde s\u00e3o consideradas as prioridades apontadas nos Planos Estrat\u00e9gicos de Desenvolvimento Regional no \u00e2mbito dos Conselhos Regionais de Desenvolvimento (COREDES), bem como os resultados da Consulta Popular anual.<\/span><\/span><\/span><\/p>\n<p style=\"text-align: justify\"><span style=\"color: #1c1c1c\"><span style=\"font-family: rawline, sans-serif\"><span style=\"font-size: medium\"><a href=\"https:\/\/www.ufsm.br\/app\/uploads\/sites\/376\/2022\/06\/WhatsApp-Image-2022-06-08-at-17.12.26-2.jpeg\"><img decoding=\"async\" class=\" wp-image-3697 alignleft\" src=\"https:\/\/www.ufsm.br\/app\/uploads\/sites\/376\/2022\/06\/WhatsApp-Image-2022-06-08-at-17.12.26-2-225x300.jpeg\" alt=\"\" width=\"203\" height=\"271\" srcset=\"https:\/\/www.ufsm.br\/app\/uploads\/sites\/376\/2022\/06\/WhatsApp-Image-2022-06-08-at-17.12.26-2-225x300.jpeg 225w, https:\/\/www.ufsm.br\/app\/uploads\/sites\/376\/2022\/06\/WhatsApp-Image-2022-06-08-at-17.12.26-2-768x1024.jpeg 768w, https:\/\/www.ufsm.br\/app\/uploads\/sites\/376\/2022\/06\/WhatsApp-Image-2022-06-08-at-17.12.26-2-1152x1536.jpeg 1152w, https:\/\/www.ufsm.br\/app\/uploads\/sites\/376\/2022\/06\/WhatsApp-Image-2022-06-08-at-17.12.26-2.jpeg 1200w\" sizes=\"(max-width: 203px) 100vw, 203px\" \/><\/a>Durante a abertura do evento, os presentes puderam ouvir as falas dos componentes da mesa de cerim\u00f4nia: o reitor da UFSM, prof. Luciano Schuch; o diretor do campus, prof. Anderson Dal Molin; a vice-prefeita Angela Schumacher Schuh; e o representante do COREDE Jacu\u00ed Centro, Igor Noronha. Nos discursos, foram salientados a relev\u00e2ncia dos projetos de extens\u00e3o, criando la\u00e7os e aproximando a comunidade da Universidade, e as transforma\u00e7\u00f5es que j\u00e1 ocorreram na cidade desde que campi de institui\u00e7\u00f5es de ensino superior se instalaram no munic\u00edpio, como a UERGS e a UFSM. Tamb\u00e9m foi ressaltado a import\u00e2ncia do apoio do poder p\u00fablico local na concretiza\u00e7\u00e3o do ensino superior em Cachoeira do Sul e os desafios de desenvolver as atividades de uma universidade, mediante aos cortes or\u00e7ament\u00e1rios que estas institui\u00e7\u00f5es vem sofrendo ao longo dos anos e mediante ao recente bloqueio anunciado pelo Governo Federal no \u00faltimo m\u00eas.<\/span><\/span><\/span><\/p>\n<p style=\"text-align: justify\"><span style=\"color: #1c1c1c\"><span style=\"font-family: rawline, sans-serif\"><span style=\"font-size: medium\"><a href=\"https:\/\/www.ufsm.br\/app\/uploads\/sites\/376\/2022\/06\/WhatsApp-Image-2022-06-08-at-17.12.28.jpeg\"><img decoding=\"async\" class=\" wp-image-3698 alignright\" src=\"https:\/\/www.ufsm.br\/app\/uploads\/sites\/376\/2022\/06\/WhatsApp-Image-2022-06-08-at-17.12.28-300x225.jpeg\" alt=\"\" width=\"276\" height=\"207\" srcset=\"https:\/\/www.ufsm.br\/app\/uploads\/sites\/376\/2022\/06\/WhatsApp-Image-2022-06-08-at-17.12.28-300x225.jpeg 300w, https:\/\/www.ufsm.br\/app\/uploads\/sites\/376\/2022\/06\/WhatsApp-Image-2022-06-08-at-17.12.28-1024x768.jpeg 1024w, https:\/\/www.ufsm.br\/app\/uploads\/sites\/376\/2022\/06\/WhatsApp-Image-2022-06-08-at-17.12.28-768x576.jpeg 768w, https:\/\/www.ufsm.br\/app\/uploads\/sites\/376\/2022\/06\/WhatsApp-Image-2022-06-08-at-17.12.28-1536x1152.jpeg 1536w, https:\/\/www.ufsm.br\/app\/uploads\/sites\/376\/2022\/06\/WhatsApp-Image-2022-06-08-at-17.12.28.jpeg 1600w\" sizes=\"(max-width: 276px) 100vw, 276px\" \/><\/a>Ap\u00f3s as falas, o prof. Rudiney Pereira, coordenador de Articula\u00e7\u00e3o e Fomento \u00e0 Extens\u00e3o da PRE, iniciou a sua apresenta\u00e7\u00e3o sobre os projetos de extens\u00e3o desenvolvidos na UFSM, em especial no campus de Cachoeira do Sul. Foram apresentados os investimentos feitos no \u00faltimo ano e as expectativas para o ano de 2022. <\/span><\/span><\/span><\/p>\n<p style=\"text-align: justify\"><span style=\"color: #1c1c1c\"><span style=\"font-family: rawline, sans-serif\"><span style=\"font-size: medium\">A 2\u00aa edi\u00e7\u00e3o do IX F\u00f3rum Regional Permanente de Extens\u00e3o no campus da UFSM em Cachoeira do Sul acontecer\u00e1 no dia 23 de novembro.<\/span><\/span><\/span><\/p>\n","protected":false},"excerpt":{"rendered":"<p>Na tarde desta quarta-feira (08), o campus da UFSM em Cachoeira do Sul recebeu a 1\u00aa edi\u00e7\u00e3o do IX F\u00f3rum Regional Permanente de Extens\u00e3o, promovido pela Coordenadoria de Articula\u00e7\u00e3o e Fomento \u00e0 Extens\u00e3o (CAFE), da Pr\u00f3-reitoria de Extens\u00e3o (PRE). O evento acontece semestralmente em todos os campi da UFSM e serve como base para o [&hellip;]<\/p>\n","protected":false},"author":293,"featured_media":3699,"comment_status":"closed","ping_status":"closed","sticky":false,"template":"","format":"standard","meta":{"footnotes":""},"categories":[21,1],"tags":[],"class_list":["post-3695","post","type-post","status-publish","format-standard","has-post-thumbnail","hentry","category-banner","category-noticias"],"acf":[],"_links":{"self":[{"href":"https:\/\/www.ufsm.br\/unidades-universitarias\/cachoeira-do-sul\/wp-json\/wp\/v2\/posts\/3695","targetHints":{"allow":["GET"]}}],"collection":[{"href":"https:\/\/www.ufsm.br\/unidades-universitarias\/cachoeira-do-sul\/wp-json\/wp\/v2\/posts"}],"about":[{"href":"https:\/\/www.ufsm.br\/unidades-universitarias\/cachoeira-do-sul\/wp-json\/wp\/v2\/types\/post"}],"author":[{"embeddable":true,"href":"https:\/\/www.ufsm.br\/unidades-universitarias\/cachoeira-do-sul\/wp-json\/wp\/v2\/users\/293"}],"replies":[{"embeddable":true,"href":"https:\/\/www.ufsm.br\/unidades-universitarias\/cachoeira-do-sul\/wp-json\/wp\/v2\/comments?post=3695"}],"version-history":[{"count":0,"href":"https:\/\/www.ufsm.br\/unidades-universitarias\/cachoeira-do-sul\/wp-json\/wp\/v2\/posts\/3695\/revisions"}],"wp:featuredmedia":[{"embeddable":true,"href":"https:\/\/www.ufsm.br\/unidades-universitarias\/cachoeira-do-sul\/wp-json\/wp\/v2\/media\/3699"}],"wp:attachment":[{"href":"https:\/\/www.ufsm.br\/unidades-universitarias\/cachoeira-do-sul\/wp-json\/wp\/v2\/media?parent=3695"}],"wp:term":[{"taxonomy":"category","embeddable":true,"href":"https:\/\/www.ufsm.br\/unidades-universitarias\/cachoeira-do-sul\/wp-json\/wp\/v2\/categories?post=3695"},{"taxonomy":"post_tag","embeddable":true,"href":"https:\/\/www.ufsm.br\/unidades-universitarias\/cachoeira-do-sul\/wp-json\/wp\/v2\/tags?post=3695"}],"curies":[{"name":"wp","href":"https:\/\/api.w.org\/{rel}","templated":true}]}}