{"id":3722,"date":"2022-06-22T12:27:00","date_gmt":"2022-06-22T15:27:00","guid":{"rendered":"https:\/\/www.ufsm.br\/unidades-universitarias\/cachoeira-do-sul\/?p=3722"},"modified":"2022-06-22T12:27:02","modified_gmt":"2022-06-22T15:27:02","slug":"projeto-da-ufsm-cs-e-citado-por-guia-elaborado-pela-usp","status":"publish","type":"post","link":"https:\/\/www.ufsm.br\/unidades-universitarias\/cachoeira-do-sul\/2022\/06\/22\/projeto-da-ufsm-cs-e-citado-por-guia-elaborado-pela-usp","title":{"rendered":"Projeto da UFSM-CS \u00e9 citado por guia elaborado pela USP"},"content":{"rendered":"\n<p align=\"justify\"><span style=\"color: #262626\"><span style=\"font-family: Times New Roman, serif\"><span style=\"font-size: medium\">O campus da UFSM em Cachoeira do Sul<\/span><\/span><\/span><span style=\"color: #262626\"><span style=\"font-family: Times New Roman, serif\"><span style=\"font-size: medium\"> tem muito a comemorar, pois o projeto de <\/span><\/span><\/span><span style=\"color: #262626\"><span style=\"font-family: Times New Roman, serif\"><span style=\"font-size: medium\">extens\u00e3o sobre mobilidade urbana, desenvolvido pelo Laborat\u00f3rio de Mobilidade e Log\u00edstica (L<\/span><\/span><\/span><span style=\"color: #262626\"><span style=\"font-family: Times New Roman, serif\"><span style=\"font-size: medium\">AMOT<\/span><\/span><\/span><span style=\"color: #262626\"><span style=\"font-family: Times New Roman, serif\"><span style=\"font-size: medium\">) em conjunto com a prefeitura de Cachoeira do Sul, foi citado por um importante guia elaborado pela USP, sobre parcerias entre institui\u00e7\u00f5es de ensino e poder p\u00fablico. <\/span><\/span><\/span><\/p>\n<p align=\"justify\"><span style=\"font-family: Times New Roman, serif\"><span style=\"font-size: medium\"><a href=\"https:\/\/www.ufsm.br\/app\/uploads\/sites\/376\/2022\/06\/mobilidade-urbana-1.jpg\"><img fetchpriority=\"high\" decoding=\"async\" class=\" wp-image-3727 alignleft\" src=\"https:\/\/www.ufsm.br\/app\/uploads\/sites\/376\/2022\/06\/mobilidade-urbana-1-300x141.jpg\" alt=\"\" width=\"391\" height=\"184\" srcset=\"https:\/\/www.ufsm.br\/app\/uploads\/sites\/376\/2022\/06\/mobilidade-urbana-1-300x141.jpg 300w, https:\/\/www.ufsm.br\/app\/uploads\/sites\/376\/2022\/06\/mobilidade-urbana-1-1024x480.jpg 1024w, https:\/\/www.ufsm.br\/app\/uploads\/sites\/376\/2022\/06\/mobilidade-urbana-1-768x360.jpg 768w, https:\/\/www.ufsm.br\/app\/uploads\/sites\/376\/2022\/06\/mobilidade-urbana-1.jpg 1360w\" sizes=\"(max-width: 391px) 100vw, 391px\" \/><\/a>O projeto <\/span><\/span><span style=\"font-family: Times New Roman, serif\"><span style=\"font-size: medium\">citado <\/span><\/span><span style=\"font-family: Times New Roman, serif\"><span style=\"font-size: medium\">foi um acordo de coopera\u00e7\u00e3o com a Prefeitura Municipal de Cachoeira do Sul. <\/span><\/span><span style=\"font-family: Times New Roman, serif\"><span style=\"font-size: medium\">Segundo a <\/span><\/span><span style=\"color: #262626\"><span style=\"font-family: Times New Roman, serif\"><span style=\"font-size: medium\">coordenadora do projeto, Profa. Dra. Vanessa Alves, o objetivo foi tentar apresentar um projeto que seria bom para a cidade, considerando principalmente o desenvolvimento sustent\u00e1vel. \u201cA gente, a partir de algumas reuni\u00f5es, alinhou o interesse entre o que a universidade poderia ajudar e o que a prefeitura precisava\u201d, explicou a professora. <\/span><\/span><\/span><span style=\"color: #262626\"><span style=\"font-family: Times New Roman, serif\"><span style=\"font-size: medium\">Este n\u00e3o \u00e9 o primeiro projeto que o LAMOT desenvolve junto \u00e0 Prefeitura de Cachoeira do Sul, mas este teve bastante repercuss\u00e3o, pois trata do Plano de Mobilidade do Munic\u00edpio. \u201cNos deixou muito felizes estar entre os dez citados, pois se trata de um guia de refer\u00eancia nacional\u201d, comemorou Vanessa.<\/span><\/span><\/span><\/p>\n<p align=\"justify\">\u00a0<\/p>\n<p align=\"justify\"><span style=\"color: #262626\"><span style=\"font-family: Times New Roman, serif\"><span style=\"font-size: medium\"><b>Sobre o LAMOT<\/b><\/span><\/span><\/span><\/p>\n<p align=\"justify\"><span style=\"color: #262626\"><span style=\"font-family: Times New Roman, serif\"><span style=\"font-size: medium\">O L<\/span><\/span><\/span><span style=\"color: #262626\"><span style=\"font-family: Times New Roman, serif\"><span style=\"font-size: medium\">AMOT<\/span><\/span><\/span><span style=\"color: #262626\"><span style=\"font-family: Times New Roman, serif\"><span style=\"font-size: medium\"> desenvolve ensino, pesquisa e extens\u00e3o <\/span><\/span><\/span><span style=\"color: #1c1c1c\"><span style=\"font-family: Times New Roman, serif\"><span style=\"font-size: medium\">nas \u00e1reas de transportes, mobilidade, log\u00edstica e infraestrutura. O projeto com a prefeitura de Cachoeira do Sul est\u00e1 finalizado, por\u00e9m o <\/span><\/span><\/span><span style=\"color: #1c1c1c\"><span style=\"font-family: Times New Roman, serif\"><span style=\"font-size: medium\">laborat\u00f3rio<\/span><\/span><\/span><span style=\"color: #1c1c1c\"><span style=\"font-family: Times New Roman, serif\"><span style=\"font-size: medium\"> continua auxiliando outras cidades, como Est\u00e2ncia Velha, Palmeira das Miss\u00f5es e Taquari. Essa rela\u00e7\u00e3o de coopera\u00e7\u00e3o mostra a for\u00e7a da Universidade Federal em seus projetos. <\/span><\/span><\/span><\/p>\n<p align=\"justify\"><span style=\"color: #1c1c1c\"><span style=\"font-family: Times New Roman, serif\"><span style=\"font-size: medium\">O laborat\u00f3rio \u00e9 formado por docentes, t\u00e9cnicos e discentes. Para conhecer mais sobre o L<\/span><\/span><\/span><span style=\"color: #1c1c1c\"><span style=\"font-family: Times New Roman, serif\"><span style=\"font-size: medium\">AMOT<\/span><\/span><\/span><span style=\"color: #1c1c1c\"><span style=\"font-family: Times New Roman, serif\"><span style=\"font-size: medium\"> e <\/span><\/span><\/span><span style=\"color: #1c1c1c\"><span style=\"font-family: Times New Roman, serif\"><span style=\"font-size: medium\">as <\/span><\/span><\/span><span style=\"color: #1c1c1c\"><span style=\"font-family: Times New Roman, serif\"><span style=\"font-size: medium\">atividades desenvolvidas, acesse as redes sociais do laborat\u00f3rio, <\/span><\/span><\/span><span style=\"color: #1c1c1c\"><span style=\"font-family: Times New Roman, serif\"><span style=\"font-size: medium\">atrav\u00e9s deste <a href=\"https:\/\/linktr.ee\/lamotufsm\">link<\/a><\/span><\/span><\/span><span style=\"color: #1c1c1c\"><span style=\"font-family: Times New Roman, serif\"><span style=\"font-size: medium\">. E para ler mais sobre o Guia que cita a UFSM-CS, acesse a p\u00e1gina <\/span><\/span><\/span><a href=\"https:\/\/www.cidadessustentaveis.org.br\/paginas\/colaboracoes-academicas_10casos\"><span style=\"color: #1155cc\"><span style=\"font-family: Times New Roman, serif\"><span style=\"font-size: medium\"><u>https:\/\/www.cidadessustentaveis.org.br\/paginas\/colaboracoes-academicas_10casos<\/u><\/span><\/span><\/span><\/a><span style=\"color: #1c1c1c\"><span style=\"font-family: Times New Roman, serif\"><span style=\"font-size: medium\">. Projetos como esse fortalecem a rela\u00e7\u00e3o entre a comunidade acad\u00eamica e a sociedade, produzindo conhecimento e solu\u00e7\u00f5es inovadoras.<\/span><\/span><\/span><\/p>\n<p align=\"justify\">\u00a0<\/p>\n<p align=\"justify\"><em><span style=\"color: #1c1c1c\"><span style=\"font-family: Times New Roman, serif\"><span style=\"font-size: medium\">Reportagem: Jaqueline Witter Puss, bolsista de Jornalismo<\/span><\/span><\/span><\/em><br \/><em><span style=\"color: #1c1c1c\"><span style=\"font-family: Times New Roman, serif\"><span style=\"font-size: medium\">Ilustra\u00e7\u00e3o: Gil Tokio (USP) <\/span><\/span><\/span><\/em><br \/><em><span style=\"color: #1c1c1c\"><span style=\"font-family: Times New Roman, serif\"><span style=\"font-size: medium\">Revis\u00e3o e edi\u00e7\u00e3o: Amanda Costa da Silva, N\u00facleo de Comunica\u00e7\u00e3o Institucional da UFSM-CS<\/span><\/span><\/span><\/em><\/p>\n<p align=\"justify\">\u00a0<\/p>\n<p align=\"justify\">\u00a0<\/p>\n<p align=\"justify\">\u00a0<\/p>\n","protected":false},"excerpt":{"rendered":"<p>O projeto ganhou destaque no Guia sobre Experi\u00eancias e Parcerias entre Munic\u00edpios e Institui\u00e7\u00f5es de Ensino Superior publicado recentemente pelo Programa Cidades Sustent\u00e1veis produzido pela USP<\/p>\n","protected":false},"author":293,"featured_media":3723,"comment_status":"closed","ping_status":"closed","sticky":false,"template":"","format":"standard","meta":{"footnotes":""},"categories":[21,1],"tags":[],"class_list":["post-3722","post","type-post","status-publish","format-standard","has-post-thumbnail","hentry","category-banner","category-noticias"],"acf":[],"_links":{"self":[{"href":"https:\/\/www.ufsm.br\/unidades-universitarias\/cachoeira-do-sul\/wp-json\/wp\/v2\/posts\/3722","targetHints":{"allow":["GET"]}}],"collection":[{"href":"https:\/\/www.ufsm.br\/unidades-universitarias\/cachoeira-do-sul\/wp-json\/wp\/v2\/posts"}],"about":[{"href":"https:\/\/www.ufsm.br\/unidades-universitarias\/cachoeira-do-sul\/wp-json\/wp\/v2\/types\/post"}],"author":[{"embeddable":true,"href":"https:\/\/www.ufsm.br\/unidades-universitarias\/cachoeira-do-sul\/wp-json\/wp\/v2\/users\/293"}],"replies":[{"embeddable":true,"href":"https:\/\/www.ufsm.br\/unidades-universitarias\/cachoeira-do-sul\/wp-json\/wp\/v2\/comments?post=3722"}],"version-history":[{"count":0,"href":"https:\/\/www.ufsm.br\/unidades-universitarias\/cachoeira-do-sul\/wp-json\/wp\/v2\/posts\/3722\/revisions"}],"wp:featuredmedia":[{"embeddable":true,"href":"https:\/\/www.ufsm.br\/unidades-universitarias\/cachoeira-do-sul\/wp-json\/wp\/v2\/media\/3723"}],"wp:attachment":[{"href":"https:\/\/www.ufsm.br\/unidades-universitarias\/cachoeira-do-sul\/wp-json\/wp\/v2\/media?parent=3722"}],"wp:term":[{"taxonomy":"category","embeddable":true,"href":"https:\/\/www.ufsm.br\/unidades-universitarias\/cachoeira-do-sul\/wp-json\/wp\/v2\/categories?post=3722"},{"taxonomy":"post_tag","embeddable":true,"href":"https:\/\/www.ufsm.br\/unidades-universitarias\/cachoeira-do-sul\/wp-json\/wp\/v2\/tags?post=3722"}],"curies":[{"name":"wp","href":"https:\/\/api.w.org\/{rel}","templated":true}]}}