{"id":3732,"date":"2022-07-01T09:42:00","date_gmt":"2022-07-01T12:42:00","guid":{"rendered":"https:\/\/www.ufsm.br\/unidades-universitarias\/cachoeira-do-sul\/?p=3732"},"modified":"2022-07-01T09:42:02","modified_gmt":"2022-07-01T12:42:02","slug":"ultimo-dia-para-inscricoes-no-sisu","status":"publish","type":"post","link":"https:\/\/www.ufsm.br\/unidades-universitarias\/cachoeira-do-sul\/2022\/07\/01\/ultimo-dia-para-inscricoes-no-sisu","title":{"rendered":"\u00daltimo dia para inscri\u00e7\u00f5es no SiSU"},"content":{"rendered":"\n<p>As inscri\u00e7\u00f5es no Sistema de Sele\u00e7\u00e3o Unificada (SISU) SiSU 2022-2 estar\u00e3o abertas <strong>at\u00e9 hoje, dia 01 de julho de 2022<\/strong>, pelo site\u00a0<a href=\"http:\/\/sisu.mec.gov.br\/\" target=\"_blank\" rel=\"noopener\"><strong>sisu.mec.gov.br<\/strong><\/a>. O SiSU \u00e9 o sistema informatizado do MEC, no qual institui\u00e7\u00f5es p\u00fablicas de ensino superior oferecem vagas para candidatos(as) participantes do\u00a0<strong>Exame Nacional do Ensino M\u00e9dio (Enem)<\/strong>.<\/p>\n<p>Podem inscrever-se no SiSU 2022\/2 candidatos(as) que realizaram o Enem referente a 2021. \u00c9 necess\u00e1rio que o(a) candidato(a) n\u00e3o tenha zerado a prova de reda\u00e7\u00e3o e que n\u00e3o tenha realizado a inscri\u00e7\u00e3o na condi\u00e7\u00e3o de treineiro.<\/p>\n<p>Ao acessar o site, os(as) candidatos(as) poder\u00e3o\u00a0<a href=\"https:\/\/sisu.mec.gov.br\/#\/vagas?categoria=instituicao&amp;id=582#resultado\" target=\"_blank\" rel=\"noopener\"><strong>pesquisar<\/strong>\u00a0<\/a>por curso ou institui\u00e7\u00e3o. Tamb\u00e9m \u00e9 poss\u00edvel realizar a pesquisa dos cursos ofertados pela UFSM atrav\u00e9s do\u00a0<a href=\"https:\/\/www.ufsm.br\/pro-reitorias\/prograd\/sisu\/termos-de-adesao\/\"><strong>Termo de Ades\u00e3o<\/strong>\u00a0assinado pela institui\u00e7\u00e3o junto ao MEC<\/a>.<\/p>\n<p>Nesta edi\u00e7\u00e3o do SiSU, o campus da UFSM em Cachoeira do Sul oferece<strong> 190 vagas em seus cinco cursos de gradua\u00e7\u00e3o, <\/strong>sendo eles: <strong>Arquitetura e Urbanismo, Engenharia Agr\u00edcola, Engenharia El\u00e9trica, Engenharia Mec\u00e2nica e Engenharia de Transportes e Log\u00edstica.<\/strong><\/p>\n<p>Os(as) candidatos(as) poder\u00e3o escolher at\u00e9 duas op\u00e7\u00f5es de curso, na mesma institui\u00e7\u00e3o ou em universidades diferentes. A p\u00f3s o fechamento das inscri\u00e7\u00f5es, o sistema ir\u00e1 gerar a\u00a0 lista de classificados(as) na Chamada Regular.<\/p>\n<p><strong>Datas importantes<\/strong><\/p>\n<p>O\u00a0<a href=\"https:\/\/www.ufsm.br\/pro-reitorias\/prograd\/sisu\/editais\/033-2022\">edital 033\/2022 PROGRAD\/UFSM<\/a>\u00a0relativo ao SISU 2022\/2 j\u00e1 est\u00e1 dispon\u00edvel. Os interessados devem ler o edital e atentar \u00e0s datas:<\/p>\n<ul>\n<li>Inscri\u00e7\u00e3o: 28 de junho a 1\u00ba de julho pelo site\u00a0<a href=\"http:\/\/sisu.mec.gov.br\/\">http:\/\/sisu.mec.gov.br<\/a><\/li>\n<li>Listagem de pessoas classificadas: 06 de julho de 2022, ap\u00f3s disponibiliza\u00e7\u00e3o do MEC, em ufsm.br\/sisu<\/li>\n<li>Confirma\u00e7\u00e3o de vaga: 13 a 18 de julho pelo\u00a0<a href=\"https:\/\/portal.ufsm.br\/confirmacao\/loginCandidato.html\">Portal da confirma\u00e7\u00e3o de vaga<\/a><\/li>\n<li>Datas das Webconfer\u00eancias \u2013 para pessoas classificadas PPI e PCD: 20 e 21 de julho de 2022, Plataforma\u00a0<em>Google Meet\u00a9<\/em>, com link enviado ao e-mail pessoal<\/li>\n<li>Manifestar interesse em participar da Lista de Espera: 06 de julho at\u00e9 as 23 horas e 59 minutos do dia 18 de julho de 2022 em\u00a0<a href=\"http:\/\/sisu.mec.gov.br\/\">http:\/\/sisu.mec.gov.br<\/a><\/li>\n<\/ul>\n<p><strong>Cotas e Ampla Concorr\u00eancia<\/strong><\/p>\n<p>A UFSM disponibiliza\u00a0<strong>oito modalidades de cotas<\/strong>, destinadas a quem cursou integralmente o Ensino M\u00e9dio em escola p\u00fablica. Candidatos(as) que n\u00e3o se enquadram nas cotas, ou que n\u00e3o queiram participar do SiSU por meio delas, devem optar pela\u00a0<strong>Ampla Concorr\u00eancia<\/strong>\u00a0(AC).<\/p>\n<p>As cotas de escola p\u00fablica entrecruzam uma s\u00e9rie de fatores, podendo tamb\u00e9m ser destinadas a pessoas com defici\u00eancia, pretos(as), pardos(as) e\/ou ind\u00edgenas. Tamb\u00e9m podem levar em considera\u00e7\u00e3o o crit\u00e9rio socioecon\u00f4mico, por meio do c\u00e1lculo da renda m\u00e9dia mensal de cada membro do grupo familiar do(a) candidato(a).<\/p>\n<p>Os(as) candidatos(as) podem utilizar o<a href=\"https:\/\/www.ufsm.br\/pro-reitorias\/prograd\/sisu\/simulador-de-cotas\/\" target=\"_blank\" rel=\"noopener\"><strong>\u00a0simulador de cotas<\/strong><\/a>\u00a0dispon\u00edvel no site\u00a0<a href=\"http:\/\/ufsm.br\/sisu\"><strong>ufsm.br\/sisu<\/strong><\/a>\u00a0para melhor orientar sua escolha por cota.\u00a0\u00a0<\/p>\n<p>A Pr\u00f3-Reitoria de Gradua\u00e7\u00e3o (Prograd) recomenda,<strong>\u00a0antes<\/strong>\u00a0da realiza\u00e7\u00e3o da inscri\u00e7\u00e3o no SiSU e da op\u00e7\u00e3o por cota, que os(as) candidatos(as) analisem se possuem<strong>\u00a0a comprova\u00e7\u00e3o para todas as condi\u00e7\u00f5es declaradas, bem como toda a documenta\u00e7\u00e3o solicitada<\/strong>.<\/p>\n<p>Os\u00a0<strong>documentos gerais<\/strong>\u00a0(solicitados para todos os candidatos) e\u00a0<strong>espec\u00edficos<\/strong>\u00a0(exigidos em cada modalidade de cota) podem ser consultados nas p\u00e1ginas 60 a 80 do\u00a0<a href=\"https:\/\/www.ufsm.br\/app\/uploads\/sites\/501\/2021\/08\/SiSU_2021_2_Termo_de_Adesao_UFSM_MEC_582.pdf\" target=\"_blank\" rel=\"noopener\"><strong>Termo de Ades\u00e3o<\/strong><\/a>\u00a0ou pelo site do\u00a0<a href=\"https:\/\/www.ufsm.br\/pro-reitorias\/prograd\/sisu\/documentos-para-confirmacao-de-vaga\/\">SISU na UFSM clicando aqui<\/a><\/p>\n<p>A Prograd alerta que\u00a0<strong>n\u00e3o h\u00e1<\/strong>\u00a0<strong>possibilidade de migra\u00e7\u00e3o de cota ou retifica\u00e7\u00e3o da inscri\u00e7\u00e3o<\/strong>\u00a0ap\u00f3s o fechamento do sistema. Da mesma forma, n\u00e3o h\u00e1 possibilidade de altera\u00e7\u00e3o da inscri\u00e7\u00e3o para aqueles(as) candidatos(as) que n\u00e3o conseguirem comprovar as condi\u00e7\u00f5es declaradas, e que forem indeferidos(as) definitivamente ap\u00f3s o prazo de recursos.<\/p>\n<p>Outras informa\u00e7\u00f5es podem ser obtidas pelo email\u00a0<a class=\"notranslate\" href=\"mailto:copa.sisu@ufsm.br\"><strong>copa.sisu@ufsm.br<\/strong><\/a>\u00a0e na p\u00e1gina\u00a0<a href=\"https:\/\/www.facebook.com\/confirmacaodevagaUFSM\/\" target=\"_blank\" rel=\"noopener\"><strong>Confirma\u00e7\u00e3o de Vaga-UFSM<\/strong><\/a>\u00a0no Facebook.<\/p>\n","protected":false},"excerpt":{"rendered":"<p>Os interessados podem se inscrever para um dos cinco cursos de gradua\u00e7\u00e3o do campus da UFSM em Cachoeira do Sul at\u00e9 hoje, dia 01 de julho<\/p>\n","protected":false},"author":293,"featured_media":3733,"comment_status":"closed","ping_status":"closed","sticky":false,"template":"","format":"standard","meta":{"footnotes":""},"categories":[21,1],"tags":[],"class_list":["post-3732","post","type-post","status-publish","format-standard","has-post-thumbnail","hentry","category-banner","category-noticias"],"acf":[],"_links":{"self":[{"href":"https:\/\/www.ufsm.br\/unidades-universitarias\/cachoeira-do-sul\/wp-json\/wp\/v2\/posts\/3732","targetHints":{"allow":["GET"]}}],"collection":[{"href":"https:\/\/www.ufsm.br\/unidades-universitarias\/cachoeira-do-sul\/wp-json\/wp\/v2\/posts"}],"about":[{"href":"https:\/\/www.ufsm.br\/unidades-universitarias\/cachoeira-do-sul\/wp-json\/wp\/v2\/types\/post"}],"author":[{"embeddable":true,"href":"https:\/\/www.ufsm.br\/unidades-universitarias\/cachoeira-do-sul\/wp-json\/wp\/v2\/users\/293"}],"replies":[{"embeddable":true,"href":"https:\/\/www.ufsm.br\/unidades-universitarias\/cachoeira-do-sul\/wp-json\/wp\/v2\/comments?post=3732"}],"version-history":[{"count":0,"href":"https:\/\/www.ufsm.br\/unidades-universitarias\/cachoeira-do-sul\/wp-json\/wp\/v2\/posts\/3732\/revisions"}],"wp:featuredmedia":[{"embeddable":true,"href":"https:\/\/www.ufsm.br\/unidades-universitarias\/cachoeira-do-sul\/wp-json\/wp\/v2\/media\/3733"}],"wp:attachment":[{"href":"https:\/\/www.ufsm.br\/unidades-universitarias\/cachoeira-do-sul\/wp-json\/wp\/v2\/media?parent=3732"}],"wp:term":[{"taxonomy":"category","embeddable":true,"href":"https:\/\/www.ufsm.br\/unidades-universitarias\/cachoeira-do-sul\/wp-json\/wp\/v2\/categories?post=3732"},{"taxonomy":"post_tag","embeddable":true,"href":"https:\/\/www.ufsm.br\/unidades-universitarias\/cachoeira-do-sul\/wp-json\/wp\/v2\/tags?post=3732"}],"curies":[{"name":"wp","href":"https:\/\/api.w.org\/{rel}","templated":true}]}}