{"id":3736,"date":"2022-07-04T09:19:47","date_gmt":"2022-07-04T12:19:47","guid":{"rendered":"https:\/\/www.ufsm.br\/unidades-universitarias\/cachoeira-do-sul\/?p=3736"},"modified":"2022-07-04T09:19:48","modified_gmt":"2022-07-04T12:19:48","slug":"mais-um-projeto-desenvolvido-na-ufsm-cs-toma-forma-na-paisagem-de-cachoeira-do-sul","status":"publish","type":"post","link":"https:\/\/www.ufsm.br\/unidades-universitarias\/cachoeira-do-sul\/2022\/07\/04\/mais-um-projeto-desenvolvido-na-ufsm-cs-toma-forma-na-paisagem-de-cachoeira-do-sul","title":{"rendered":"Mais um projeto desenvolvido na UFSM-CS toma forma na paisagem de Cachoeira do Sul"},"content":{"rendered":"\n<p><span style=\"color: #222222\"><span style=\"font-family: arial, sans-serif\"><span style=\"font-size: medium\"><i><a href=\"https:\/\/www.ufsm.br\/app\/uploads\/sites\/376\/2022\/07\/Foto-portico-2.jpg\"><img fetchpriority=\"high\" decoding=\"async\" class=\"size-medium wp-image-3737 alignright\" src=\"https:\/\/www.ufsm.br\/app\/uploads\/sites\/376\/2022\/07\/Foto-portico-2-300x225.jpg\" alt=\"\" width=\"300\" height=\"225\" srcset=\"https:\/\/www.ufsm.br\/app\/uploads\/sites\/376\/2022\/07\/Foto-portico-2-300x225.jpg 300w, https:\/\/www.ufsm.br\/app\/uploads\/sites\/376\/2022\/07\/Foto-portico-2-1024x768.jpg 1024w, https:\/\/www.ufsm.br\/app\/uploads\/sites\/376\/2022\/07\/Foto-portico-2-768x576.jpg 768w, https:\/\/www.ufsm.br\/app\/uploads\/sites\/376\/2022\/07\/Foto-portico-2-1536x1152.jpg 1536w, https:\/\/www.ufsm.br\/app\/uploads\/sites\/376\/2022\/07\/Foto-portico-2.jpg 1920w\" sizes=\"(max-width: 300px) 100vw, 300px\" \/><\/a>Na tarde da \u00faltima quinta-feira, dia 30 de junho, come\u00e7aram a ser instaladas as estruturas met\u00e1licas que fazem parte do novo p\u00f3rtico de Cachoeira do Sul. O projeto foi desenvolvido pelo curso de Arquitetura e Urbanismo do campus, atrav\u00e9s da disciplina \u201cProjetos Colaborativos\u201d, que fez parte do curr\u00edculo complementar do curso e foi ministrada pelos professores Samuel Brito, Ver\u00f4nica Donoso e Luciani Lens. Ao todo, 25 alunos, que cursaram a disciplina, tamb\u00e9m s\u00e3o coautores do projeto.<\/i><\/span><\/span><\/span><\/p>\n<p><span style=\"color: #222222\"><span style=\"font-family: arial, sans-serif\"><span style=\"font-size: medium\"><i>O p\u00f3rtico ser\u00e1 instalado na BR 153, no bairro F\u00e1tima. Ap\u00f3s a constru\u00e7\u00e3o das funda\u00e7\u00f5es, foram instalados, em cada lado da via, sete postes met\u00e1licos e mais um totem, que ser\u00e1 iluminado. A previs\u00e3o de conclus\u00e3o das obras do p\u00f3rtico \u00e9 para o final do m\u00eas de julho.<\/i><\/span><\/span><\/span><\/p>\n<p>\u00a0<\/p>\n","protected":false},"excerpt":{"rendered":"<p>Na tarde da \u00faltima quinta-feira, dia 30 de junho, come\u00e7aram a ser instaladas as estruturas met\u00e1licas que fazem parte do novo p\u00f3rtico de Cachoeira do Sul. O projeto foi desenvolvido pelo curso de Arquitetura e Urbanismo do campus, atrav\u00e9s da disciplina \u201cProjetos Colaborativos\u201d, que fez parte do curr\u00edculo complementar do curso e foi ministrada pelos [&hellip;]<\/p>\n","protected":false},"author":293,"featured_media":0,"comment_status":"closed","ping_status":"closed","sticky":false,"template":"","format":"standard","meta":{"footnotes":""},"categories":[21,1],"tags":[],"class_list":["post-3736","post","type-post","status-publish","format-standard","hentry","category-banner","category-noticias"],"acf":[],"_links":{"self":[{"href":"https:\/\/www.ufsm.br\/unidades-universitarias\/cachoeira-do-sul\/wp-json\/wp\/v2\/posts\/3736","targetHints":{"allow":["GET"]}}],"collection":[{"href":"https:\/\/www.ufsm.br\/unidades-universitarias\/cachoeira-do-sul\/wp-json\/wp\/v2\/posts"}],"about":[{"href":"https:\/\/www.ufsm.br\/unidades-universitarias\/cachoeira-do-sul\/wp-json\/wp\/v2\/types\/post"}],"author":[{"embeddable":true,"href":"https:\/\/www.ufsm.br\/unidades-universitarias\/cachoeira-do-sul\/wp-json\/wp\/v2\/users\/293"}],"replies":[{"embeddable":true,"href":"https:\/\/www.ufsm.br\/unidades-universitarias\/cachoeira-do-sul\/wp-json\/wp\/v2\/comments?post=3736"}],"version-history":[{"count":0,"href":"https:\/\/www.ufsm.br\/unidades-universitarias\/cachoeira-do-sul\/wp-json\/wp\/v2\/posts\/3736\/revisions"}],"wp:attachment":[{"href":"https:\/\/www.ufsm.br\/unidades-universitarias\/cachoeira-do-sul\/wp-json\/wp\/v2\/media?parent=3736"}],"wp:term":[{"taxonomy":"category","embeddable":true,"href":"https:\/\/www.ufsm.br\/unidades-universitarias\/cachoeira-do-sul\/wp-json\/wp\/v2\/categories?post=3736"},{"taxonomy":"post_tag","embeddable":true,"href":"https:\/\/www.ufsm.br\/unidades-universitarias\/cachoeira-do-sul\/wp-json\/wp\/v2\/tags?post=3736"}],"curies":[{"name":"wp","href":"https:\/\/api.w.org\/{rel}","templated":true}]}}