{"id":3741,"date":"2022-07-05T12:38:59","date_gmt":"2022-07-05T15:38:59","guid":{"rendered":"https:\/\/www.ufsm.br\/unidades-universitarias\/cachoeira-do-sul\/?p=3741"},"modified":"2022-07-05T12:39:01","modified_gmt":"2022-07-05T15:39:01","slug":"ufsm-cs-fara-consulta-para-escolha-dos-novos-coordenadores-de-curso","status":"publish","type":"post","link":"https:\/\/www.ufsm.br\/unidades-universitarias\/cachoeira-do-sul\/2022\/07\/05\/ufsm-cs-fara-consulta-para-escolha-dos-novos-coordenadores-de-curso","title":{"rendered":"UFSM-CS far\u00e1 consulta para escolha dos novos coordenadores de curso"},"content":{"rendered":"\n<p>Foi lan\u00e7ado ontem (4), o edital referente \u00e0 consulta \u00e0 comunidade acad\u00eamica para a escolha do coordenador dos cursos de Arquitetura e Urbanismo, Engenharia Agr\u00edcola, Engenharia El\u00e9trica, Engenharia Mec\u00e2nica e Engenharia de Transportes e Log\u00edstica. O mandato ser\u00e1 de dois (2) anos, podendo haver reelei\u00e7\u00e3o.<\/p>\n<p>A partir de amanh\u00e3 (6), at\u00e9 o dia 12 de julho, os docentes interessados em se candidatar ao cargo poder\u00e3o realizar suas inscri\u00e7\u00f5es. Para se candidatar, \u00e9 necess\u00e1rio que o professor seja efetivo e que atue no respectivo curso, obedecendo o regimento interno do Campus da UFSM-CS, e estando lotado na Coordena\u00e7\u00e3o Acad\u00eamica e\/ou no Campus da UFSM-CS. A inscri\u00e7\u00e3o deve ser feita atrav\u00e9s de processo administrativo via PEN-SIE, conforme instru\u00e7\u00f5es contidas no edital.<\/p>\n<p>A consulta acontecer\u00e1 no dia 28 de julho, atrav\u00e9s de processo eletr\u00f4nico. Os votantes receber\u00e3o um link via e-mail para a vota\u00e7\u00e3o. Poder\u00e3o votar na consulta, docentes efetivos e substitutos que ministrem aulas no curso; t\u00e9cnico-administrativos em educa\u00e7\u00e3o lotados na Coordena\u00e7\u00e3o Acad\u00eamica e na Secretaria dos Cursos; e alunos regularmente matriculados no respectivo curso.<\/p>\n<p>Para saber mais informa\u00e7\u00f5es, acesse o <a href=\"https:\/\/www.ufsm.br\/unidades-universitarias\/cachoeira-do-sul\/editais\/002-2022-4\/\">edital<\/a>.<\/p>\n<p>\u00a0<\/p>\n<p><strong>Principais datas:<\/strong><\/p>\n<p><b>De 06 a 12 de julho<\/b> \u2013 inscri\u00e7\u00e3o dos candidatos a coordenador de curso.<\/p>\n<p><b>13 de julho \u2013<\/b> divulga\u00e7\u00e3o dos inscritos.<\/p>\n<p><b>21 de julho \u2013 <\/b>homologa\u00e7\u00e3o das inscri\u00e7\u00f5es ap\u00f3s per\u00edodo de recursos.<\/p>\n<p><b>22 a 27 de julho \u2013 <\/b>in\u00edcio do per\u00edodo de campanha dos candidatos.<\/p>\n<p><b>28 de julho \u2013 <\/b>realiza\u00e7\u00e3o da consulta.<\/p>\n<p><b>29 de julho \u2013 <\/b>Live de abertura das urnas virtuais.<\/p>\n","protected":false},"excerpt":{"rendered":"<p>Inscri\u00e7\u00f5es dos candidatos podem ser feitas de 06 a 12 de julho. Consulta acontece no dia 28 de julho.<\/p>\n","protected":false},"author":293,"featured_media":0,"comment_status":"closed","ping_status":"closed","sticky":false,"template":"","format":"standard","meta":{"footnotes":""},"categories":[21,1],"tags":[],"class_list":["post-3741","post","type-post","status-publish","format-standard","hentry","category-banner","category-noticias"],"acf":[],"_links":{"self":[{"href":"https:\/\/www.ufsm.br\/unidades-universitarias\/cachoeira-do-sul\/wp-json\/wp\/v2\/posts\/3741","targetHints":{"allow":["GET"]}}],"collection":[{"href":"https:\/\/www.ufsm.br\/unidades-universitarias\/cachoeira-do-sul\/wp-json\/wp\/v2\/posts"}],"about":[{"href":"https:\/\/www.ufsm.br\/unidades-universitarias\/cachoeira-do-sul\/wp-json\/wp\/v2\/types\/post"}],"author":[{"embeddable":true,"href":"https:\/\/www.ufsm.br\/unidades-universitarias\/cachoeira-do-sul\/wp-json\/wp\/v2\/users\/293"}],"replies":[{"embeddable":true,"href":"https:\/\/www.ufsm.br\/unidades-universitarias\/cachoeira-do-sul\/wp-json\/wp\/v2\/comments?post=3741"}],"version-history":[{"count":0,"href":"https:\/\/www.ufsm.br\/unidades-universitarias\/cachoeira-do-sul\/wp-json\/wp\/v2\/posts\/3741\/revisions"}],"wp:attachment":[{"href":"https:\/\/www.ufsm.br\/unidades-universitarias\/cachoeira-do-sul\/wp-json\/wp\/v2\/media?parent=3741"}],"wp:term":[{"taxonomy":"category","embeddable":true,"href":"https:\/\/www.ufsm.br\/unidades-universitarias\/cachoeira-do-sul\/wp-json\/wp\/v2\/categories?post=3741"},{"taxonomy":"post_tag","embeddable":true,"href":"https:\/\/www.ufsm.br\/unidades-universitarias\/cachoeira-do-sul\/wp-json\/wp\/v2\/tags?post=3741"}],"curies":[{"name":"wp","href":"https:\/\/api.w.org\/{rel}","templated":true}]}}