{"id":3766,"date":"2022-07-11T11:18:45","date_gmt":"2022-07-11T14:18:45","guid":{"rendered":"https:\/\/www.ufsm.br\/unidades-universitarias\/cachoeira-do-sul\/?p=3766"},"modified":"2022-07-11T11:23:04","modified_gmt":"2022-07-11T14:23:04","slug":"ufsm-cs-participa-do-4o-salao-de-inovacao","status":"publish","type":"post","link":"https:\/\/www.ufsm.br\/unidades-universitarias\/cachoeira-do-sul\/2022\/07\/11\/ufsm-cs-participa-do-4o-salao-de-inovacao","title":{"rendered":"UFSM-CS participa do 4\u00ba Sal\u00e3o de Inova\u00e7\u00e3o"},"content":{"rendered":"\t\t<div data-elementor-type=\"wp-post\" data-elementor-id=\"3766\" class=\"elementor elementor-3766\">\n\t\t\t\t\t\t<section class=\"elementor-section elementor-top-section elementor-element elementor-element-69ee48d8 elementor-section-boxed elementor-section-height-default elementor-section-height-default\" data-id=\"69ee48d8\" data-element_type=\"section\">\n\t\t\t\t\t\t<div class=\"elementor-container elementor-column-gap-default\">\n\t\t\t\t\t<div class=\"elementor-column elementor-col-100 elementor-top-column elementor-element elementor-element-4ebf68fc\" data-id=\"4ebf68fc\" data-element_type=\"column\">\n\t\t\t<div class=\"elementor-widget-wrap elementor-element-populated\">\n\t\t\t\t\t\t<div class=\"elementor-element elementor-element-3c25cb15 elementor-widget elementor-widget-text-editor\" data-id=\"3c25cb15\" data-element_type=\"widget\" data-widget_type=\"text-editor.default\">\n\t\t\t\t<div class=\"elementor-widget-container\">\n\t\t\t\t\t\t\t<!-- wp:tadv\/classic-paragraph -->\n<p style=\"text-align: justify\" align=\"justify\">O campus da UFSM em Cachoeira do Sul esteve presente na Semana de Inova\u00e7\u00e3o, organizada pela C\u00e2mara de Dirigentes Lojistas (CDL), que ocorreu entre os dias 04 e 08 de julho. Em sua programa\u00e7\u00e3o, al\u00e9m de diversas palestras, estava o Sal\u00e3o de Inova\u00e7\u00e3o, no qual foram apresentados diversos projetos da cidade.<\/p>\n<p style=\"text-align: justify\" align=\"justify\">Na programa\u00e7\u00e3o de palestras, o evento contou com a participa\u00e7\u00e3o de professores do curso de Engenharia Agr\u00edcola da UFSM-CS. O prof. Ezequiel Saretta falou sobre a &#8220;Import\u00e2ncia da irriga\u00e7\u00e3o na agricultura&#8221;. J\u00e1 a profa. Zanandra Boff de Oliveira palestrou sobre &#8220;Uma vis\u00e3o da pesquisa sobre a irriga\u00e7\u00e3o suplementar&#8221;.<\/p>\n<p style=\"text-align: justify\" align=\"justify\">No Sal\u00e3o de Inova\u00e7\u00e3o, a UFSM contou com a participa\u00e7\u00e3o de sete projetos. Entre os projetos apresentados est\u00e3o:<\/p>\n<ul style=\"text-align: justify\">\n<li>CARRO EL\u00c9TRICO COM ABASTECIMENTO POR ENERGIA SOLAR, orientado pelo prof. Paulo C\u00e9sar Vargas Luz;<\/li>\n<li>DINAM\u00d4METRO INERCIAL PARA CADEIRANTES, orientado pelo prof. Charles Rech;<\/li>\n<li>DISPOSITIVOS DE MEDI\u00c7\u00d5ES MEC\u00c2NICAS ASSOCIADO A INTERNET DAS COISAS, orientado pelo prof. Charles Rech;<\/li>\n<li>EMPREGO DE AUT\u00d4MATOS NA CONTA\u00c7\u00c3O DE HIST\u00d3RIAS, orientado pelo prof. Ederval de Souza Lisboa;<\/li>\n<li>CLP \u2013 CONTROLADOR L\u00d3GICO PROGRAM\u00c1VEL ACAD\u00caMICO, orientado pelo prof. Ant\u00f3nio Manuel Santos Spencer Andrade<\/li>\n<li>PRODU\u00c7\u00c3O DE CERVEJA UTILIZANDO SORGO: UMA ALTERNATIVA PARA PESSOAS INTOLERANTES AO GL\u00daTEN, orientado pelo prof. Charles Rech;<\/li>\n<li>DESENVOLVIMENTO DE COLETORES SOLARES DE BAIXO CUSTO PARA AQUECIMENTO DE \u00c1GUA EM CHUVEIRO RESIDENCIAL, orientado pelo prof. Crsitiano Frandalozo Maidana.<\/li>\n<\/ul>\n<p style=\"text-align: justify\" align=\"justify\">A mostra aconteceu no sal\u00e3o do Col\u00e9gio Bar\u00e3o do Rio Branco, nos dias 05 e 06, com visita\u00e7\u00e3o p\u00fablica e gratuita. Ao todo, 25 projetos foram apresentados, nas categorias Universidade, Empresa, Escola T\u00e9cnica e Escola de Ensino M\u00e9dio. Os melhores projetos de cada categoria foram premiados pela organiza\u00e7\u00e3o do evento.<\/p>\n<p style=\"text-align: justify\" align=\"justify\">Na categoria Universidade, o projeto \u201cDispositivos de medi\u00e7\u00f5es mec\u00e2nicas associado a internet das coisas\u201d, do prof. Charles Rech, foi premiado nas categorias Viabilidade e Originalidade. O professor ainda levou para o Sal\u00e3o de Inova\u00e7\u00e3o outros dois projetos: um que traz um dinam\u00f4metro desenvolvido para avalia\u00e7\u00e3o cardiovascular, treinamento e condicionamento f\u00edsico de cadeirantes; e o outro que estuda a produ\u00e7\u00e3o de cerveja artesanal sem gl\u00faten a partir de sorgo, envolvendo toda a cadeia, desde o plantio, produ\u00e7\u00e3o, maltea\u00e7\u00e3o e log\u00edstica de distribui\u00e7\u00e3o, para fomentar o agroneg\u00f3cio.<\/p>\n<p style=\"text-align: justify\" align=\"justify\">\u00a0<\/p>\n<p style=\"text-align: justify\" align=\"justify\"><b>PROJETO VENCEDOR TRABALHA O USO DA INTERNET DAS COISAS PARA AUXILIAR EM TRATAMENTOS DE SA\u00daDE<\/b><\/p>\n<p style=\"text-align: justify\" align=\"justify\">Atrav\u00e9s do projeto \u201cDispositivos de medi\u00e7\u00f5es mec\u00e2nicas associado a internet das coisas\u201d, os visitantes do Sal\u00e3o de Inova\u00e7\u00e3o foram apresentados a um manovacu\u00f4metro digital.<\/p>\n<p style=\"text-align: justify\" align=\"justify\">Apesar do projeto cadastrado na UFSM trabalhar com o desenvolvimento de diversos dispositivos, a equipe do projeto optou por apresentar o manovacu\u00f4metro, por ele poder ser utilizado em pacientes que ficaram com sequelas mais profundas devido a contra\u00e7\u00e3o do v\u00edrus da Covid-19, necessitando, assim, de um treinamento fisioter\u00e1pico para total recupera\u00e7\u00e3o do sistema respirat\u00f3rio.<\/p>\n<p style=\"text-align: justify\" align=\"justify\">O Manovacu\u00f4metro digital utiliza dispositivos moveis, como celulares, para comunica\u00e7\u00e3o com nuvens e banco de dados para an\u00e1lise de profissionais da \u00e1rea da sa\u00fade. \u00c9 poss\u00edvel, portanto, que o paciente fa\u00e7a alguns treinamentos em cl\u00ednicas especializadas e depois continue com o tratamento em casa, visto que pode ser monitorado por pessoas da \u00e1rea da sa\u00fade \u00e0 dist\u00e2ncia.<\/p>\n<p style=\"text-align: justify\" align=\"justify\">Os resultados da medi\u00e7\u00e3o obtidas no manovacu\u00f4metro e armazenados em nuvens podem ser analisados por pessoas especializadas da \u00e1rea, que poder\u00e3o:<\/p>\n<ul>\n<li style=\"text-align: justify\">avaliar altera\u00e7\u00f5es musculares respirat\u00f3rias, pois quantificam as for\u00e7as expirat\u00f3rias e inspirat\u00f3rias, permitindo que sejam diagnosticadas patologias como insufici\u00eancia respirat\u00f3ria devido \u00e0 fal\u00eancia de m\u00fasculos;<\/li>\n<li style=\"text-align: justify\">avaliar fadiga e\/ou fal\u00eancia muscular respirat\u00f3ria;<\/li>\n<li style=\"text-align: justify\">auxiliar na elabora\u00e7\u00e3o de protocolos terap\u00eauticos, avaliando o comportamento da for\u00e7a muscular inspirat\u00f3ria m\u00e1xima antes e ap\u00f3s um treinamento muscular inspirat\u00f3rio em pacientes cr\u00edticos com les\u00e3o medular incompleta sob ventila\u00e7\u00e3o mec\u00e2nica invasiva; hist\u00f3rico das medi\u00e7\u00f5es; dentre outros.<\/li>\n<\/ul>\n<!-- \/wp:tadv\/classic-paragraph -->\t\t\t\t\t\t<\/div>\n\t\t\t\t<\/div>\n\t\t\t\t\t<\/div>\n\t\t<\/div>\n\t\t\t\t\t<\/div>\n\t\t<\/section>\n\t\t\t\t<section class=\"elementor-section elementor-top-section elementor-element elementor-element-063dc32 elementor-section-boxed elementor-section-height-default elementor-section-height-default\" data-id=\"063dc32\" data-element_type=\"section\">\n\t\t\t\t\t\t<div class=\"elementor-container elementor-column-gap-default\">\n\t\t\t\t\t<div class=\"elementor-column elementor-col-100 elementor-top-column elementor-element elementor-element-ed15b1d\" data-id=\"ed15b1d\" data-element_type=\"column\">\n\t\t\t<div class=\"elementor-widget-wrap elementor-element-populated\">\n\t\t\t\t\t\t<div class=\"elementor-element elementor-element-ea82b80 elementor-widget elementor-widget-image-gallery\" data-id=\"ea82b80\" data-element_type=\"widget\" data-widget_type=\"image-gallery.default\">\n\t\t\t\t<div class=\"elementor-widget-container\">\n\t\t\t\t\t<div class=\"elementor-image-gallery\">\n\t\t\t<div id='gallery-1' class='gallery galleryid-3766 gallery-columns-4 gallery-size-thumbnail'><figure class='gallery-item'>\n\t\t\t<div class='gallery-icon portrait'>\n\t\t\t\t<a data-elementor-open-lightbox=\"yes\" data-elementor-lightbox-slideshow=\"ea82b80\" data-elementor-lightbox-title=\"Projeto DISPOSITIVOS DE MEDI\u00c7\u00d5ES MEC\u00c2NICAS ASSOCIADO A INTERNET DAS COISAS\" data-e-action-hash=\"#elementor-action%3Aaction%3Dlightbox%26settings%3DeyJpZCI6Mzc3NCwidXJsIjoiaHR0cHM6XC9cL3d3dy51ZnNtLmJyXC9hcHBcL3VwbG9hZHNcL3NpdGVzXC8zNzZcLzIwMjJcLzA3XC9XaGF0c0FwcC1JbWFnZS0yMDIyLTA3LTA4LWF0LTEyLjA2LjMyLmpwZWciLCJzbGlkZXNob3ciOiJlYTgyYjgwIn0%3D\" href='https:\/\/www.ufsm.br\/app\/uploads\/sites\/376\/2022\/07\/WhatsApp-Image-2022-07-08-at-12.06.32.jpeg'><img decoding=\"async\" width=\"150\" height=\"150\" src=\"https:\/\/www.ufsm.br\/app\/uploads\/sites\/376\/2022\/07\/WhatsApp-Image-2022-07-08-at-12.06.32-150x150.jpeg\" class=\"attachment-thumbnail size-thumbnail\" alt=\"\" \/><\/a>\n\t\t\t<\/div><\/figure><figure class='gallery-item'>\n\t\t\t<div class='gallery-icon portrait'>\n\t\t\t\t<a data-elementor-open-lightbox=\"yes\" data-elementor-lightbox-slideshow=\"ea82b80\" data-elementor-lightbox-title=\"Ganhadores do Sal\u00e3o de Inova\u00e7\u00e3o\" data-e-action-hash=\"#elementor-action%3Aaction%3Dlightbox%26settings%3DeyJpZCI6Mzc3MywidXJsIjoiaHR0cHM6XC9cL3d3dy51ZnNtLmJyXC9hcHBcL3VwbG9hZHNcL3NpdGVzXC8zNzZcLzIwMjJcLzA3XC9XaGF0c0FwcC1JbWFnZS0yMDIyLTA3LTA4LWF0LTEyLjA0LjAzLmpwZWciLCJzbGlkZXNob3ciOiJlYTgyYjgwIn0%3D\" href='https:\/\/www.ufsm.br\/app\/uploads\/sites\/376\/2022\/07\/WhatsApp-Image-2022-07-08-at-12.04.03.jpeg'><img decoding=\"async\" width=\"150\" height=\"150\" src=\"https:\/\/www.ufsm.br\/app\/uploads\/sites\/376\/2022\/07\/WhatsApp-Image-2022-07-08-at-12.04.03-150x150.jpeg\" class=\"attachment-thumbnail size-thumbnail\" alt=\"\" \/><\/a>\n\t\t\t<\/div><\/figure><figure class='gallery-item'>\n\t\t\t<div class='gallery-icon portrait'>\n\t\t\t\t<a data-elementor-open-lightbox=\"yes\" data-elementor-lightbox-slideshow=\"ea82b80\" data-elementor-lightbox-title=\"Projeto DINAM\u00d4METRO INERCIAL PARA CADEIRANTE\" data-e-action-hash=\"#elementor-action%3Aaction%3Dlightbox%26settings%3DeyJpZCI6Mzc3MiwidXJsIjoiaHR0cHM6XC9cL3d3dy51ZnNtLmJyXC9hcHBcL3VwbG9hZHNcL3NpdGVzXC8zNzZcLzIwMjJcLzA3XC9XaGF0c0FwcC1JbWFnZS0yMDIyLTA3LTA1LWF0LTE2LjEwLjU3LmpwZWciLCJzbGlkZXNob3ciOiJlYTgyYjgwIn0%3D\" href='https:\/\/www.ufsm.br\/app\/uploads\/sites\/376\/2022\/07\/WhatsApp-Image-2022-07-05-at-16.10.57.jpeg'><img decoding=\"async\" width=\"150\" height=\"150\" src=\"https:\/\/www.ufsm.br\/app\/uploads\/sites\/376\/2022\/07\/WhatsApp-Image-2022-07-05-at-16.10.57-150x150.jpeg\" class=\"attachment-thumbnail size-thumbnail\" alt=\"\" \/><\/a>\n\t\t\t<\/div><\/figure><figure class='gallery-item'>\n\t\t\t<div class='gallery-icon portrait'>\n\t\t\t\t<a data-elementor-open-lightbox=\"yes\" data-elementor-lightbox-slideshow=\"ea82b80\" data-elementor-lightbox-title=\"Projeto EMPREGO DE AUT\u00d4MATOS NA CONTA\u00c7\u00c3O DE HIST\u00d3RIAS\" data-e-action-hash=\"#elementor-action%3Aaction%3Dlightbox%26settings%3DeyJpZCI6Mzc3MSwidXJsIjoiaHR0cHM6XC9cL3d3dy51ZnNtLmJyXC9hcHBcL3VwbG9hZHNcL3NpdGVzXC8zNzZcLzIwMjJcLzA3XC9XaGF0c0FwcC1JbWFnZS0yMDIyLTA3LTA1LWF0LTE2LjEwLjU3LTEuanBlZyIsInNsaWRlc2hvdyI6ImVhODJiODAifQ%3D%3D\" href='https:\/\/www.ufsm.br\/app\/uploads\/sites\/376\/2022\/07\/WhatsApp-Image-2022-07-05-at-16.10.57-1.jpeg'><img loading=\"lazy\" decoding=\"async\" width=\"150\" height=\"150\" src=\"https:\/\/www.ufsm.br\/app\/uploads\/sites\/376\/2022\/07\/WhatsApp-Image-2022-07-05-at-16.10.57-1-150x150.jpeg\" class=\"attachment-thumbnail size-thumbnail\" alt=\"\" \/><\/a>\n\t\t\t<\/div><\/figure><figure class='gallery-item'>\n\t\t\t<div class='gallery-icon portrait'>\n\t\t\t\t<a data-elementor-open-lightbox=\"yes\" data-elementor-lightbox-slideshow=\"ea82b80\" data-elementor-lightbox-title=\"Projeto PRODU\u00c7\u00c3O DE CERVEJA UTILIZANDO SORGO: UMA ALTERNATIVA PARA PESSOAS INTOLERANTES AO GL\u00daTEN\" data-e-action-hash=\"#elementor-action%3Aaction%3Dlightbox%26settings%3DeyJpZCI6Mzc3MCwidXJsIjoiaHR0cHM6XC9cL3d3dy51ZnNtLmJyXC9hcHBcL3VwbG9hZHNcL3NpdGVzXC8zNzZcLzIwMjJcLzA3XC9XaGF0c0FwcC1JbWFnZS0yMDIyLTA3LTA1LWF0LTE2LjEwLjU2LmpwZWciLCJzbGlkZXNob3ciOiJlYTgyYjgwIn0%3D\" href='https:\/\/www.ufsm.br\/app\/uploads\/sites\/376\/2022\/07\/WhatsApp-Image-2022-07-05-at-16.10.56.jpeg'><img loading=\"lazy\" decoding=\"async\" width=\"150\" height=\"150\" src=\"https:\/\/www.ufsm.br\/app\/uploads\/sites\/376\/2022\/07\/WhatsApp-Image-2022-07-05-at-16.10.56-150x150.jpeg\" class=\"attachment-thumbnail size-thumbnail\" alt=\"\" \/><\/a>\n\t\t\t<\/div><\/figure><figure class='gallery-item'>\n\t\t\t<div class='gallery-icon landscape'>\n\t\t\t\t<a data-elementor-open-lightbox=\"yes\" data-elementor-lightbox-slideshow=\"ea82b80\" data-elementor-lightbox-title=\"Projeto DESENVOLVIMENTO DE COLETORES SOLARES DE BAIXO CUSTO PARA AQUECIMENTO DE \u00c1GUA EM CHUVEIRO RESIDENCIAL\" data-e-action-hash=\"#elementor-action%3Aaction%3Dlightbox%26settings%3DeyJpZCI6Mzc2OSwidXJsIjoiaHR0cHM6XC9cL3d3dy51ZnNtLmJyXC9hcHBcL3VwbG9hZHNcL3NpdGVzXC8zNzZcLzIwMjJcLzA3XC9JTUdfMTQ4NS5qcGciLCJzbGlkZXNob3ciOiJlYTgyYjgwIn0%3D\" href='https:\/\/www.ufsm.br\/app\/uploads\/sites\/376\/2022\/07\/IMG_1485.jpg'><img loading=\"lazy\" decoding=\"async\" width=\"150\" height=\"150\" src=\"https:\/\/www.ufsm.br\/app\/uploads\/sites\/376\/2022\/07\/IMG_1485-150x150.jpg\" class=\"attachment-thumbnail size-thumbnail\" alt=\"\" \/><\/a>\n\t\t\t<\/div><\/figure><figure class='gallery-item'>\n\t\t\t<div class='gallery-icon portrait'>\n\t\t\t\t<a data-elementor-open-lightbox=\"yes\" data-elementor-lightbox-slideshow=\"ea82b80\" data-elementor-lightbox-title=\"Projeto CARRO EL\u00c9TRICO COM ABASTECIMENTO POR ENERGIA SOLAR\" data-e-action-hash=\"#elementor-action%3Aaction%3Dlightbox%26settings%3DeyJpZCI6Mzc2OCwidXJsIjoiaHR0cHM6XC9cL3d3dy51ZnNtLmJyXC9hcHBcL3VwbG9hZHNcL3NpdGVzXC8zNzZcLzIwMjJcLzA3XC9JTUdfMTQ4MC1zY2FsZWQuanBnIiwic2xpZGVzaG93IjoiZWE4MmI4MCJ9\" href='https:\/\/www.ufsm.br\/app\/uploads\/sites\/376\/2022\/07\/IMG_1480-scaled.jpg'><img loading=\"lazy\" decoding=\"async\" width=\"150\" height=\"150\" src=\"https:\/\/www.ufsm.br\/app\/uploads\/sites\/376\/2022\/07\/IMG_1480-150x150.jpg\" class=\"attachment-thumbnail size-thumbnail\" alt=\"\" \/><\/a>\n\t\t\t<\/div><\/figure><figure class='gallery-item'>\n\t\t\t<div class='gallery-icon landscape'>\n\t\t\t\t<a data-elementor-open-lightbox=\"yes\" data-elementor-lightbox-slideshow=\"ea82b80\" data-elementor-lightbox-title=\"Projeto CLP \u2013 CONTROLADOR L\u00d3GICO PROGRAM\u00c1VEL ACAD\u00caMICO\" data-e-action-hash=\"#elementor-action%3Aaction%3Dlightbox%26settings%3DeyJpZCI6Mzc2NywidXJsIjoiaHR0cHM6XC9cL3d3dy51ZnNtLmJyXC9hcHBcL3VwbG9hZHNcL3NpdGVzXC8zNzZcLzIwMjJcLzA3XC9JTUdfMTQ3MC5qcGciLCJzbGlkZXNob3ciOiJlYTgyYjgwIn0%3D\" href='https:\/\/www.ufsm.br\/app\/uploads\/sites\/376\/2022\/07\/IMG_1470.jpg'><img loading=\"lazy\" decoding=\"async\" width=\"150\" height=\"150\" src=\"https:\/\/www.ufsm.br\/app\/uploads\/sites\/376\/2022\/07\/IMG_1470-150x150.jpg\" class=\"attachment-thumbnail size-thumbnail\" alt=\"\" \/><\/a>\n\t\t\t<\/div><\/figure>\n\t\t<\/div>\n\t\t<\/div>\n\t\t\t\t<\/div>\n\t\t\t\t<\/div>\n\t\t\t\t\t<\/div>\n\t\t<\/div>\n\t\t\t\t\t<\/div>\n\t\t<\/section>\n\t\t\t\t<\/div>\n\t\t","protected":false},"excerpt":{"rendered":"<p>Evento ocorreu entre os dias 05 e 06 de julho, dentro da programa\u00e7\u00e3o da Semana de Inova\u00e7\u00e3o de Cachoeira do Sul<\/p>\n","protected":false},"author":293,"featured_media":0,"comment_status":"closed","ping_status":"closed","sticky":false,"template":"","format":"standard","meta":{"footnotes":""},"categories":[21,1],"tags":[],"class_list":["post-3766","post","type-post","status-publish","format-standard","hentry","category-banner","category-noticias"],"acf":[],"_links":{"self":[{"href":"https:\/\/www.ufsm.br\/unidades-universitarias\/cachoeira-do-sul\/wp-json\/wp\/v2\/posts\/3766","targetHints":{"allow":["GET"]}}],"collection":[{"href":"https:\/\/www.ufsm.br\/unidades-universitarias\/cachoeira-do-sul\/wp-json\/wp\/v2\/posts"}],"about":[{"href":"https:\/\/www.ufsm.br\/unidades-universitarias\/cachoeira-do-sul\/wp-json\/wp\/v2\/types\/post"}],"author":[{"embeddable":true,"href":"https:\/\/www.ufsm.br\/unidades-universitarias\/cachoeira-do-sul\/wp-json\/wp\/v2\/users\/293"}],"replies":[{"embeddable":true,"href":"https:\/\/www.ufsm.br\/unidades-universitarias\/cachoeira-do-sul\/wp-json\/wp\/v2\/comments?post=3766"}],"version-history":[{"count":0,"href":"https:\/\/www.ufsm.br\/unidades-universitarias\/cachoeira-do-sul\/wp-json\/wp\/v2\/posts\/3766\/revisions"}],"wp:attachment":[{"href":"https:\/\/www.ufsm.br\/unidades-universitarias\/cachoeira-do-sul\/wp-json\/wp\/v2\/media?parent=3766"}],"wp:term":[{"taxonomy":"category","embeddable":true,"href":"https:\/\/www.ufsm.br\/unidades-universitarias\/cachoeira-do-sul\/wp-json\/wp\/v2\/categories?post=3766"},{"taxonomy":"post_tag","embeddable":true,"href":"https:\/\/www.ufsm.br\/unidades-universitarias\/cachoeira-do-sul\/wp-json\/wp\/v2\/tags?post=3766"}],"curies":[{"name":"wp","href":"https:\/\/api.w.org\/{rel}","templated":true}]}}