{"id":3808,"date":"2022-07-21T13:46:30","date_gmt":"2022-07-21T16:46:30","guid":{"rendered":"https:\/\/www.ufsm.br\/unidades-universitarias\/cachoeira-do-sul\/?p=3808"},"modified":"2022-07-21T13:46:32","modified_gmt":"2022-07-21T16:46:32","slug":"ufsm-cs-realiza-bergaday-no-intervalo-do-meio-dia","status":"publish","type":"post","link":"https:\/\/www.ufsm.br\/unidades-universitarias\/cachoeira-do-sul\/2022\/07\/21\/ufsm-cs-realiza-bergaday-no-intervalo-do-meio-dia","title":{"rendered":"UFSM-CS realiza Bergaday no intervalo do meio-dia"},"content":{"rendered":"\n<p align=\"justify\"><a href=\"https:\/\/www.ufsm.br\/app\/uploads\/sites\/376\/2022\/07\/Copia-de-Bergaday.jpg\"><img fetchpriority=\"high\" decoding=\"async\" class=\" wp-image-3809 alignright\" src=\"https:\/\/www.ufsm.br\/app\/uploads\/sites\/376\/2022\/07\/Copia-de-Bergaday-300x300.jpg\" alt=\"\" width=\"250\" height=\"250\" srcset=\"https:\/\/www.ufsm.br\/app\/uploads\/sites\/376\/2022\/07\/Copia-de-Bergaday-300x300.jpg 300w, https:\/\/www.ufsm.br\/app\/uploads\/sites\/376\/2022\/07\/Copia-de-Bergaday-1024x1024.jpg 1024w, https:\/\/www.ufsm.br\/app\/uploads\/sites\/376\/2022\/07\/Copia-de-Bergaday-150x150.jpg 150w, https:\/\/www.ufsm.br\/app\/uploads\/sites\/376\/2022\/07\/Copia-de-Bergaday-768x768.jpg 768w, https:\/\/www.ufsm.br\/app\/uploads\/sites\/376\/2022\/07\/Copia-de-Bergaday.jpg 1080w\" sizes=\"(max-width: 250px) 100vw, 250px\" \/><\/a>O campus da UFSM em Cachoeira do Sul ir\u00e1 promover um momento de lazer para a comunidade no intervalo do almo\u00e7o nesta sexta-feira, dia 22 de julho: o Bergaday da UFSM-CS. Entre \u00e0s 11h e \u00e0s 14h, haver\u00e1, no p\u00e1tio da quadra 4 do campus, um espa\u00e7o para apresenta\u00e7\u00f5es e distribui\u00e7\u00e3o de bergamotas. Tamb\u00e9m haver\u00e1 transmiss\u00f5es on-line pela R\u00e1dio FAN FM, apoiadora do campus, atrav\u00e9s do edital de chamada p\u00fablica realizado nos meses de maio e junho.<\/p>\n<p align=\"justify\">A ideia \u00e9 que, durante este intervalo, a comunidade acad\u00eamica possa descontrair e interagir. Ainda est\u00e3o nos planos da UFSM-CS a realiza\u00e7\u00e3o de mais eventos deste tipo ao longo do ano, abertos a toda a comunidade cachoeirense. O objetivo \u00e9 que todos se sintam \u00e0 vontade para frequentar as instala\u00e7\u00f5es no Passo da Ferreira e que o campus seja, al\u00e9m de um espa\u00e7o de difus\u00e3o do conhecimento, um espa\u00e7o de lazer, sociabilidade, cultura e entretenimento.<\/p>\n<p align=\"justify\">\u00a0<\/p>\n<p align=\"justify\">\u00a0<\/p>\n","protected":false},"excerpt":{"rendered":"<p>O campus da UFSM em Cachoeira do Sul ir\u00e1 promover um momento de lazer para a comunidade no intervalo do almo\u00e7o nesta sexta-feira, dia 22 de julho: o Bergaday da UFSM-CS. Entre \u00e0s 11h e \u00e0s 14h, haver\u00e1, no p\u00e1tio da quadra 4 do campus, um espa\u00e7o para apresenta\u00e7\u00f5es e distribui\u00e7\u00e3o de bergamotas. Tamb\u00e9m haver\u00e1 [&hellip;]<\/p>\n","protected":false},"author":293,"featured_media":0,"comment_status":"closed","ping_status":"closed","sticky":false,"template":"","format":"standard","meta":{"footnotes":""},"categories":[1],"tags":[],"class_list":["post-3808","post","type-post","status-publish","format-standard","hentry","category-noticias"],"acf":[],"_links":{"self":[{"href":"https:\/\/www.ufsm.br\/unidades-universitarias\/cachoeira-do-sul\/wp-json\/wp\/v2\/posts\/3808","targetHints":{"allow":["GET"]}}],"collection":[{"href":"https:\/\/www.ufsm.br\/unidades-universitarias\/cachoeira-do-sul\/wp-json\/wp\/v2\/posts"}],"about":[{"href":"https:\/\/www.ufsm.br\/unidades-universitarias\/cachoeira-do-sul\/wp-json\/wp\/v2\/types\/post"}],"author":[{"embeddable":true,"href":"https:\/\/www.ufsm.br\/unidades-universitarias\/cachoeira-do-sul\/wp-json\/wp\/v2\/users\/293"}],"replies":[{"embeddable":true,"href":"https:\/\/www.ufsm.br\/unidades-universitarias\/cachoeira-do-sul\/wp-json\/wp\/v2\/comments?post=3808"}],"version-history":[{"count":0,"href":"https:\/\/www.ufsm.br\/unidades-universitarias\/cachoeira-do-sul\/wp-json\/wp\/v2\/posts\/3808\/revisions"}],"wp:attachment":[{"href":"https:\/\/www.ufsm.br\/unidades-universitarias\/cachoeira-do-sul\/wp-json\/wp\/v2\/media?parent=3808"}],"wp:term":[{"taxonomy":"category","embeddable":true,"href":"https:\/\/www.ufsm.br\/unidades-universitarias\/cachoeira-do-sul\/wp-json\/wp\/v2\/categories?post=3808"},{"taxonomy":"post_tag","embeddable":true,"href":"https:\/\/www.ufsm.br\/unidades-universitarias\/cachoeira-do-sul\/wp-json\/wp\/v2\/tags?post=3808"}],"curies":[{"name":"wp","href":"https:\/\/api.w.org\/{rel}","templated":true}]}}