{"id":3813,"date":"2022-07-22T16:58:09","date_gmt":"2022-07-22T19:58:09","guid":{"rendered":"https:\/\/www.ufsm.br\/unidades-universitarias\/cachoeira-do-sul\/?p=3813"},"modified":"2022-07-22T16:58:11","modified_gmt":"2022-07-22T19:58:11","slug":"ufsm-cs-recebe-premio-no-jantar-do-dia-do-comerciante-em-cachoeira-do-sul","status":"publish","type":"post","link":"https:\/\/www.ufsm.br\/unidades-universitarias\/cachoeira-do-sul\/2022\/07\/22\/ufsm-cs-recebe-premio-no-jantar-do-dia-do-comerciante-em-cachoeira-do-sul","title":{"rendered":"UFSM-CS recebe pr\u00eamio no Jantar do Dia do Comerciante em Cachoeira do Sul"},"content":{"rendered":"\n<p align=\"justify\"><a href=\"https:\/\/www.ufsm.br\/app\/uploads\/sites\/376\/2022\/07\/WhatsApp-Image-2022-07-20-at-15.04.04.jpeg\"><img fetchpriority=\"high\" decoding=\"async\" class=\" wp-image-3814 alignright\" src=\"https:\/\/www.ufsm.br\/app\/uploads\/sites\/376\/2022\/07\/WhatsApp-Image-2022-07-20-at-15.04.04-300x225.jpeg\" alt=\"\" width=\"335\" height=\"251\" srcset=\"https:\/\/www.ufsm.br\/app\/uploads\/sites\/376\/2022\/07\/WhatsApp-Image-2022-07-20-at-15.04.04-300x225.jpeg 300w, https:\/\/www.ufsm.br\/app\/uploads\/sites\/376\/2022\/07\/WhatsApp-Image-2022-07-20-at-15.04.04-1024x768.jpeg 1024w, https:\/\/www.ufsm.br\/app\/uploads\/sites\/376\/2022\/07\/WhatsApp-Image-2022-07-20-at-15.04.04-768x576.jpeg 768w, https:\/\/www.ufsm.br\/app\/uploads\/sites\/376\/2022\/07\/WhatsApp-Image-2022-07-20-at-15.04.04.jpeg 1156w\" sizes=\"(max-width: 335px) 100vw, 335px\" \/><\/a>O campus da UFSM em Cachoeira do Sul recebeu o trof\u00e9u Mercador Princesa do Jacu\u00ed, durante o jantar comemorativo ao Dia do Comerciante, promovido pelo Sindilojas Vale do Jacu\u00ed. O evento, que re\u00fane empres\u00e1rios, lideran\u00e7as e entidades da regi\u00e3o, premia e reconhece o trabalho de sucesso, o voluntariado e o crescimento de empresas e organiza\u00e7\u00f5es dos mais diversos setores.<\/p>\n<p align=\"justify\">Segundo a organiza\u00e7\u00e3o do jantar, falar da UFSM em Cachoeira do Sul \u00e9 falar de uma nova era de desenvolvimento local e regional e, por isso, o campus foi premiado durante o evento. Para a Dire\u00e7\u00e3o da UFSM-CS, a premia\u00e7\u00e3o \u00e9 muito importante para a Institui\u00e7\u00e3o, pois \u00e9 o reconhecimento do trabalho que est\u00e1 sendo desenvolvido h\u00e1 oito anos em Cachoeira do Sul. Participaram do evento, representando a UFSM, o diretor do campus de Cachoeira do Sul, Anderson Dal Molin; o vice-diretor, Giovani Zabot; o coodenador substituto Acad\u00eamico, Juan Balcazar; e o coordenador de Pesquisa e Extens\u00e3o, Paulo Avelar Ferreira.<\/p>\n","protected":false},"excerpt":{"rendered":"<p>O campus da UFSM em Cachoeira do Sul recebeu o trof\u00e9u Mercador Princesa do Jacu\u00ed, durante o jantar comemorativo ao Dia do Comerciante, promovido pelo Sindilojas Vale do Jacu\u00ed. O evento, que re\u00fane empres\u00e1rios, lideran\u00e7as e entidades da regi\u00e3o, premia e reconhece o trabalho de sucesso, o voluntariado e o crescimento de empresas e organiza\u00e7\u00f5es [&hellip;]<\/p>\n","protected":false},"author":293,"featured_media":3815,"comment_status":"closed","ping_status":"closed","sticky":false,"template":"","format":"standard","meta":{"footnotes":""},"categories":[21,1],"tags":[],"class_list":["post-3813","post","type-post","status-publish","format-standard","has-post-thumbnail","hentry","category-banner","category-noticias"],"acf":[],"_links":{"self":[{"href":"https:\/\/www.ufsm.br\/unidades-universitarias\/cachoeira-do-sul\/wp-json\/wp\/v2\/posts\/3813","targetHints":{"allow":["GET"]}}],"collection":[{"href":"https:\/\/www.ufsm.br\/unidades-universitarias\/cachoeira-do-sul\/wp-json\/wp\/v2\/posts"}],"about":[{"href":"https:\/\/www.ufsm.br\/unidades-universitarias\/cachoeira-do-sul\/wp-json\/wp\/v2\/types\/post"}],"author":[{"embeddable":true,"href":"https:\/\/www.ufsm.br\/unidades-universitarias\/cachoeira-do-sul\/wp-json\/wp\/v2\/users\/293"}],"replies":[{"embeddable":true,"href":"https:\/\/www.ufsm.br\/unidades-universitarias\/cachoeira-do-sul\/wp-json\/wp\/v2\/comments?post=3813"}],"version-history":[{"count":0,"href":"https:\/\/www.ufsm.br\/unidades-universitarias\/cachoeira-do-sul\/wp-json\/wp\/v2\/posts\/3813\/revisions"}],"wp:featuredmedia":[{"embeddable":true,"href":"https:\/\/www.ufsm.br\/unidades-universitarias\/cachoeira-do-sul\/wp-json\/wp\/v2\/media\/3815"}],"wp:attachment":[{"href":"https:\/\/www.ufsm.br\/unidades-universitarias\/cachoeira-do-sul\/wp-json\/wp\/v2\/media?parent=3813"}],"wp:term":[{"taxonomy":"category","embeddable":true,"href":"https:\/\/www.ufsm.br\/unidades-universitarias\/cachoeira-do-sul\/wp-json\/wp\/v2\/categories?post=3813"},{"taxonomy":"post_tag","embeddable":true,"href":"https:\/\/www.ufsm.br\/unidades-universitarias\/cachoeira-do-sul\/wp-json\/wp\/v2\/tags?post=3813"}],"curies":[{"name":"wp","href":"https:\/\/api.w.org\/{rel}","templated":true}]}}