{"id":3897,"date":"2022-08-23T10:58:15","date_gmt":"2022-08-23T13:58:15","guid":{"rendered":"https:\/\/www.ufsm.br\/unidades-universitarias\/cachoeira-do-sul\/?p=3897"},"modified":"2022-08-23T11:16:16","modified_gmt":"2022-08-23T14:16:16","slug":"projeto-de-extensao-da-ufsm-cs-realiza-acoes-de-capacitacao-em-topicos-de-computacao-e-robotica","status":"publish","type":"post","link":"https:\/\/www.ufsm.br\/unidades-universitarias\/cachoeira-do-sul\/2022\/08\/23\/projeto-de-extensao-da-ufsm-cs-realiza-acoes-de-capacitacao-em-topicos-de-computacao-e-robotica","title":{"rendered":"Projeto de extens\u00e3o da UFSM-CS realiza a\u00e7\u00f5es de capacita\u00e7\u00e3o em t\u00f3picos de computa\u00e7\u00e3o e rob\u00f3tica"},"content":{"rendered":"\n<figure id=\"attachment_3895\" aria-describedby=\"caption-attachment-3895\" style=\"width: 316px\" class=\"wp-caption alignleft\"><a href=\"https:\/\/www.ufsm.br\/app\/uploads\/sites\/376\/2022\/08\/20220816_163013.jpg\"><img fetchpriority=\"high\" decoding=\"async\" class=\"wp-image-3895\" src=\"https:\/\/www.ufsm.br\/app\/uploads\/sites\/376\/2022\/08\/20220816_163013-300x198.jpg\" alt=\"\" width=\"316\" height=\"209\" srcset=\"https:\/\/www.ufsm.br\/app\/uploads\/sites\/376\/2022\/08\/20220816_163013-300x198.jpg 300w, https:\/\/www.ufsm.br\/app\/uploads\/sites\/376\/2022\/08\/20220816_163013-1024x676.jpg 1024w, https:\/\/www.ufsm.br\/app\/uploads\/sites\/376\/2022\/08\/20220816_163013-768x507.jpg 768w, https:\/\/www.ufsm.br\/app\/uploads\/sites\/376\/2022\/08\/20220816_163013-1536x1014.jpg 1536w, https:\/\/www.ufsm.br\/app\/uploads\/sites\/376\/2022\/08\/20220816_163013.jpg 1920w\" sizes=\"(max-width: 316px) 100vw, 316px\" \/><\/a><figcaption id=\"caption-attachment-3895\" class=\"wp-caption-text\"><em>Atividade realizada na Escola Rio Jacu\u00ed no dia 16 de agosto.<\/em><\/figcaption><\/figure>\n<p align=\"justify\">Na \u00faltima semana, integrantes do projeto \u201cA\u00e7\u00f5es de Capacita\u00e7\u00e3o em T\u00f3picos de Ci\u00eancia da Computa\u00e7\u00e3o e Rob\u00f3tica\u201d estiveram na Escola Estadual Rio Jacu\u00ed para dar in\u00edcio as suas primeiras atividades. O projeto, coordenado pelo professor Adriano Quili\u00e3o de Oliveira, tem como objetivo principal capacitar colaboradores de institui\u00e7\u00f5es na \u00e1rea de computa\u00e7\u00e3o e rob\u00f3tica.<\/p>\n<p align=\"justify\">A ideia do projeto de extens\u00e3o surgiu devido a demandas que chegaram at\u00e9 o campus. Uma delas partiu da Secretaria Municipal de Educa\u00e7\u00e3o (SMEd) e da 24\u00aa Coordenadoria Regional de Educa\u00e7\u00e3o (CRE). Ap\u00f3s o munic\u00edpio de Cachoeira do Sul ser contemplado no Projeto Educa\u00e7\u00e3o Ga\u00facha Conectada, no qual escolas da cidade receberam notebooks e kits de rob\u00f3tica, os \u00f3rg\u00e3os sentiram a necessidade de capacitar seus professores para o uso dos equipamentos. Assim, o projeto de extens\u00e3o da UFSM se prop\u00f5e a desenvolver a\u00e7\u00f5es que auxiliem no uso destes materiais nas escolas, como ferramentas metodol\u00f3gicas. No projeto, ser\u00e3o ensinados, principalmente, conte\u00fados de rob\u00f3tica e computa\u00e7\u00e3o. Al\u00e9m disso, ser\u00e1 difundida a cultura Maker, atrav\u00e9s de atividades focadas no aluno como protagonista, que empregam, sempre que poss\u00edvel, materiais e componentes reutilizados.<\/p>\n<figure id=\"attachment_3894\" aria-describedby=\"caption-attachment-3894\" style=\"width: 336px\" class=\"wp-caption alignright\"><a href=\"https:\/\/www.ufsm.br\/app\/uploads\/sites\/376\/2022\/08\/20220817_143853.jpg\"><img decoding=\"async\" class=\"wp-image-3894\" src=\"https:\/\/www.ufsm.br\/app\/uploads\/sites\/376\/2022\/08\/20220817_143853-300x194.jpg\" alt=\"\" width=\"336\" height=\"217\" srcset=\"https:\/\/www.ufsm.br\/app\/uploads\/sites\/376\/2022\/08\/20220817_143853-300x194.jpg 300w, https:\/\/www.ufsm.br\/app\/uploads\/sites\/376\/2022\/08\/20220817_143853-1024x661.jpg 1024w, https:\/\/www.ufsm.br\/app\/uploads\/sites\/376\/2022\/08\/20220817_143853-768x496.jpg 768w, https:\/\/www.ufsm.br\/app\/uploads\/sites\/376\/2022\/08\/20220817_143853-1536x991.jpg 1536w, https:\/\/www.ufsm.br\/app\/uploads\/sites\/376\/2022\/08\/20220817_143853.jpg 1920w\" sizes=\"(max-width: 336px) 100vw, 336px\" \/><\/a><figcaption id=\"caption-attachment-3894\" class=\"wp-caption-text\"><em>Atividade realizada na Escola Rio Jacu\u00ed no dia 17 de agosto.<\/em><\/figcaption><\/figure>\n<p align=\"justify\">Nesta primeira atividade na Escola Estadual Rio Jacu\u00ed, em car\u00e1ter experimental, foi realizado o primeiro de oito experimentos que ser\u00e3o desenvolvidos com estudantes do 9\u00ba ano da escola. Neste primeiro experimento, os alunos montaram um cofrinho luminoso. Quando uma moeda \u00e9 inserida no cofre, um led se acende. Com o experimento, os alunos aprendem uma no\u00e7\u00e3o b\u00e1sica de circuito el\u00e9trico. A ideia \u00e9 que em cada encontro seja realizado um novo experimento, finalizando com a oitava atividade, que ser\u00e1 montar um carrinho que \u00e9 controlado pelo celular.<\/p>\n<figure id=\"attachment_3898\" aria-describedby=\"caption-attachment-3898\" style=\"width: 313px\" class=\"wp-caption alignleft\"><a href=\"https:\/\/www.ufsm.br\/app\/uploads\/sites\/376\/2022\/08\/20220811_145737.jpg\"><img decoding=\"async\" class=\"wp-image-3898\" src=\"https:\/\/www.ufsm.br\/app\/uploads\/sites\/376\/2022\/08\/20220811_145737-300x262.jpg\" alt=\"\" width=\"313\" height=\"273\" srcset=\"https:\/\/www.ufsm.br\/app\/uploads\/sites\/376\/2022\/08\/20220811_145737-300x262.jpg 300w, https:\/\/www.ufsm.br\/app\/uploads\/sites\/376\/2022\/08\/20220811_145737-1024x895.jpg 1024w, https:\/\/www.ufsm.br\/app\/uploads\/sites\/376\/2022\/08\/20220811_145737-768x672.jpg 768w, https:\/\/www.ufsm.br\/app\/uploads\/sites\/376\/2022\/08\/20220811_145737-1536x1343.jpg 1536w, https:\/\/www.ufsm.br\/app\/uploads\/sites\/376\/2022\/08\/20220811_145737.jpg 1920w\" sizes=\"(max-width: 313px) 100vw, 313px\" \/><\/a><figcaption id=\"caption-attachment-3898\" class=\"wp-caption-text\"><em>Na tarde do dia 11 de agosto, estiveram no campus da UFSM-CS, representantes do 13\u00ba GAC, para tratar sobre os cursos que ser\u00e3o desenvolvidos.<\/em><\/figcaption><\/figure>\n<p align=\"justify\">No segundo semestre letivo da UFSM, o projeto realizar\u00e1 estas atividades em outras escolas do mun\u00edcipio. Segundo o professor Adriano Quili\u00e3o, com a realiza\u00e7\u00e3o do projeto, se pretende apresentar aos estudantes conte\u00fados que n\u00e3o s\u00e3o comumente vistos na escola e que podem ser um diferencial no seu futuro, podendo despertar, inclusive, o interesse em realizar um curso t\u00e9cnico ou uma gradua\u00e7\u00e3o. Al\u00e9m disso, como os professores tamb\u00e9m participam das atividades, se espera que estes se familiarizem com os kits de rob\u00f3tica e passem a integr\u00e1-los em suas aulas (matem\u00e1tica, ci\u00eancias, etc.). \u201cA rob\u00f3tica educacional \u00e9 uma importante ferramenta de ensino, por isso, com o avan\u00e7ar do projeto, pretendemos prover forma\u00e7\u00f5es espec\u00edficas para os professores, para que estes empreguem, sempre que poss\u00edvel, a rob\u00f3tica como metodologia educacional\u201d, complementa o coordenador do projeto.<\/p>\n<p align=\"justify\">Al\u00e9m da parceria com as escolas, o projeto tamb\u00e9m realizar\u00e1, no pr\u00f3ximo semestre, dois cursos para colaboradores do\u00a0 13\u00b0 Grupo de Artilharia de Campanha (GAC).<\/p>\n","protected":false},"excerpt":{"rendered":"<p>Na \u00faltima semana, integrantes do projeto \u201cA\u00e7\u00f5es de Capacita\u00e7\u00e3o em T\u00f3picos de Ci\u00eancia da Computa\u00e7\u00e3o e Rob\u00f3tica\u201d estiveram na Escola Estadual Rio Jacu\u00ed para dar in\u00edcio as suas primeiras atividades. O projeto, coordenado pelo professor Adriano Quili\u00e3o de Oliveira, tem como objetivo principal capacitar colaboradores de institui\u00e7\u00f5es na \u00e1rea de computa\u00e7\u00e3o e rob\u00f3tica. A ideia [&hellip;]<\/p>\n","protected":false},"author":293,"featured_media":3896,"comment_status":"closed","ping_status":"closed","sticky":false,"template":"","format":"standard","meta":{"footnotes":""},"categories":[21,1],"tags":[],"class_list":["post-3897","post","type-post","status-publish","format-standard","has-post-thumbnail","hentry","category-banner","category-noticias"],"acf":[],"_links":{"self":[{"href":"https:\/\/www.ufsm.br\/unidades-universitarias\/cachoeira-do-sul\/wp-json\/wp\/v2\/posts\/3897","targetHints":{"allow":["GET"]}}],"collection":[{"href":"https:\/\/www.ufsm.br\/unidades-universitarias\/cachoeira-do-sul\/wp-json\/wp\/v2\/posts"}],"about":[{"href":"https:\/\/www.ufsm.br\/unidades-universitarias\/cachoeira-do-sul\/wp-json\/wp\/v2\/types\/post"}],"author":[{"embeddable":true,"href":"https:\/\/www.ufsm.br\/unidades-universitarias\/cachoeira-do-sul\/wp-json\/wp\/v2\/users\/293"}],"replies":[{"embeddable":true,"href":"https:\/\/www.ufsm.br\/unidades-universitarias\/cachoeira-do-sul\/wp-json\/wp\/v2\/comments?post=3897"}],"version-history":[{"count":0,"href":"https:\/\/www.ufsm.br\/unidades-universitarias\/cachoeira-do-sul\/wp-json\/wp\/v2\/posts\/3897\/revisions"}],"wp:featuredmedia":[{"embeddable":true,"href":"https:\/\/www.ufsm.br\/unidades-universitarias\/cachoeira-do-sul\/wp-json\/wp\/v2\/media\/3896"}],"wp:attachment":[{"href":"https:\/\/www.ufsm.br\/unidades-universitarias\/cachoeira-do-sul\/wp-json\/wp\/v2\/media?parent=3897"}],"wp:term":[{"taxonomy":"category","embeddable":true,"href":"https:\/\/www.ufsm.br\/unidades-universitarias\/cachoeira-do-sul\/wp-json\/wp\/v2\/categories?post=3897"},{"taxonomy":"post_tag","embeddable":true,"href":"https:\/\/www.ufsm.br\/unidades-universitarias\/cachoeira-do-sul\/wp-json\/wp\/v2\/tags?post=3897"}],"curies":[{"name":"wp","href":"https:\/\/api.w.org\/{rel}","templated":true}]}}