{"id":3916,"date":"2022-09-02T10:02:43","date_gmt":"2022-09-02T13:02:43","guid":{"rendered":"https:\/\/www.ufsm.br\/unidades-universitarias\/cachoeira-do-sul\/?p=3916"},"modified":"2022-09-02T10:02:44","modified_gmt":"2022-09-02T13:02:44","slug":"campus-da-ufsm-em-cachoeira-do-sul-realiza-formatura-institucional-integrada-neste-sabado-03","status":"publish","type":"post","link":"https:\/\/www.ufsm.br\/unidades-universitarias\/cachoeira-do-sul\/2022\/09\/02\/campus-da-ufsm-em-cachoeira-do-sul-realiza-formatura-institucional-integrada-neste-sabado-03","title":{"rendered":"Campus da UFSM em Cachoeira do Sul realiza Formatura Institucional Integrada neste s\u00e1bado (03)"},"content":{"rendered":"\n<p>Neste s\u00e1bado (03), ser\u00e1 realizada mais uma Formatura Institucional Integrada do <em>campus<\/em> da Universidade Federal de Santa Maria em Cachoeira do Sul. A solenidade, que contar\u00e1 com a presen\u00e7a do reitor da UFSM, professor Luciano Schuch, ser\u00e1 no Audit\u00f3rio da Ulbra, \u00e0s 19h. Estar\u00e3o colando grau, formandos da 7\u00aa Turma dos cursos de Engenharia Agr\u00edcola, Engenharia El\u00e9trica e Engenharia Mec\u00e2nica e da 4\u00aa Turma do curso de Arquitetura e Urbanismo.<\/p>\n<p>A primeira solenidade do\u00a0<em>campus <\/em>Cachoeira do Sul aconteceu no dia 03 de agosto de 2019. Desde ent\u00e3o, todas as solenidades presenciais de formatura da UFSM-CS acontecem no formato institucional e integrado sem nenhum custo para os formandos.<\/p>\n","protected":false},"excerpt":{"rendered":"<p>Neste s\u00e1bado (03), ser\u00e1 realizada mais uma Formatura Institucional Integrada do campus da Universidade Federal de Santa Maria em Cachoeira do Sul. A solenidade, que contar\u00e1 com a presen\u00e7a do reitor da UFSM, professor Luciano Schuch, ser\u00e1 no Audit\u00f3rio da Ulbra, \u00e0s 19h. Estar\u00e3o colando grau, formandos da 7\u00aa Turma dos cursos de Engenharia Agr\u00edcola, [&hellip;]<\/p>\n","protected":false},"author":293,"featured_media":0,"comment_status":"closed","ping_status":"closed","sticky":false,"template":"","format":"standard","meta":{"footnotes":""},"categories":[1],"tags":[],"class_list":["post-3916","post","type-post","status-publish","format-standard","hentry","category-noticias"],"acf":[],"_links":{"self":[{"href":"https:\/\/www.ufsm.br\/unidades-universitarias\/cachoeira-do-sul\/wp-json\/wp\/v2\/posts\/3916","targetHints":{"allow":["GET"]}}],"collection":[{"href":"https:\/\/www.ufsm.br\/unidades-universitarias\/cachoeira-do-sul\/wp-json\/wp\/v2\/posts"}],"about":[{"href":"https:\/\/www.ufsm.br\/unidades-universitarias\/cachoeira-do-sul\/wp-json\/wp\/v2\/types\/post"}],"author":[{"embeddable":true,"href":"https:\/\/www.ufsm.br\/unidades-universitarias\/cachoeira-do-sul\/wp-json\/wp\/v2\/users\/293"}],"replies":[{"embeddable":true,"href":"https:\/\/www.ufsm.br\/unidades-universitarias\/cachoeira-do-sul\/wp-json\/wp\/v2\/comments?post=3916"}],"version-history":[{"count":0,"href":"https:\/\/www.ufsm.br\/unidades-universitarias\/cachoeira-do-sul\/wp-json\/wp\/v2\/posts\/3916\/revisions"}],"wp:attachment":[{"href":"https:\/\/www.ufsm.br\/unidades-universitarias\/cachoeira-do-sul\/wp-json\/wp\/v2\/media?parent=3916"}],"wp:term":[{"taxonomy":"category","embeddable":true,"href":"https:\/\/www.ufsm.br\/unidades-universitarias\/cachoeira-do-sul\/wp-json\/wp\/v2\/categories?post=3916"},{"taxonomy":"post_tag","embeddable":true,"href":"https:\/\/www.ufsm.br\/unidades-universitarias\/cachoeira-do-sul\/wp-json\/wp\/v2\/tags?post=3916"}],"curies":[{"name":"wp","href":"https:\/\/api.w.org\/{rel}","templated":true}]}}