{"id":3921,"date":"2022-09-06T11:18:33","date_gmt":"2022-09-06T14:18:33","guid":{"rendered":"https:\/\/www.ufsm.br\/unidades-universitarias\/cachoeira-do-sul\/?p=3921"},"modified":"2022-09-06T11:18:35","modified_gmt":"2022-09-06T14:18:35","slug":"ufsm-cs-realiza-conversa-com-a-comunidade-cachoeirense-sobre-ingresso-na-instituicao","status":"publish","type":"post","link":"https:\/\/www.ufsm.br\/unidades-universitarias\/cachoeira-do-sul\/2022\/09\/06\/ufsm-cs-realiza-conversa-com-a-comunidade-cachoeirense-sobre-ingresso-na-instituicao","title":{"rendered":"UFSM-CS  realiza conversa com a comunidade cachoeirense sobre ingresso na Institui\u00e7\u00e3o"},"content":{"rendered":"\n<p><span style=\"color: #1c1c1c\"><span style=\"font-family: rawline, sans-serif\"><span style=\"font-size: medium\"><a href=\"https:\/\/www.ufsm.br\/app\/uploads\/sites\/376\/2022\/09\/Conversa-com-Jeronimo.jpg\"><img fetchpriority=\"high\" decoding=\"async\" class=\" wp-image-3923 alignright\" src=\"https:\/\/www.ufsm.br\/app\/uploads\/sites\/376\/2022\/09\/Conversa-com-Jeronimo-300x300.jpg\" alt=\"\" width=\"344\" height=\"344\" srcset=\"https:\/\/www.ufsm.br\/app\/uploads\/sites\/376\/2022\/09\/Conversa-com-Jeronimo-300x300.jpg 300w, https:\/\/www.ufsm.br\/app\/uploads\/sites\/376\/2022\/09\/Conversa-com-Jeronimo-1024x1024.jpg 1024w, https:\/\/www.ufsm.br\/app\/uploads\/sites\/376\/2022\/09\/Conversa-com-Jeronimo-150x150.jpg 150w, https:\/\/www.ufsm.br\/app\/uploads\/sites\/376\/2022\/09\/Conversa-com-Jeronimo-768x768.jpg 768w, https:\/\/www.ufsm.br\/app\/uploads\/sites\/376\/2022\/09\/Conversa-com-Jeronimo.jpg 1080w\" sizes=\"(max-width: 344px) 100vw, 344px\" \/><\/a>Na pr\u00f3xima quinta-feira, dia 08, \u00e0s 16h, o pr\u00f3-reitor de Gradua\u00e7\u00e3o da UFSM, prof. Jer\u00f4nimo Tybusch, estar\u00e1 em Cachoeira do Sul para falar sobre o edital de sele\u00e7\u00e3o para as vagas complementares SiSU\/UFSM 2022.2. Al\u00e9m disso, o professor ir\u00e1 trazer algumas informa\u00e7\u00f5es sobre mudan\u00e7as no sistema de ingresso da UFSM a partir do pr\u00f3ximo semestre.<\/span><\/span><\/span><\/p>\n<p><span style=\"color: #1c1c1c\"><span style=\"font-family: rawline, sans-serif\"><span style=\"font-size: medium\">O encontro ser\u00e1 realizado no Audit\u00f3rio da Casa de Cultura Paulo Salzano Vieira da Cunha e \u00e9 aberto a toda a comunidade cachoeirense.<\/span><\/span><\/span><\/p>\n<p><span style=\"color: #1c1c1c\"><span style=\"font-family: rawline, sans-serif\"><span style=\"font-size: medium\">O edital de vagas complementares est\u00e1 com inscri\u00e7\u00f5es abertas at\u00e9 o dia 12 de setembro, atrav\u00e9s da <a href=\"https:\/\/www.ufsm.br\/pro-reitorias\/prograd\/editais\/043-2022\/\">p\u00e1gina da Prograd<\/a>. Podem participar <\/span><\/span><\/span><span style=\"color: #1c1c1c\"><span style=\"font-family: rawline, sans-serif\"><span style=\"font-size: medium\">do processo as pessoas que realizaram o Exame Nacional do Ensino M\u00e9dio (Enem) completo, com presen\u00e7a em todas as provas, em 2021 ou 2020 ou 2019 ou 2018 ou 2017. Para o campus de Cachoeira do Sul est\u00e3o dispon\u00edveis 139 vagas, sendo: 16 vagas para o curso de Arquitetura e Urbanismo; 33 para Engenharia Agr\u00edcola; 32 para Engenharia El\u00e9trica; 30 para Engenharia Mec\u00e2nica; e 28 para o curso de Transportes e Log\u00edstica.<\/span><\/span><\/span><\/p>\n","protected":false},"excerpt":{"rendered":"<p>Encontro ser\u00e1 conduzido pelo pr\u00f3-reitor de Gradua\u00e7\u00e3o, Jer\u00f4nimo Tybusch, que falar\u00e1 sobre vagas complementares e mudan\u00e7as no sistema de ingresso na UFSM a partir do pr\u00f3ximo semestre<\/p>\n","protected":false},"author":293,"featured_media":3922,"comment_status":"closed","ping_status":"closed","sticky":false,"template":"","format":"standard","meta":{"footnotes":""},"categories":[21,1],"tags":[],"class_list":["post-3921","post","type-post","status-publish","format-standard","has-post-thumbnail","hentry","category-banner","category-noticias"],"acf":[],"_links":{"self":[{"href":"https:\/\/www.ufsm.br\/unidades-universitarias\/cachoeira-do-sul\/wp-json\/wp\/v2\/posts\/3921","targetHints":{"allow":["GET"]}}],"collection":[{"href":"https:\/\/www.ufsm.br\/unidades-universitarias\/cachoeira-do-sul\/wp-json\/wp\/v2\/posts"}],"about":[{"href":"https:\/\/www.ufsm.br\/unidades-universitarias\/cachoeira-do-sul\/wp-json\/wp\/v2\/types\/post"}],"author":[{"embeddable":true,"href":"https:\/\/www.ufsm.br\/unidades-universitarias\/cachoeira-do-sul\/wp-json\/wp\/v2\/users\/293"}],"replies":[{"embeddable":true,"href":"https:\/\/www.ufsm.br\/unidades-universitarias\/cachoeira-do-sul\/wp-json\/wp\/v2\/comments?post=3921"}],"version-history":[{"count":0,"href":"https:\/\/www.ufsm.br\/unidades-universitarias\/cachoeira-do-sul\/wp-json\/wp\/v2\/posts\/3921\/revisions"}],"wp:featuredmedia":[{"embeddable":true,"href":"https:\/\/www.ufsm.br\/unidades-universitarias\/cachoeira-do-sul\/wp-json\/wp\/v2\/media\/3922"}],"wp:attachment":[{"href":"https:\/\/www.ufsm.br\/unidades-universitarias\/cachoeira-do-sul\/wp-json\/wp\/v2\/media?parent=3921"}],"wp:term":[{"taxonomy":"category","embeddable":true,"href":"https:\/\/www.ufsm.br\/unidades-universitarias\/cachoeira-do-sul\/wp-json\/wp\/v2\/categories?post=3921"},{"taxonomy":"post_tag","embeddable":true,"href":"https:\/\/www.ufsm.br\/unidades-universitarias\/cachoeira-do-sul\/wp-json\/wp\/v2\/tags?post=3921"}],"curies":[{"name":"wp","href":"https:\/\/api.w.org\/{rel}","templated":true}]}}