{"id":3928,"date":"2022-09-12T09:19:25","date_gmt":"2022-09-12T12:19:25","guid":{"rendered":"https:\/\/www.ufsm.br\/unidades-universitarias\/cachoeira-do-sul\/?p=3928"},"modified":"2022-09-12T09:19:27","modified_gmt":"2022-09-12T12:19:27","slug":"laboratorio-de-sintese-e-caracterizacao-de-nanomateriais-lscnano-registra-sua-5o-patente","status":"publish","type":"post","link":"https:\/\/www.ufsm.br\/unidades-universitarias\/cachoeira-do-sul\/2022\/09\/12\/laboratorio-de-sintese-e-caracterizacao-de-nanomateriais-lscnano-registra-sua-5o-patente","title":{"rendered":"Laborat\u00f3rio de S\u00edntese e Caracteriza\u00e7\u00e3o de Nanomateriais (LSCNano) registra sua 5\u00ba patente"},"content":{"rendered":"\n<p class=\"western\" lang=\"en-US\" align=\"justify\"><span style=\"font-family: Times New Roman, serif\"><span style=\"font-size: medium\">No in\u00edcio de agosto, sob o n\u00famero <\/span><\/span><span style=\"font-family: Times New Roman, serif\"><span style=\"font-size: medium\"><span lang=\"pt-BR\">BR 10 2022 017553 5, foi depositada a 5\u00aa patente criada pelo <\/span><\/span><\/span><span style=\"color: #222222\"><span style=\"font-family: Times New Roman, serif\"><span style=\"font-size: medium\"><span lang=\"pt-BR\">Laborat\u00f3rio de S\u00edntese e Caracteriza\u00e7\u00e3o de Nanomateriais (LSCNano), do campus da UFSM em Cachoeira do Sul. I<\/span><\/span><\/span><\/span><span style=\"font-family: Times New Roman, serif\"><span style=\"font-size: medium\"><span lang=\"pt-BR\">ntitulada <\/span><\/span><\/span><span style=\"font-family: Times New Roman, serif\"><span style=\"font-size: medium\"><span lang=\"pt-BR\"><b>\u201cArtefato Ciment\u00edcio Ecol\u00f3gico Condutor e Gerador de Energia Fotovoltaica e Higroel\u00e9trica\u201d<\/b><\/span><\/span><\/span><span style=\"font-family: Times New Roman, serif\"><span style=\"font-size: medium\"><span lang=\"pt-BR\">, a<\/span><\/span><\/span><span style=\"font-family: Times New Roman, serif\"><span style=\"font-size: medium\"> presente inven\u00e7\u00e3o<\/span><\/span> <span style=\"font-family: Times New Roman, serif\"><span style=\"font-size: medium\">pertence ao campo da <\/span><\/span><span style=\"font-family: Times New Roman, serif\"><span style=\"font-size: medium\">E<\/span><\/span><span style=\"font-family: Times New Roman, serif\"><span style=\"font-size: medium\">ngenharia <\/span><\/span><span style=\"font-family: Times New Roman, serif\"><span style=\"font-size: medium\">C<\/span><\/span><span style=\"font-family: Times New Roman, serif\"><span style=\"font-size: medium\">ivil e <\/span><\/span><span style=\"font-family: Times New Roman, serif\"><span style=\"font-size: medium\">E<\/span><\/span><span style=\"font-family: Times New Roman, serif\"><span style=\"font-size: medium\">ngenharia <\/span><\/span><span style=\"font-family: Times New Roman, serif\"><span style=\"font-size: medium\">E<\/span><\/span><span style=\"font-family: Times New Roman, serif\"><span style=\"font-size: medium\">l\u00e9trica, com foco em obten\u00e7\u00e3o de t\u00e9cnicas de coleta e gera\u00e7\u00e3o de energia alternativa<\/span><\/span><span style=\"font-family: Times New Roman, serif\"><span style=\"font-size: medium\"><span lang=\"pt-BR\">. O invento conta com a participa\u00e7\u00e3o das alunas Ingridi dos Santos Kremer, <\/span><\/span><\/span><span style=\"font-family: Times New Roman, serif\"><span style=\"font-size: medium\"><span lang=\"pt-BR\">do curso <\/span><\/span><\/span><span style=\"font-family: Times New Roman, serif\"><span style=\"font-size: medium\"><span lang=\"pt-BR\">de Engenharia El\u00e9trica, e Eloisa da Rosa, <\/span><\/span><\/span><span style=\"font-family: Times New Roman, serif\"><span style=\"font-size: medium\"><span lang=\"pt-BR\">do curso de <\/span><\/span><\/span><span style=\"font-family: Times New Roman, serif\"><span style=\"font-size: medium\"><span lang=\"pt-BR\">Engenharia Mec\u00e2nica, orientadas pelo professor Jocenir Boita.<\/span><\/span><\/span><\/p>\n<p class=\"western\" lang=\"en-US\" align=\"justify\"><span style=\"font-family: Times New Roman, serif\"><span style=\"font-size: medium\"><a href=\"https:\/\/www.ufsm.br\/app\/uploads\/sites\/376\/2022\/09\/Nanogerador_patente.jpg\"><img fetchpriority=\"high\" decoding=\"async\" class=\"wp-image-3930 alignleft\" src=\"https:\/\/www.ufsm.br\/app\/uploads\/sites\/376\/2022\/09\/Nanogerador_patente-300x191.jpg\" alt=\"\" width=\"444\" height=\"283\" srcset=\"https:\/\/www.ufsm.br\/app\/uploads\/sites\/376\/2022\/09\/Nanogerador_patente-300x191.jpg 300w, https:\/\/www.ufsm.br\/app\/uploads\/sites\/376\/2022\/09\/Nanogerador_patente-1024x653.jpg 1024w, https:\/\/www.ufsm.br\/app\/uploads\/sites\/376\/2022\/09\/Nanogerador_patente-768x490.jpg 768w, https:\/\/www.ufsm.br\/app\/uploads\/sites\/376\/2022\/09\/Nanogerador_patente.jpg 1053w\" sizes=\"(max-width: 444px) 100vw, 444px\" \/><\/a>O artefato desta inven\u00e7\u00e3o possui capacidade de coleta e armazenamento de energia por fonte alternativa, <\/span><\/span><span style=\"font-family: Times New Roman, serif\"><span style=\"font-size: medium\"><span lang=\"pt-BR\">F<\/span><\/span><\/span><span style=\"font-family: Times New Roman, serif\"><span style=\"font-size: medium\">otovoltaica, <\/span><\/span><span style=\"font-family: Times New Roman, serif\"><span style=\"font-size: medium\"><span lang=\"pt-BR\">H<\/span><\/span><\/span><span style=\"font-family: Times New Roman, serif\"><span style=\"font-size: medium\">igroel\u00e9trica ou <\/span><\/span><span style=\"font-family: Times New Roman, serif\"><span style=\"font-size: medium\"><span lang=\"pt-BR\">H<\/span><\/span><\/span><span style=\"font-family: Times New Roman, serif\"><span style=\"font-size: medium\">\u00edbrida, com capacidade de gera\u00e7\u00e3o de <\/span><\/span><span style=\"font-family: Times New Roman, serif\"><span style=\"font-size: medium\"><span lang=\"pt-BR\">voltagem <\/span><\/span><\/span><span style=\"font-family: Times New Roman, serif\"><span style=\"font-size: medium\">de at\u00e9 400 mV e amperagem de at\u00e9 0,35 mA por<\/span><\/span><span style=\"font-family: Times New Roman, serif\"><span style=\"font-size: medium\"><span lang=\"pt-BR\"> uma<\/span><\/span><\/span><span style=\"font-family: Times New Roman, serif\"><span style=\"font-size: medium\"> \u00e1rea de 0,004 m\u00b2.<\/span><\/span><span style=\"font-family: Times New Roman, serif\"><span style=\"font-size: medium\"><span lang=\"pt-BR\"> Isso em escala industrial pode ser uma nova alternativa de gera\u00e7\u00e3o de energia, podendo ser utilizado com fontes de luz natural ou artificial durante o dia, umidade ou chuva durante a noite diretamente em contato com o artefato, combinadas de forma H\u00edbrida tanto durante o dia quanto a noite, ou seja em 100 % do tempo, gera eletricidade. Esta descoberta se baseia em conceitos de <\/span><\/span><\/span><span style=\"font-family: Times New Roman, serif\"><span style=\"font-size: medium\"><span lang=\"pt-BR\"><b>F\u00edsica<\/b><\/span><\/span><\/span><span style=\"font-family: Times New Roman, serif\"><span style=\"font-size: medium\"><span lang=\"pt-BR\"> voltados a <\/span><\/span><\/span><span style=\"font-family: Times New Roman, serif\"><span style=\"font-size: medium\"><span lang=\"pt-BR\"><b>\u201cNanotecnologia\u201d<\/b><\/span><\/span><\/span><span style=\"font-family: Times New Roman, serif\"><span style=\"font-size: medium\"><span lang=\"pt-BR\">, atrav\u00e9s do uso de nanoestruturas met\u00e1licas e seus \u00f3xidos. Esta patente de inven\u00e7\u00e3o representa um marco na hist\u00f3ria de gera\u00e7\u00e3o de eletricidade, pois utiliza, al\u00e9m da fonte Fotoel\u00e9trica (luz), uma fonte pouco conhecida e quase nada explorada a Higroeletricidade, combinadas de forma H\u00edbrida. <\/span><\/span><\/span><span style=\"font-family: Times New Roman, serif\"><span style=\"font-size: medium\"><span lang=\"pt-BR\">Segundo o professor Jocenir Boita, coordenador da pesquisa, a pretens\u00e3o \u00e9<\/span><\/span><\/span><span style=\"font-family: Times New Roman, serif\"><span style=\"font-size: medium\"><span lang=\"pt-BR\"> avan\u00e7ar com a transfer\u00eancia da tecnologia para empresas interessadas em desenvolver esta tecnologia a n\u00edvel industrial pelo mundo, fornecendo, desta forma, uma alternativa energ\u00e9tica a mais para a sociedade. <\/span><\/span><\/span><\/p>\n","protected":false},"excerpt":{"rendered":"<p>No in\u00edcio de agosto, sob o n\u00famero BR 10 2022 017553 5, foi depositada a 5\u00aa patente criada pelo Laborat\u00f3rio de S\u00edntese e Caracteriza\u00e7\u00e3o de Nanomateriais (LSCNano), do campus da UFSM em Cachoeira do Sul. Intitulada \u201cArtefato Ciment\u00edcio Ecol\u00f3gico Condutor e Gerador de Energia Fotovoltaica e Higroel\u00e9trica\u201d, a presente inven\u00e7\u00e3o pertence ao campo da Engenharia [&hellip;]<\/p>\n","protected":false},"author":293,"featured_media":3929,"comment_status":"closed","ping_status":"closed","sticky":false,"template":"","format":"standard","meta":{"footnotes":""},"categories":[21,1],"tags":[],"class_list":["post-3928","post","type-post","status-publish","format-standard","has-post-thumbnail","hentry","category-banner","category-noticias"],"acf":[],"_links":{"self":[{"href":"https:\/\/www.ufsm.br\/unidades-universitarias\/cachoeira-do-sul\/wp-json\/wp\/v2\/posts\/3928","targetHints":{"allow":["GET"]}}],"collection":[{"href":"https:\/\/www.ufsm.br\/unidades-universitarias\/cachoeira-do-sul\/wp-json\/wp\/v2\/posts"}],"about":[{"href":"https:\/\/www.ufsm.br\/unidades-universitarias\/cachoeira-do-sul\/wp-json\/wp\/v2\/types\/post"}],"author":[{"embeddable":true,"href":"https:\/\/www.ufsm.br\/unidades-universitarias\/cachoeira-do-sul\/wp-json\/wp\/v2\/users\/293"}],"replies":[{"embeddable":true,"href":"https:\/\/www.ufsm.br\/unidades-universitarias\/cachoeira-do-sul\/wp-json\/wp\/v2\/comments?post=3928"}],"version-history":[{"count":0,"href":"https:\/\/www.ufsm.br\/unidades-universitarias\/cachoeira-do-sul\/wp-json\/wp\/v2\/posts\/3928\/revisions"}],"wp:featuredmedia":[{"embeddable":true,"href":"https:\/\/www.ufsm.br\/unidades-universitarias\/cachoeira-do-sul\/wp-json\/wp\/v2\/media\/3929"}],"wp:attachment":[{"href":"https:\/\/www.ufsm.br\/unidades-universitarias\/cachoeira-do-sul\/wp-json\/wp\/v2\/media?parent=3928"}],"wp:term":[{"taxonomy":"category","embeddable":true,"href":"https:\/\/www.ufsm.br\/unidades-universitarias\/cachoeira-do-sul\/wp-json\/wp\/v2\/categories?post=3928"},{"taxonomy":"post_tag","embeddable":true,"href":"https:\/\/www.ufsm.br\/unidades-universitarias\/cachoeira-do-sul\/wp-json\/wp\/v2\/tags?post=3928"}],"curies":[{"name":"wp","href":"https:\/\/api.w.org\/{rel}","templated":true}]}}