{"id":3931,"date":"2022-09-16T12:39:22","date_gmt":"2022-09-16T15:39:22","guid":{"rendered":"https:\/\/www.ufsm.br\/unidades-universitarias\/cachoeira-do-sul\/?p=3931"},"modified":"2022-09-16T12:45:52","modified_gmt":"2022-09-16T15:45:52","slug":"ufsm-cs-recebe-seus-alunos-e-realiza-atividades-da-semana-farroupilha","status":"publish","type":"post","link":"https:\/\/www.ufsm.br\/unidades-universitarias\/cachoeira-do-sul\/2022\/09\/16\/ufsm-cs-recebe-seus-alunos-e-realiza-atividades-da-semana-farroupilha","title":{"rendered":"UFSM-CS recebe seus alunos e realiza atividades da Semana Farroupilha"},"content":{"rendered":"\t\t<div data-elementor-type=\"wp-post\" data-elementor-id=\"3931\" class=\"elementor elementor-3931\">\n\t\t\t\t\t\t<section class=\"elementor-section elementor-top-section elementor-element elementor-element-21eeb201 elementor-section-boxed elementor-section-height-default elementor-section-height-default\" data-id=\"21eeb201\" data-element_type=\"section\">\n\t\t\t\t\t\t<div class=\"elementor-container elementor-column-gap-default\">\n\t\t\t\t\t<div class=\"elementor-column elementor-col-100 elementor-top-column elementor-element elementor-element-701a0672\" data-id=\"701a0672\" data-element_type=\"column\">\n\t\t\t<div class=\"elementor-widget-wrap elementor-element-populated\">\n\t\t\t\t\t\t<div class=\"elementor-element elementor-element-5e985c55 elementor-widget elementor-widget-text-editor\" data-id=\"5e985c55\" data-element_type=\"widget\" data-widget_type=\"text-editor.default\">\n\t\t\t\t<div class=\"elementor-widget-container\">\n\t\t\t\t\t\t\t<!-- wp:tadv\/classic-paragraph -->\n<p style=\"text-align: justify\">O campus da UFSM em Cachoeira do Sul iniciou o seu segundo semestre letivo de 2022 com atividades de recep\u00e7\u00e3o e tamb\u00e9m apresenta\u00e7\u00f5es art\u00edsticas alusivas \u00e0 Semana Farroupilha.<\/p>\n<p style=\"text-align: justify\">Na ter\u00e7a-feira, dia 13, \u00e0s 16h30min, os alunos foram recepcionados pelo diretor do campus, prof. Anderson Dal Molin, e pelo vice-diretor, prof. Giovani Zabot. Na oportunidade, tamb\u00e9m estava presente o reitor da UFSM, prof. Luciano Schuch. Em sua fala, Schuch salientou a import\u00e2ncia de dar aten\u00e7\u00e3o a todas as viv\u00eancias e etapas da vida acad\u00eamica. Ap\u00f3s a fala do reitor, foi a vez dos respons\u00e1veis pelo N\u00facleo de Assist\u00eancia Estudantil (NAE), pela Secretaria dos Cursos e pelo Restaurante Universit\u00e1rio (RUCS) se apresentarem. Por fim, as representantes do Diret\u00f3rio Acad\u00eamico da Arquitetura tamb\u00e9m deram as boas-vindas aos estudantes.<\/p>\n<p style=\"text-align: justify\">Ap\u00f3s essa apresenta\u00e7\u00e3o geral, foram realizadas duas apresenta\u00e7\u00f5es de dan\u00e7a da Invernada Juvenil e Dan\u00e7a de Sal\u00e3o, do CTG Est\u00e2ncia do Chimarr\u00e3o. O estudante de Engenharia Mec\u00e2nica, Eagro M\u00fcller, encerrou as atividades do dia 13 com uma declama\u00e7\u00e3o.<\/p>\n<p style=\"text-align: justify\">No dia 14, no intervalo do meio-dia, mais apresenta\u00e7\u00f5es ocorreram no hall da Biblioteca Setorial da UFSM-CS. As jovens Maine e Luiza Pohlmann declamaram, respectivamente, as poesias &#8220;Esse tal Bicho Pap\u00e3o&#8221;, de Rani Molinari, e \u201cRomance das Mulheres dos Guerreiros\u201d, de Delci Oliveira. Al\u00e9m das declama\u00e7\u00f5es, os m\u00fasicos Jonas Motta, servidor do campus, e Max Oliveira fizeram uma apresenta\u00e7\u00e3o musical. Durante as atividades tamb\u00e9m ocorreram duas exposi\u00e7\u00f5es: uma sobre a hist\u00f3ria das pilchas ga\u00fachas e outras sobre brinquedos e folclore.<\/p>\n<!-- \/wp:tadv\/classic-paragraph -->\t\t\t\t\t\t<\/div>\n\t\t\t\t<\/div>\n\t\t\t\t<div class=\"elementor-element elementor-element-5be90c2 elementor-arrows-position-inside elementor-pagination-position-outside elementor-widget elementor-widget-image-carousel\" data-id=\"5be90c2\" data-element_type=\"widget\" data-settings=\"{&quot;slides_to_show&quot;:&quot;1&quot;,&quot;navigation&quot;:&quot;both&quot;,&quot;autoplay&quot;:&quot;yes&quot;,&quot;pause_on_hover&quot;:&quot;yes&quot;,&quot;pause_on_interaction&quot;:&quot;yes&quot;,&quot;autoplay_speed&quot;:5000,&quot;infinite&quot;:&quot;yes&quot;,&quot;effect&quot;:&quot;slide&quot;,&quot;speed&quot;:500}\" data-widget_type=\"image-carousel.default\">\n\t\t\t\t<div class=\"elementor-widget-container\">\n\t\t\t\t\t<div class=\"elementor-image-carousel-wrapper swiper\" dir=\"ltr\">\n\t\t\t<div class=\"elementor-image-carousel swiper-wrapper\" aria-live=\"off\">\n\t\t\t\t\t\t\t\t<div class=\"swiper-slide\" role=\"group\" aria-roledescription=\"slide\" aria-label=\"1 of 12\"><figure class=\"swiper-slide-inner\"><img decoding=\"async\" class=\"swiper-slide-image\" src=\"https:\/\/www.ufsm.br\/app\/uploads\/sites\/376\/2022\/09\/20220913_165207-768x432.jpg\" alt=\"20220913_165207\" \/><\/figure><\/div><div class=\"swiper-slide\" role=\"group\" aria-roledescription=\"slide\" aria-label=\"2 of 12\"><figure class=\"swiper-slide-inner\"><img decoding=\"async\" class=\"swiper-slide-image\" src=\"https:\/\/www.ufsm.br\/app\/uploads\/sites\/376\/2022\/09\/20220913_165259-768x432.jpg\" alt=\"20220913_165259\" \/><\/figure><\/div><div class=\"swiper-slide\" role=\"group\" aria-roledescription=\"slide\" aria-label=\"3 of 12\"><figure class=\"swiper-slide-inner\"><img decoding=\"async\" class=\"swiper-slide-image\" src=\"https:\/\/www.ufsm.br\/app\/uploads\/sites\/376\/2022\/09\/20220913_164920-768x430.jpg\" alt=\"20220913_164920\" \/><\/figure><\/div><div class=\"swiper-slide\" role=\"group\" aria-roledescription=\"slide\" aria-label=\"4 of 12\"><figure class=\"swiper-slide-inner\"><img decoding=\"async\" class=\"swiper-slide-image\" src=\"https:\/\/www.ufsm.br\/app\/uploads\/sites\/376\/2022\/09\/20220913_165605-768x432.jpg\" alt=\"20220913_165605\" \/><\/figure><\/div><div class=\"swiper-slide\" role=\"group\" aria-roledescription=\"slide\" aria-label=\"5 of 12\"><figure class=\"swiper-slide-inner\"><img decoding=\"async\" class=\"swiper-slide-image\" src=\"https:\/\/www.ufsm.br\/app\/uploads\/sites\/376\/2022\/09\/20220913_170340-768x430.jpg\" alt=\"20220913_170340\" \/><\/figure><\/div><div class=\"swiper-slide\" role=\"group\" aria-roledescription=\"slide\" aria-label=\"6 of 12\"><figure class=\"swiper-slide-inner\"><img decoding=\"async\" class=\"swiper-slide-image\" src=\"https:\/\/www.ufsm.br\/app\/uploads\/sites\/376\/2022\/09\/20220913_165902-768x432.jpg\" alt=\"20220913_165902\" \/><\/figure><\/div><div class=\"swiper-slide\" role=\"group\" aria-roledescription=\"slide\" aria-label=\"7 of 12\"><figure class=\"swiper-slide-inner\"><img decoding=\"async\" class=\"swiper-slide-image\" src=\"https:\/\/www.ufsm.br\/app\/uploads\/sites\/376\/2022\/09\/20220913_170502-768x432.jpg\" alt=\"20220913_170502\" \/><\/figure><\/div><div class=\"swiper-slide\" role=\"group\" aria-roledescription=\"slide\" aria-label=\"8 of 12\"><figure class=\"swiper-slide-inner\"><img decoding=\"async\" class=\"swiper-slide-image\" src=\"https:\/\/www.ufsm.br\/app\/uploads\/sites\/376\/2022\/09\/20220913_171657-768x432.jpg\" alt=\"20220913_171657\" \/><\/figure><\/div><div class=\"swiper-slide\" role=\"group\" aria-roledescription=\"slide\" aria-label=\"9 of 12\"><figure class=\"swiper-slide-inner\"><img decoding=\"async\" class=\"swiper-slide-image\" src=\"https:\/\/www.ufsm.br\/app\/uploads\/sites\/376\/2022\/09\/20220913_1727561-1-768x432.jpg\" alt=\"20220913_1727561\" \/><\/figure><\/div><div class=\"swiper-slide\" role=\"group\" aria-roledescription=\"slide\" aria-label=\"10 of 12\"><figure class=\"swiper-slide-inner\"><img decoding=\"async\" class=\"swiper-slide-image\" src=\"https:\/\/www.ufsm.br\/app\/uploads\/sites\/376\/2022\/09\/20220913_173919-768x432.jpg\" alt=\"20220913_173919\" \/><\/figure><\/div><div class=\"swiper-slide\" role=\"group\" aria-roledescription=\"slide\" aria-label=\"11 of 12\"><figure class=\"swiper-slide-inner\"><img decoding=\"async\" class=\"swiper-slide-image\" src=\"https:\/\/www.ufsm.br\/app\/uploads\/sites\/376\/2022\/09\/20220914_122129-768x432.jpg\" alt=\"20220914_122129\" \/><\/figure><\/div><div class=\"swiper-slide\" role=\"group\" aria-roledescription=\"slide\" aria-label=\"12 of 12\"><figure class=\"swiper-slide-inner\"><img decoding=\"async\" class=\"swiper-slide-image\" src=\"https:\/\/www.ufsm.br\/app\/uploads\/sites\/376\/2022\/09\/20220914_121808-768x432.jpg\" alt=\"20220914_121808\" \/><\/figure><\/div>\t\t\t<\/div>\n\t\t\t\t\t\t\t\t\t\t\t\t<div class=\"elementor-swiper-button elementor-swiper-button-prev\" role=\"button\" tabindex=\"0\">\n\t\t\t\t\t\t<i aria-hidden=\"true\" class=\"eicon-chevron-left\"><\/i>\t\t\t\t\t<\/div>\n\t\t\t\t\t<div class=\"elementor-swiper-button elementor-swiper-button-next\" role=\"button\" tabindex=\"0\">\n\t\t\t\t\t\t<i aria-hidden=\"true\" class=\"eicon-chevron-right\"><\/i>\t\t\t\t\t<\/div>\n\t\t\t\t\n\t\t\t\t\t\t\t\t\t<div class=\"swiper-pagination\"><\/div>\n\t\t\t\t\t\t\t\t\t<\/div>\n\t\t\t\t<\/div>\n\t\t\t\t<\/div>\n\t\t\t\t\t<\/div>\n\t\t<\/div>\n\t\t\t\t\t<\/div>\n\t\t<\/section>\n\t\t\t\t<\/div>\n\t\t","protected":false},"excerpt":{"rendered":"<p>O campus da UFSM em Cachoeira do Sul iniciou o seu segundo semestre letivo de 2022 com atividades de recep\u00e7\u00e3o e tamb\u00e9m apresenta\u00e7\u00f5es art\u00edsticas alusivas \u00e0 Semana Farroupilha. Na ter\u00e7a-feira, dia 13, \u00e0s 16h30min, os alunos foram recepcionados pelo diretor do campus, prof. Anderson Dal Molin, e pelo vice-diretor, prof. Giovani Zabot. Na oportunidade, tamb\u00e9m [&hellip;]<\/p>\n","protected":false},"author":293,"featured_media":3944,"comment_status":"closed","ping_status":"closed","sticky":false,"template":"","format":"standard","meta":{"footnotes":""},"categories":[21,1],"tags":[],"class_list":["post-3931","post","type-post","status-publish","format-standard","has-post-thumbnail","hentry","category-banner","category-noticias"],"acf":[],"_links":{"self":[{"href":"https:\/\/www.ufsm.br\/unidades-universitarias\/cachoeira-do-sul\/wp-json\/wp\/v2\/posts\/3931","targetHints":{"allow":["GET"]}}],"collection":[{"href":"https:\/\/www.ufsm.br\/unidades-universitarias\/cachoeira-do-sul\/wp-json\/wp\/v2\/posts"}],"about":[{"href":"https:\/\/www.ufsm.br\/unidades-universitarias\/cachoeira-do-sul\/wp-json\/wp\/v2\/types\/post"}],"author":[{"embeddable":true,"href":"https:\/\/www.ufsm.br\/unidades-universitarias\/cachoeira-do-sul\/wp-json\/wp\/v2\/users\/293"}],"replies":[{"embeddable":true,"href":"https:\/\/www.ufsm.br\/unidades-universitarias\/cachoeira-do-sul\/wp-json\/wp\/v2\/comments?post=3931"}],"version-history":[{"count":0,"href":"https:\/\/www.ufsm.br\/unidades-universitarias\/cachoeira-do-sul\/wp-json\/wp\/v2\/posts\/3931\/revisions"}],"wp:featuredmedia":[{"embeddable":true,"href":"https:\/\/www.ufsm.br\/unidades-universitarias\/cachoeira-do-sul\/wp-json\/wp\/v2\/media\/3944"}],"wp:attachment":[{"href":"https:\/\/www.ufsm.br\/unidades-universitarias\/cachoeira-do-sul\/wp-json\/wp\/v2\/media?parent=3931"}],"wp:term":[{"taxonomy":"category","embeddable":true,"href":"https:\/\/www.ufsm.br\/unidades-universitarias\/cachoeira-do-sul\/wp-json\/wp\/v2\/categories?post=3931"},{"taxonomy":"post_tag","embeddable":true,"href":"https:\/\/www.ufsm.br\/unidades-universitarias\/cachoeira-do-sul\/wp-json\/wp\/v2\/tags?post=3931"}],"curies":[{"name":"wp","href":"https:\/\/api.w.org\/{rel}","templated":true}]}}