{"id":3960,"date":"2022-09-22T14:37:24","date_gmt":"2022-09-22T17:37:24","guid":{"rendered":"https:\/\/www.ufsm.br\/unidades-universitarias\/cachoeira-do-sul\/?p=3960"},"modified":"2022-09-22T15:23:55","modified_gmt":"2022-09-22T18:23:55","slug":"ufsm-cs-realiza-acoes-de-capacitacao-em-colaboracao-com-instituicoes-do-municipio-de-cachoeira-do-sul-2","status":"publish","type":"post","link":"https:\/\/www.ufsm.br\/unidades-universitarias\/cachoeira-do-sul\/2022\/09\/22\/ufsm-cs-realiza-acoes-de-capacitacao-em-colaboracao-com-instituicoes-do-municipio-de-cachoeira-do-sul-2","title":{"rendered":"UFSM-CS realiza a\u00e7\u00f5es de capacita\u00e7\u00e3o em colabora\u00e7\u00e3o com Institui\u00e7\u00f5es do Munic\u00edpio de Cachoeira do Sul"},"content":{"rendered":"\n\n\n<p>O Projeto de Extens\u00e3o coordenado pelo Prof\u00ba Adriano Quili\u00e3o de Oliveira tem por objetivo realizar cursos em T\u00f3picos de Ci\u00eancia da Computa\u00e7\u00e3o e Rob\u00f3tica com o intuito de capacitar colaboradores de Institui\u00e7\u00f5es Cachoeirenses visando o desenvolvimento local e regional. Neste contexto: gestores da Secretaria Municipal de Educa\u00e7\u00e3o (SMEd) da Prefeitura Municipal de Cachoeira do Sul e do 13\u00ba Grupo de Artilharia de Campanha (GAC) de Cachoeira do Sul, manifestaram para professores da UFSM \u2013 campus Cachoeira do Sul \u2013 demandas relacionadas \u00e0 capacita\u00e7\u00e3o de seus colaboradores, em t\u00f3picos de ci\u00eancia da computa\u00e7\u00e3o e rob\u00f3tica.<\/p>\n<p>\u00a0<\/p>\n<figure id=\"attachment_3956\" aria-describedby=\"caption-attachment-3956\" style=\"width: 1024px\" class=\"wp-caption aligncenter\"><img fetchpriority=\"high\" decoding=\"async\" class=\"wp-image-3956 size-large\" src=\"https:\/\/www.ufsm.br\/app\/uploads\/sites\/376\/2022\/09\/IMG_1669-7-1024x437.jpg\" alt=\"\" width=\"1024\" height=\"437\" srcset=\"https:\/\/www.ufsm.br\/app\/uploads\/sites\/376\/2022\/09\/IMG_1669-7-1024x437.jpg 1024w, https:\/\/www.ufsm.br\/app\/uploads\/sites\/376\/2022\/09\/IMG_1669-7-300x128.jpg 300w, https:\/\/www.ufsm.br\/app\/uploads\/sites\/376\/2022\/09\/IMG_1669-7-768x328.jpg 768w, https:\/\/www.ufsm.br\/app\/uploads\/sites\/376\/2022\/09\/IMG_1669-7-1536x655.jpg 1536w, https:\/\/www.ufsm.br\/app\/uploads\/sites\/376\/2022\/09\/IMG_1669-7.jpg 1800w\" sizes=\"(max-width: 1024px) 100vw, 1024px\" \/><figcaption id=\"caption-attachment-3956\" class=\"wp-caption-text\">Prof\u00ba Adriano Quili\u00e3o e participantes do projeto de Extens\u00e3o ministrando curso<\/figcaption><\/figure>\n<p>Nessa quarta-feira dia (21) iniciou um primeiro curso de no\u00e7\u00f5es b\u00e1sicas de inform\u00e1tica para recrutas do 13\u00ba GAC incluindo no\u00e7\u00f5es de programa\u00e7\u00e3o em Phyton e ferramentas do pacote Office como Word, Excel e Power Point, o qual ir\u00e1 at\u00e9 sexta feira (23).<\/p>\n<p>\u00a0<\/p>\n<figure id=\"attachment_3955\" aria-describedby=\"caption-attachment-3955\" style=\"width: 1024px\" class=\"wp-caption aligncenter\"><img decoding=\"async\" class=\"wp-image-3955 size-large\" src=\"https:\/\/www.ufsm.br\/app\/uploads\/sites\/376\/2022\/09\/IMG_1666-7-1024x561.jpg\" alt=\"\" width=\"1024\" height=\"561\" srcset=\"https:\/\/www.ufsm.br\/app\/uploads\/sites\/376\/2022\/09\/IMG_1666-7-1024x561.jpg 1024w, https:\/\/www.ufsm.br\/app\/uploads\/sites\/376\/2022\/09\/IMG_1666-7-300x165.jpg 300w, https:\/\/www.ufsm.br\/app\/uploads\/sites\/376\/2022\/09\/IMG_1666-7-768x421.jpg 768w, https:\/\/www.ufsm.br\/app\/uploads\/sites\/376\/2022\/09\/IMG_1666-7-1536x842.jpg 1536w, https:\/\/www.ufsm.br\/app\/uploads\/sites\/376\/2022\/09\/IMG_1666-7.jpg 1800w\" sizes=\"(max-width: 1024px) 100vw, 1024px\" \/><figcaption id=\"caption-attachment-3955\" class=\"wp-caption-text\">Recrutas do 13\u00ba GAC participando da capacita\u00e7\u00e3o de No\u00e7\u00f5es em Inform\u00e1tica<\/figcaption><\/figure>\n<p>Al\u00e9m dessa capacita\u00e7\u00e3o o projeto de Extens\u00e3o tamb\u00e9m est\u00e1 realizando forma\u00e7\u00f5es para professores da rede municipal de educa\u00e7\u00e3o em rob\u00f3tica e programa\u00e7\u00e3o em parceria com a Secretaria Municipal de Educa\u00e7\u00e3o (SMEd) da Prefeitura Municipal de Cachoeira do Sul. Esta a\u00e7\u00e3o visa estimular o desenvolvimento de aptid\u00f5es relacionadas \u00e0 doc\u00eancia nos alunos dos cursos de gradua\u00e7\u00e3o da UFSM al\u00e9m de compartilhar os resultados e as experi\u00eancias vividas no \u00e2mbito do projeto de extens\u00e3o atrav\u00e9s de publica\u00e7\u00f5es em peri\u00f3dicos e eventos especializados, que contribuam para o avan\u00e7o deste tipo de atividade extensionista.<\/p>\n","protected":false},"excerpt":{"rendered":"<p>O Projeto de Extens\u00e3o coordenado pelo Prof\u00ba Adriano Quili\u00e3o de Oliveira tem por objetivo realizar cursos em T\u00f3picos de Ci\u00eancia da Computa\u00e7\u00e3o e Rob\u00f3tica com o intuito de capacitar colaboradores de Institui\u00e7\u00f5es Cachoeirenses visando o desenvolvimento local e regional. Neste contexto: gestores da Secretaria Municipal de Educa\u00e7\u00e3o (SMEd) da Prefeitura Municipal de Cachoeira do Sul [&hellip;]<\/p>\n","protected":false},"author":4522,"featured_media":0,"comment_status":"closed","ping_status":"closed","sticky":false,"template":"","format":"standard","meta":{"footnotes":""},"categories":[1],"tags":[],"class_list":["post-3960","post","type-post","status-publish","format-standard","hentry","category-noticias"],"acf":[],"_links":{"self":[{"href":"https:\/\/www.ufsm.br\/unidades-universitarias\/cachoeira-do-sul\/wp-json\/wp\/v2\/posts\/3960","targetHints":{"allow":["GET"]}}],"collection":[{"href":"https:\/\/www.ufsm.br\/unidades-universitarias\/cachoeira-do-sul\/wp-json\/wp\/v2\/posts"}],"about":[{"href":"https:\/\/www.ufsm.br\/unidades-universitarias\/cachoeira-do-sul\/wp-json\/wp\/v2\/types\/post"}],"author":[{"embeddable":true,"href":"https:\/\/www.ufsm.br\/unidades-universitarias\/cachoeira-do-sul\/wp-json\/wp\/v2\/users\/4522"}],"replies":[{"embeddable":true,"href":"https:\/\/www.ufsm.br\/unidades-universitarias\/cachoeira-do-sul\/wp-json\/wp\/v2\/comments?post=3960"}],"version-history":[{"count":0,"href":"https:\/\/www.ufsm.br\/unidades-universitarias\/cachoeira-do-sul\/wp-json\/wp\/v2\/posts\/3960\/revisions"}],"wp:attachment":[{"href":"https:\/\/www.ufsm.br\/unidades-universitarias\/cachoeira-do-sul\/wp-json\/wp\/v2\/media?parent=3960"}],"wp:term":[{"taxonomy":"category","embeddable":true,"href":"https:\/\/www.ufsm.br\/unidades-universitarias\/cachoeira-do-sul\/wp-json\/wp\/v2\/categories?post=3960"},{"taxonomy":"post_tag","embeddable":true,"href":"https:\/\/www.ufsm.br\/unidades-universitarias\/cachoeira-do-sul\/wp-json\/wp\/v2\/tags?post=3960"}],"curies":[{"name":"wp","href":"https:\/\/api.w.org\/{rel}","templated":true}]}}