{"id":3964,"date":"2022-09-26T14:26:19","date_gmt":"2022-09-26T17:26:19","guid":{"rendered":"https:\/\/www.ufsm.br\/unidades-universitarias\/cachoeira-do-sul\/?p=3964"},"modified":"2022-09-26T14:37:52","modified_gmt":"2022-09-26T17:37:52","slug":"mais-uma-patente-e-registrada-por-laboratorio-da-ufsm-cs","status":"publish","type":"post","link":"https:\/\/www.ufsm.br\/unidades-universitarias\/cachoeira-do-sul\/2022\/09\/26\/mais-uma-patente-e-registrada-por-laboratorio-da-ufsm-cs","title":{"rendered":"Mais uma patente \u00e9 registrada por laborat\u00f3rio da UFSM-CS"},"content":{"rendered":"\n<p style=\"text-align: justify\">No in\u00edcio de agosto, mais uma patente de inven\u00e7\u00e3o foi depositada pelo Laborat\u00f3rio de S\u00edntese e Caracteriza\u00e7\u00e3o de Nanomateriais (LSCNano) do campus da UFSM em Cachoeira do Sul. Sob n\u00famero BR 10 2022 017667-1 e intitulado <strong>\u201cTijolo Ecol\u00f3gico de Cimento e Res\u00edduo Industrial e M\u00e9todo de Preparo<\/strong>\u201d, o invento conta com a participa\u00e7\u00e3o das alunas Ingridi dos Santos Kremer, do curso de Engenharia El\u00e9trica, e Eloisa da Rosa, do curso de Engenharia Mec\u00e2nica, orientadas pelo professor Jocenir Boita.<br \/><a href=\"https:\/\/www.ufsm.br\/app\/uploads\/sites\/376\/2022\/09\/Tijolo_Ecologico.jpg\"><img fetchpriority=\"high\" decoding=\"async\" class=\" wp-image-3965 alignleft\" src=\"https:\/\/www.ufsm.br\/app\/uploads\/sites\/376\/2022\/09\/Tijolo_Ecologico-300x185.jpg\" alt=\"\" width=\"428\" height=\"264\" srcset=\"https:\/\/www.ufsm.br\/app\/uploads\/sites\/376\/2022\/09\/Tijolo_Ecologico-300x185.jpg 300w, https:\/\/www.ufsm.br\/app\/uploads\/sites\/376\/2022\/09\/Tijolo_Ecologico-1024x630.jpg 1024w, https:\/\/www.ufsm.br\/app\/uploads\/sites\/376\/2022\/09\/Tijolo_Ecologico-768x472.jpg 768w, https:\/\/www.ufsm.br\/app\/uploads\/sites\/376\/2022\/09\/Tijolo_Ecologico.jpg 1117w\" sizes=\"(max-width: 428px) 100vw, 428px\" \/><\/a>Neste invento \u00e9 apresentado um tijolo ecol\u00f3gico manufaturado \u00e0 base de res\u00edduos industriais, com elevada resist\u00eancia mec\u00e2nica \u00e0 compress\u00e3o e com processo de secagem e cura livre de utiliza\u00e7\u00e3o de fornos convencionais. Os tijolos ecol\u00f3gicos desta inven\u00e7\u00e3o s\u00e3o constitu\u00eddos por cimento e res\u00edduo industrial, sem uso de terra, argila e outros agregados como areia convencional. O res\u00edduo industrial corresponde a Cinza de Casca de Arroz, Cer\u00e2mica Vermelha e P\u00f3 de \u00c1gata, podendo ser preferencialmente um dentre, ou uma combina\u00e7\u00e3o entre os res\u00edduos, em diferentes propor\u00e7\u00f5es. Os tijolos ecol\u00f3gicos desta inven\u00e7\u00e3o apresentam elevada resist\u00eancia mec\u00e2nica \u00e0 compress\u00e3o, com valores na faixa de 15 MPa a 30 MPa.<br \/>Os envolvidos com o projeto pretendem avan\u00e7ar com a transfer\u00eancia da tecnologia para empresas interessadas em desenvolver esta tecnologia a n\u00edvel industrial, fornecendo desta forma uma alternativa mais sustent\u00e1vel, ambientalmente amig\u00e1vel e economicamente atraente.<\/p>\n","protected":false},"excerpt":{"rendered":"<p>6\u00aa patente criada pelo Laborat\u00f3rio de S\u00edntese e Caracteriza\u00e7\u00e3o de Nanomateriais (LSCNano) pertence ao campo de Artefatos de Cimento (Tijolos Ecol\u00f3gicos)<\/p>\n","protected":false},"author":293,"featured_media":3966,"comment_status":"closed","ping_status":"closed","sticky":false,"template":"","format":"standard","meta":{"footnotes":""},"categories":[21,1],"tags":[],"class_list":["post-3964","post","type-post","status-publish","format-standard","has-post-thumbnail","hentry","category-banner","category-noticias"],"acf":[],"_links":{"self":[{"href":"https:\/\/www.ufsm.br\/unidades-universitarias\/cachoeira-do-sul\/wp-json\/wp\/v2\/posts\/3964","targetHints":{"allow":["GET"]}}],"collection":[{"href":"https:\/\/www.ufsm.br\/unidades-universitarias\/cachoeira-do-sul\/wp-json\/wp\/v2\/posts"}],"about":[{"href":"https:\/\/www.ufsm.br\/unidades-universitarias\/cachoeira-do-sul\/wp-json\/wp\/v2\/types\/post"}],"author":[{"embeddable":true,"href":"https:\/\/www.ufsm.br\/unidades-universitarias\/cachoeira-do-sul\/wp-json\/wp\/v2\/users\/293"}],"replies":[{"embeddable":true,"href":"https:\/\/www.ufsm.br\/unidades-universitarias\/cachoeira-do-sul\/wp-json\/wp\/v2\/comments?post=3964"}],"version-history":[{"count":0,"href":"https:\/\/www.ufsm.br\/unidades-universitarias\/cachoeira-do-sul\/wp-json\/wp\/v2\/posts\/3964\/revisions"}],"wp:featuredmedia":[{"embeddable":true,"href":"https:\/\/www.ufsm.br\/unidades-universitarias\/cachoeira-do-sul\/wp-json\/wp\/v2\/media\/3966"}],"wp:attachment":[{"href":"https:\/\/www.ufsm.br\/unidades-universitarias\/cachoeira-do-sul\/wp-json\/wp\/v2\/media?parent=3964"}],"wp:term":[{"taxonomy":"category","embeddable":true,"href":"https:\/\/www.ufsm.br\/unidades-universitarias\/cachoeira-do-sul\/wp-json\/wp\/v2\/categories?post=3964"},{"taxonomy":"post_tag","embeddable":true,"href":"https:\/\/www.ufsm.br\/unidades-universitarias\/cachoeira-do-sul\/wp-json\/wp\/v2\/tags?post=3964"}],"curies":[{"name":"wp","href":"https:\/\/api.w.org\/{rel}","templated":true}]}}