{"id":3968,"date":"2022-09-30T17:10:38","date_gmt":"2022-09-30T20:10:38","guid":{"rendered":"https:\/\/www.ufsm.br\/unidades-universitarias\/cachoeira-do-sul\/?p=3968"},"modified":"2022-09-30T17:11:23","modified_gmt":"2022-09-30T20:11:23","slug":"direcao-do-campus-participa-de-evento-voltado-ao-comercio-industria-e-servicos-de-cachoeira-do-sul","status":"publish","type":"post","link":"https:\/\/www.ufsm.br\/unidades-universitarias\/cachoeira-do-sul\/2022\/09\/30\/direcao-do-campus-participa-de-evento-voltado-ao-comercio-industria-e-servicos-de-cachoeira-do-sul","title":{"rendered":"Dire\u00e7\u00e3o do campus participa de evento voltado ao com\u00e9rcio, ind\u00fastria e servi\u00e7os de Cachoeira do Sul"},"content":{"rendered":"\n<p style=\"text-align: justify\"><a href=\"https:\/\/www.ufsm.br\/app\/uploads\/sites\/376\/2022\/09\/WhatsApp-Image-2022-09-30-at-09.24.53-3.jpeg\"><img fetchpriority=\"high\" decoding=\"async\" class=\" wp-image-3969 alignright\" src=\"https:\/\/www.ufsm.br\/app\/uploads\/sites\/376\/2022\/09\/WhatsApp-Image-2022-09-30-at-09.24.53-3-300x200.jpeg\" alt=\"\" width=\"407\" height=\"271\" srcset=\"https:\/\/www.ufsm.br\/app\/uploads\/sites\/376\/2022\/09\/WhatsApp-Image-2022-09-30-at-09.24.53-3-300x200.jpeg 300w, https:\/\/www.ufsm.br\/app\/uploads\/sites\/376\/2022\/09\/WhatsApp-Image-2022-09-30-at-09.24.53-3-1024x682.jpeg 1024w, https:\/\/www.ufsm.br\/app\/uploads\/sites\/376\/2022\/09\/WhatsApp-Image-2022-09-30-at-09.24.53-3-768x512.jpeg 768w, https:\/\/www.ufsm.br\/app\/uploads\/sites\/376\/2022\/09\/WhatsApp-Image-2022-09-30-at-09.24.53-3-272x182.jpeg 272w, https:\/\/www.ufsm.br\/app\/uploads\/sites\/376\/2022\/09\/WhatsApp-Image-2022-09-30-at-09.24.53-3.jpeg 1280w\" sizes=\"(max-width: 407px) 100vw, 407px\" \/><\/a>O diretor da UFSM \u2013 Cachoeira do Sul, Anderson Dal Molin, e o vice-diretor do campus, Giovani Zabot, estiveram ontem (29) no Cacisc ao Meio-dia, uma reuni\u00e3o-almo\u00e7o que tem como objetivo reunir empres\u00e1rios e lideran\u00e7as locais para um momento de troca de experi\u00eancias profissionais. A Dire\u00e7\u00e3o do campus da UFSM em Cachoeira do Sul foi convidada para falar sobre o tema \u201cEnsino superior no presente e no futuro de Cachoeira!&#8221;.<\/p>\n<p style=\"text-align: justify\"><a href=\"https:\/\/www.ufsm.br\/app\/uploads\/sites\/376\/2022\/09\/WhatsApp-Image-2022-09-30-at-09.24.54-2.jpeg\"><img decoding=\"async\" class=\" wp-image-3970 alignleft\" src=\"https:\/\/www.ufsm.br\/app\/uploads\/sites\/376\/2022\/09\/WhatsApp-Image-2022-09-30-at-09.24.54-2-300x200.jpeg\" alt=\"\" width=\"368\" height=\"245\" srcset=\"https:\/\/www.ufsm.br\/app\/uploads\/sites\/376\/2022\/09\/WhatsApp-Image-2022-09-30-at-09.24.54-2-300x200.jpeg 300w, https:\/\/www.ufsm.br\/app\/uploads\/sites\/376\/2022\/09\/WhatsApp-Image-2022-09-30-at-09.24.54-2-1024x682.jpeg 1024w, https:\/\/www.ufsm.br\/app\/uploads\/sites\/376\/2022\/09\/WhatsApp-Image-2022-09-30-at-09.24.54-2-768x512.jpeg 768w, https:\/\/www.ufsm.br\/app\/uploads\/sites\/376\/2022\/09\/WhatsApp-Image-2022-09-30-at-09.24.54-2-272x182.jpeg 272w, https:\/\/www.ufsm.br\/app\/uploads\/sites\/376\/2022\/09\/WhatsApp-Image-2022-09-30-at-09.24.54-2.jpeg 1280w\" sizes=\"(max-width: 368px) 100vw, 368px\" \/><\/a>Na oportunidade, foram apresentados os avan\u00e7os que j\u00e1 foram conquistados pela UFSM na cidade, a situa\u00e7\u00e3o atual do campus e tamb\u00e9m as perspectivas para o futuro. Segundo o diretor Anderson Dal Molin, estas oportunidades s\u00e3o bastante importantes para estreitar la\u00e7os com a comunidade cachoeirense, criando, assim, parcerias e unindo for\u00e7as para desenvolver cada vez mais o campus e a regi\u00e3o.<\/p>\n<p style=\"text-align: justify\">Tamb\u00e9m estiveram presentes no evento o coordenador administrativo do campus, J\u00falio Modesto, e a coordenadora de Pesquisa e Extens\u00e3o substituta, Laura Callai dos Santos.<\/p>\n","protected":false},"excerpt":{"rendered":"<p>O diretor da UFSM \u2013 Cachoeira do Sul, Anderson Dal Molin, e o vice-diretor do campus, Giovani Zabot, estiveram ontem (29) no Cacisc ao Meio-dia, uma reuni\u00e3o-almo\u00e7o que tem como objetivo reunir empres\u00e1rios e lideran\u00e7as locais para um momento de troca de experi\u00eancias profissionais. A Dire\u00e7\u00e3o do campus da UFSM em Cachoeira do Sul foi [&hellip;]<\/p>\n","protected":false},"author":293,"featured_media":0,"comment_status":"closed","ping_status":"closed","sticky":false,"template":"","format":"standard","meta":{"footnotes":""},"categories":[1],"tags":[],"class_list":["post-3968","post","type-post","status-publish","format-standard","hentry","category-noticias"],"acf":[],"_links":{"self":[{"href":"https:\/\/www.ufsm.br\/unidades-universitarias\/cachoeira-do-sul\/wp-json\/wp\/v2\/posts\/3968","targetHints":{"allow":["GET"]}}],"collection":[{"href":"https:\/\/www.ufsm.br\/unidades-universitarias\/cachoeira-do-sul\/wp-json\/wp\/v2\/posts"}],"about":[{"href":"https:\/\/www.ufsm.br\/unidades-universitarias\/cachoeira-do-sul\/wp-json\/wp\/v2\/types\/post"}],"author":[{"embeddable":true,"href":"https:\/\/www.ufsm.br\/unidades-universitarias\/cachoeira-do-sul\/wp-json\/wp\/v2\/users\/293"}],"replies":[{"embeddable":true,"href":"https:\/\/www.ufsm.br\/unidades-universitarias\/cachoeira-do-sul\/wp-json\/wp\/v2\/comments?post=3968"}],"version-history":[{"count":0,"href":"https:\/\/www.ufsm.br\/unidades-universitarias\/cachoeira-do-sul\/wp-json\/wp\/v2\/posts\/3968\/revisions"}],"wp:attachment":[{"href":"https:\/\/www.ufsm.br\/unidades-universitarias\/cachoeira-do-sul\/wp-json\/wp\/v2\/media?parent=3968"}],"wp:term":[{"taxonomy":"category","embeddable":true,"href":"https:\/\/www.ufsm.br\/unidades-universitarias\/cachoeira-do-sul\/wp-json\/wp\/v2\/categories?post=3968"},{"taxonomy":"post_tag","embeddable":true,"href":"https:\/\/www.ufsm.br\/unidades-universitarias\/cachoeira-do-sul\/wp-json\/wp\/v2\/tags?post=3968"}],"curies":[{"name":"wp","href":"https:\/\/api.w.org\/{rel}","templated":true}]}}