{"id":3976,"date":"2022-10-04T12:40:25","date_gmt":"2022-10-04T15:40:25","guid":{"rendered":"https:\/\/www.ufsm.br\/unidades-universitarias\/cachoeira-do-sul\/?p=3976"},"modified":"2022-10-04T12:40:28","modified_gmt":"2022-10-04T15:40:28","slug":"ufsm-cs-recebe-a-associacao-dos-profissionais-da-contabilidade-de-cachoeira-do-sul-e-o-conselho-regional-de-contabilidade","status":"publish","type":"post","link":"https:\/\/www.ufsm.br\/unidades-universitarias\/cachoeira-do-sul\/2022\/10\/04\/ufsm-cs-recebe-a-associacao-dos-profissionais-da-contabilidade-de-cachoeira-do-sul-e-o-conselho-regional-de-contabilidade","title":{"rendered":"UFSM-CS recebe a Associa\u00e7\u00e3o dos Profissionais da Contabilidade de Cachoeira do Sul e o Conselho Regional de Contabilidade"},"content":{"rendered":"\n<figure id=\"attachment_3977\" aria-describedby=\"caption-attachment-3977\" style=\"width: 356px\" class=\"wp-caption alignright\"><a href=\"https:\/\/www.ufsm.br\/app\/uploads\/sites\/376\/2022\/10\/WhatsApp-Image-2022-10-04-at-11.22.51.jpeg\"><img fetchpriority=\"high\" decoding=\"async\" class=\" wp-image-3977\" src=\"https:\/\/www.ufsm.br\/app\/uploads\/sites\/376\/2022\/10\/WhatsApp-Image-2022-10-04-at-11.22.51-300x225.jpeg\" alt=\"\" width=\"356\" height=\"267\" srcset=\"https:\/\/www.ufsm.br\/app\/uploads\/sites\/376\/2022\/10\/WhatsApp-Image-2022-10-04-at-11.22.51-300x225.jpeg 300w, https:\/\/www.ufsm.br\/app\/uploads\/sites\/376\/2022\/10\/WhatsApp-Image-2022-10-04-at-11.22.51-1024x768.jpeg 1024w, https:\/\/www.ufsm.br\/app\/uploads\/sites\/376\/2022\/10\/WhatsApp-Image-2022-10-04-at-11.22.51-768x576.jpeg 768w, https:\/\/www.ufsm.br\/app\/uploads\/sites\/376\/2022\/10\/WhatsApp-Image-2022-10-04-at-11.22.51.jpeg 1040w\" sizes=\"(max-width: 356px) 100vw, 356px\" \/><\/a><figcaption id=\"caption-attachment-3977\" class=\"wp-caption-text\">Roberto Drews, Iara Farias, Anderson Dal Molin Marcelo Dutra e Nilton Silva.<\/figcaption><\/figure>\n<p style=\"text-align: justify\">Na manh\u00e3 desta ter\u00e7a-feira (04), representantes da Associa\u00e7\u00e3o dos Profissionais da Contabilidade de Cachoeira do Sul (ACC) e do Conselho Regional de Contabilidade (CRC\/RS) estiveram no campus da UFSM em Cachoeira do Sul para conversar com o diretor Anderson Dal Molin.<\/p>\n<p style=\"text-align: justify\">Estiveram presentes, a nova diretoria da Associa\u00e7\u00e3o, empossada no \u00faltimo m\u00eas, composta pelo presidente Roberto Rodolfo Drews e pelo vice-presidente Nilton Rog\u00e9rio da Silva, e tamb\u00e9m a Delegada Representante do CRC\/RS, Iara Farias, e Marcelo Dutra, Conselheiro do CRC\/RS. Na oportunidade, foi ressaltada a inten\u00e7\u00e3o de dar prosseguimento ao desenvolvimento e apoio da ACC \u00e0s iniciativas que fortale\u00e7am a rela\u00e7\u00e3o da UFSM com a classe cont\u00e1bil e com a comunidade cachoeirense.<\/p>\n<p class=\"mceTemp\">\u00a0<\/p>\n","protected":false},"excerpt":{"rendered":"<p>Na manh\u00e3 desta ter\u00e7a-feira (04), representantes da Associa\u00e7\u00e3o dos Profissionais da Contabilidade de Cachoeira do Sul (ACC) e do Conselho Regional de Contabilidade (CRC\/RS) estiveram no campus da UFSM em Cachoeira do Sul para conversar com o diretor Anderson Dal Molin. Estiveram presentes, a nova diretoria da Associa\u00e7\u00e3o, empossada no \u00faltimo m\u00eas, composta pelo presidente [&hellip;]<\/p>\n","protected":false},"author":293,"featured_media":0,"comment_status":"closed","ping_status":"closed","sticky":false,"template":"","format":"standard","meta":{"footnotes":""},"categories":[1],"tags":[],"class_list":["post-3976","post","type-post","status-publish","format-standard","hentry","category-noticias"],"acf":[],"_links":{"self":[{"href":"https:\/\/www.ufsm.br\/unidades-universitarias\/cachoeira-do-sul\/wp-json\/wp\/v2\/posts\/3976","targetHints":{"allow":["GET"]}}],"collection":[{"href":"https:\/\/www.ufsm.br\/unidades-universitarias\/cachoeira-do-sul\/wp-json\/wp\/v2\/posts"}],"about":[{"href":"https:\/\/www.ufsm.br\/unidades-universitarias\/cachoeira-do-sul\/wp-json\/wp\/v2\/types\/post"}],"author":[{"embeddable":true,"href":"https:\/\/www.ufsm.br\/unidades-universitarias\/cachoeira-do-sul\/wp-json\/wp\/v2\/users\/293"}],"replies":[{"embeddable":true,"href":"https:\/\/www.ufsm.br\/unidades-universitarias\/cachoeira-do-sul\/wp-json\/wp\/v2\/comments?post=3976"}],"version-history":[{"count":0,"href":"https:\/\/www.ufsm.br\/unidades-universitarias\/cachoeira-do-sul\/wp-json\/wp\/v2\/posts\/3976\/revisions"}],"wp:attachment":[{"href":"https:\/\/www.ufsm.br\/unidades-universitarias\/cachoeira-do-sul\/wp-json\/wp\/v2\/media?parent=3976"}],"wp:term":[{"taxonomy":"category","embeddable":true,"href":"https:\/\/www.ufsm.br\/unidades-universitarias\/cachoeira-do-sul\/wp-json\/wp\/v2\/categories?post=3976"},{"taxonomy":"post_tag","embeddable":true,"href":"https:\/\/www.ufsm.br\/unidades-universitarias\/cachoeira-do-sul\/wp-json\/wp\/v2\/tags?post=3976"}],"curies":[{"name":"wp","href":"https:\/\/api.w.org\/{rel}","templated":true}]}}