{"id":3989,"date":"2022-10-11T17:37:21","date_gmt":"2022-10-11T20:37:21","guid":{"rendered":"https:\/\/www.ufsm.br\/unidades-universitarias\/cachoeira-do-sul\/?p=3989"},"modified":"2022-10-14T13:16:34","modified_gmt":"2022-10-14T16:16:34","slug":"ufsm-cs-publica-edital-de-processo-seletivo-para-moradores-da-casa-do-estudante","status":"publish","type":"post","link":"https:\/\/www.ufsm.br\/unidades-universitarias\/cachoeira-do-sul\/2022\/10\/11\/ufsm-cs-publica-edital-de-processo-seletivo-para-moradores-da-casa-do-estudante","title":{"rendered":"UFSM-CS publica edital de processo seletivo para moradores da Casa do Estudante"},"content":{"rendered":"\n<blockquote>\n<p>Est\u00e3o abertas as inscri\u00e7\u00f5es para o processo seletivo para participa\u00e7\u00e3o no Programa de Moradia Estudantil \u2013 Casa do Estudante Universit\u00e1rio (CEU VI), no \u00e2mbito da Universidade Federal de Santa Maria, em Cachoeira do Sul.<\/p>\n<\/blockquote>\n<p>Inicialmente, ser\u00e3o disponibilizadas 20 vagas para estudantes com Benef\u00edcio Socioecon\u00f4mico (BSE) ativo.<\/p>\n<p>As inscri\u00e7\u00f5es ser\u00e3o realizadas at\u00e9 o dia 21 de outubro, presencialmente, no N\u00facleo de Assist\u00eancia Estudantil (NAE) de Cachoeira do Sul, localizado no Pr\u00e9dio Q5SA2 &#8211; Sala 104, de segunda a sexta-feira, das 8h30min \u00e0s 11h30min, mediante entrega da documenta\u00e7\u00e3o constante no edital.<\/p>\n<p>A rela\u00e7\u00e3o dos\/as classificados\/as ser\u00e1 publicada a partir de 03 de novembro de 2022, por meio de edital, com divulga\u00e7\u00e3o nos s\u00edtios institucionais, redes sociais e no mural junto ao NAE (Pr\u00e9dio Q5SA2).<\/p>\n<p>Para mais informa\u00e7\u00f5es, acesse <a href=\"https:\/\/www.ufsm.br\/pro-reitorias\/prae\/editais\/066-2022\/\">https:\/\/www.ufsm.br\/pro-reitorias\/prae\/editais\/066-2022\/<\/a>.<\/p>\n<p>\u00a0<\/p>\n","protected":false},"excerpt":{"rendered":"<p>Est\u00e3o abertas as inscri\u00e7\u00f5es para o processo seletivo para participa\u00e7\u00e3o no Programa de Moradia Estudantil \u2013 Casa do Estudante Universit\u00e1rio (CEU VI), no \u00e2mbito da Universidade Federal de Santa Maria, em Cachoeira do Sul. Inicialmente, ser\u00e3o disponibilizadas 20 vagas para estudantes com Benef\u00edcio Socioecon\u00f4mico (BSE) ativo. As inscri\u00e7\u00f5es ser\u00e3o realizadas at\u00e9 o dia 21 de [&hellip;]<\/p>\n","protected":false},"author":293,"featured_media":3990,"comment_status":"closed","ping_status":"closed","sticky":false,"template":"","format":"standard","meta":{"footnotes":""},"categories":[21,1],"tags":[],"class_list":["post-3989","post","type-post","status-publish","format-standard","has-post-thumbnail","hentry","category-banner","category-noticias"],"acf":[],"_links":{"self":[{"href":"https:\/\/www.ufsm.br\/unidades-universitarias\/cachoeira-do-sul\/wp-json\/wp\/v2\/posts\/3989","targetHints":{"allow":["GET"]}}],"collection":[{"href":"https:\/\/www.ufsm.br\/unidades-universitarias\/cachoeira-do-sul\/wp-json\/wp\/v2\/posts"}],"about":[{"href":"https:\/\/www.ufsm.br\/unidades-universitarias\/cachoeira-do-sul\/wp-json\/wp\/v2\/types\/post"}],"author":[{"embeddable":true,"href":"https:\/\/www.ufsm.br\/unidades-universitarias\/cachoeira-do-sul\/wp-json\/wp\/v2\/users\/293"}],"replies":[{"embeddable":true,"href":"https:\/\/www.ufsm.br\/unidades-universitarias\/cachoeira-do-sul\/wp-json\/wp\/v2\/comments?post=3989"}],"version-history":[{"count":0,"href":"https:\/\/www.ufsm.br\/unidades-universitarias\/cachoeira-do-sul\/wp-json\/wp\/v2\/posts\/3989\/revisions"}],"wp:featuredmedia":[{"embeddable":true,"href":"https:\/\/www.ufsm.br\/unidades-universitarias\/cachoeira-do-sul\/wp-json\/wp\/v2\/media\/3990"}],"wp:attachment":[{"href":"https:\/\/www.ufsm.br\/unidades-universitarias\/cachoeira-do-sul\/wp-json\/wp\/v2\/media?parent=3989"}],"wp:term":[{"taxonomy":"category","embeddable":true,"href":"https:\/\/www.ufsm.br\/unidades-universitarias\/cachoeira-do-sul\/wp-json\/wp\/v2\/categories?post=3989"},{"taxonomy":"post_tag","embeddable":true,"href":"https:\/\/www.ufsm.br\/unidades-universitarias\/cachoeira-do-sul\/wp-json\/wp\/v2\/tags?post=3989"}],"curies":[{"name":"wp","href":"https:\/\/api.w.org\/{rel}","templated":true}]}}