{"id":3991,"date":"2022-10-14T09:15:03","date_gmt":"2022-10-14T12:15:03","guid":{"rendered":"https:\/\/www.ufsm.br\/unidades-universitarias\/cachoeira-do-sul\/?p=3991"},"modified":"2022-10-14T09:29:42","modified_gmt":"2022-10-14T12:29:42","slug":"ufsm-cs-abre-inscricoes-para-a-sua-1a-feira-de-ciencias-tecnologia-e-inovacao","status":"publish","type":"post","link":"https:\/\/www.ufsm.br\/unidades-universitarias\/cachoeira-do-sul\/2022\/10\/14\/ufsm-cs-abre-inscricoes-para-a-sua-1a-feira-de-ciencias-tecnologia-e-inovacao","title":{"rendered":"UFSM-CS abre inscri\u00e7\u00f5es para a sua 1a Feira de Ci\u00eancias, Tecnologia e Inova\u00e7\u00e3o"},"content":{"rendered":"\n<p>No dia 03 de dezembro, a partir das 13h30min, o campus da UFSM em Cachoeira do Sul estar\u00e1 aberto para um momento de intera\u00e7\u00e3o entre escolas e universidade na 1a Feira de Ci\u00eancias, Tecnologia e Inova\u00e7\u00e3o. Durante a Feira ser\u00e3o apresentados pain\u00e9is, banners, prot\u00f3tipos, experimentos, softwares, entre outros.<br \/><br \/>Para participar, \u00e9 preciso realizar a inscri\u00e7\u00e3o, via <a href=\"https:\/\/docs.google.com\/forms\/d\/e\/1FAIpQLScpPqMclK581RwvA3gdkmlImo_M7Q-8u4fPXD_dEVHc0KUo5A\/viewform\">formul\u00e1rio on-line<\/a>. As inscri\u00e7\u00f5es estar\u00e3o abertas at\u00e9 o dia 21 de novembro. Poder\u00e3o participar estudantes de escolas de ensino fundamental e m\u00e9dio e institui\u00e7\u00f5es de ensino t\u00e9cnico, gradua\u00e7\u00e3o e p\u00f3s-gradua\u00e7\u00e3o. <br \/><br \/>Al\u00e9m das apresenta\u00e7\u00f5es, posteriormente tamb\u00e9m ser\u00e3o confeccionados dois e-books, sendo um na modalidade universidade e outro na modalidade escola. Tamb\u00e9m ser\u00e3o produzidos dois cadernos de artigos completos que ser\u00e3o publicados na Revista JESTA, nestas duas modalidades.<br \/><br \/>Para saber mais, acesse o <a href=\"http:\/\/evento.ccsul.ufsm.br\/cti\/\">site do evento<\/a> e veja as normas para participar no <a href=\"http:\/\/evento.ccsul.ufsm.br\/cti\/assets\/arquivo\/edital.pdf\">edital<\/a>.<\/p>\n","protected":false},"excerpt":{"rendered":"<p>Inscri\u00e7\u00f5es v\u00e3o at\u00e9 o dia 21 de novembro<\/p>\n","protected":false},"author":293,"featured_media":3992,"comment_status":"closed","ping_status":"closed","sticky":false,"template":"","format":"standard","meta":{"footnotes":""},"categories":[21,1],"tags":[],"class_list":["post-3991","post","type-post","status-publish","format-standard","has-post-thumbnail","hentry","category-banner","category-noticias"],"acf":[],"_links":{"self":[{"href":"https:\/\/www.ufsm.br\/unidades-universitarias\/cachoeira-do-sul\/wp-json\/wp\/v2\/posts\/3991","targetHints":{"allow":["GET"]}}],"collection":[{"href":"https:\/\/www.ufsm.br\/unidades-universitarias\/cachoeira-do-sul\/wp-json\/wp\/v2\/posts"}],"about":[{"href":"https:\/\/www.ufsm.br\/unidades-universitarias\/cachoeira-do-sul\/wp-json\/wp\/v2\/types\/post"}],"author":[{"embeddable":true,"href":"https:\/\/www.ufsm.br\/unidades-universitarias\/cachoeira-do-sul\/wp-json\/wp\/v2\/users\/293"}],"replies":[{"embeddable":true,"href":"https:\/\/www.ufsm.br\/unidades-universitarias\/cachoeira-do-sul\/wp-json\/wp\/v2\/comments?post=3991"}],"version-history":[{"count":0,"href":"https:\/\/www.ufsm.br\/unidades-universitarias\/cachoeira-do-sul\/wp-json\/wp\/v2\/posts\/3991\/revisions"}],"wp:featuredmedia":[{"embeddable":true,"href":"https:\/\/www.ufsm.br\/unidades-universitarias\/cachoeira-do-sul\/wp-json\/wp\/v2\/media\/3992"}],"wp:attachment":[{"href":"https:\/\/www.ufsm.br\/unidades-universitarias\/cachoeira-do-sul\/wp-json\/wp\/v2\/media?parent=3991"}],"wp:term":[{"taxonomy":"category","embeddable":true,"href":"https:\/\/www.ufsm.br\/unidades-universitarias\/cachoeira-do-sul\/wp-json\/wp\/v2\/categories?post=3991"},{"taxonomy":"post_tag","embeddable":true,"href":"https:\/\/www.ufsm.br\/unidades-universitarias\/cachoeira-do-sul\/wp-json\/wp\/v2\/tags?post=3991"}],"curies":[{"name":"wp","href":"https:\/\/api.w.org\/{rel}","templated":true}]}}