{"id":3993,"date":"2022-10-14T10:13:38","date_gmt":"2022-10-14T13:13:38","guid":{"rendered":"https:\/\/www.ufsm.br\/unidades-universitarias\/cachoeira-do-sul\/?p=3993"},"modified":"2022-10-14T10:16:10","modified_gmt":"2022-10-14T13:16:10","slug":"professor-da-ufsm-cs-publica-artigo-em-revista-internacional","status":"publish","type":"post","link":"https:\/\/www.ufsm.br\/unidades-universitarias\/cachoeira-do-sul\/2022\/10\/14\/professor-da-ufsm-cs-publica-artigo-em-revista-internacional","title":{"rendered":"Professor da UFSM-CS publica artigo em revista internacional"},"content":{"rendered":"\n<p>O professor de F\u00edsica do campus da UFSM em Cachoeira do Sul, Lucas Tavares Cardoso, publicou recentemente um artigo na revista &#8220;Foundations of Physics&#8221;, da editora Springer. A revista, que tem Qualis B2 na \u00e1rea de Astronomia\/F\u00edsica, publica artigos sobre investiga\u00e7\u00f5es acerca dos fundamentos da F\u00edsica.<\/p>\n<p>\u00a0<\/p>\n<p>O artigo publicado pelo professor Lucas Cardoso \u00e9 dedicado a discutir a estrutura topol\u00f3gica da seta do tempo. Na literatura, muitas vezes \u00e9 aceito que suas estruturas alg\u00e9bricas e topol\u00f3gicas s\u00e3o a de um espa\u00e7o euclidiano unidimensional unidimensional E^1, embora uma revis\u00e3o cr\u00edtica sobre o assunto n\u00e3o seja f\u00e1cil de ser encontrada. Assim, aproveitando uma abordagem operacional, foram coletadas evid\u00eancias para identific\u00e1-lo estruturalmente como um espa\u00e7o vetorial normado (Q,|\u22c5|), dando um salto de abstra\u00e7\u00e3o para complet\u00e1-lo, at\u00e9 isometrias, at\u00e9 a reta real. Durante o desenvolvimento do trabalho, o espa\u00e7o-tempo \u00e9 reconhecido como uma fibra\u00e7\u00e3o, sendo as fibras os conjuntos de eventos simult\u00e2neos. A topologia correspondente tamb\u00e9m \u00e9 exposta: conjuntos abertos surgem naturalmente dentro de nossa constru\u00e7\u00e3o, mostrando que o espa\u00e7o-tempo cl\u00e1ssico \u00e9 n\u00e3o-Hausdorff. A transi\u00e7\u00e3o dos regimes relativ\u00edsticos para os cl\u00e1ssicos tamb\u00e9m \u00e9 explorada.<\/p>\n<p>Para ler o artigo completo, acesse o <a href=\"https:\/\/www.springer.com\/journal\/10701\">site da revista<\/a>.<\/p>\n","protected":false},"excerpt":{"rendered":"<p>O professor de F\u00edsica do campus da UFSM em Cachoeira do Sul, Lucas Tavares Cardoso, publicou recentemente um artigo na revista &#8220;Foundations of Physics&#8221;, da editora Springer. A revista, que tem Qualis B2 na \u00e1rea de Astronomia\/F\u00edsica, publica artigos sobre investiga\u00e7\u00f5es acerca dos fundamentos da F\u00edsica. \u00a0 O artigo publicado pelo professor Lucas Cardoso \u00e9 [&hellip;]<\/p>\n","protected":false},"author":293,"featured_media":0,"comment_status":"closed","ping_status":"closed","sticky":false,"template":"","format":"standard","meta":{"footnotes":""},"categories":[1],"tags":[],"class_list":["post-3993","post","type-post","status-publish","format-standard","hentry","category-noticias"],"acf":[],"_links":{"self":[{"href":"https:\/\/www.ufsm.br\/unidades-universitarias\/cachoeira-do-sul\/wp-json\/wp\/v2\/posts\/3993","targetHints":{"allow":["GET"]}}],"collection":[{"href":"https:\/\/www.ufsm.br\/unidades-universitarias\/cachoeira-do-sul\/wp-json\/wp\/v2\/posts"}],"about":[{"href":"https:\/\/www.ufsm.br\/unidades-universitarias\/cachoeira-do-sul\/wp-json\/wp\/v2\/types\/post"}],"author":[{"embeddable":true,"href":"https:\/\/www.ufsm.br\/unidades-universitarias\/cachoeira-do-sul\/wp-json\/wp\/v2\/users\/293"}],"replies":[{"embeddable":true,"href":"https:\/\/www.ufsm.br\/unidades-universitarias\/cachoeira-do-sul\/wp-json\/wp\/v2\/comments?post=3993"}],"version-history":[{"count":0,"href":"https:\/\/www.ufsm.br\/unidades-universitarias\/cachoeira-do-sul\/wp-json\/wp\/v2\/posts\/3993\/revisions"}],"wp:attachment":[{"href":"https:\/\/www.ufsm.br\/unidades-universitarias\/cachoeira-do-sul\/wp-json\/wp\/v2\/media?parent=3993"}],"wp:term":[{"taxonomy":"category","embeddable":true,"href":"https:\/\/www.ufsm.br\/unidades-universitarias\/cachoeira-do-sul\/wp-json\/wp\/v2\/categories?post=3993"},{"taxonomy":"post_tag","embeddable":true,"href":"https:\/\/www.ufsm.br\/unidades-universitarias\/cachoeira-do-sul\/wp-json\/wp\/v2\/tags?post=3993"}],"curies":[{"name":"wp","href":"https:\/\/api.w.org\/{rel}","templated":true}]}}