{"id":4017,"date":"2022-10-18T16:37:05","date_gmt":"2022-10-18T19:37:05","guid":{"rendered":"https:\/\/www.ufsm.br\/unidades-universitarias\/cachoeira-do-sul\/?p=4017"},"modified":"2022-10-19T11:52:38","modified_gmt":"2022-10-19T14:52:38","slug":"ufsm-cs-promove-encontro-sobre-bioinsumos-para-a-agricultura","status":"publish","type":"post","link":"https:\/\/www.ufsm.br\/unidades-universitarias\/cachoeira-do-sul\/2022\/10\/18\/ufsm-cs-promove-encontro-sobre-bioinsumos-para-a-agricultura","title":{"rendered":"UFSM-CS promove encontro sobre Bioinsumos para a agricultura"},"content":{"rendered":"\n<figure id=\"attachment_4008\" aria-describedby=\"caption-attachment-4008\" style=\"width: 1024px\" class=\"wp-caption aligncenter\"><img fetchpriority=\"high\" decoding=\"async\" class=\"wp-image-4008 size-large\" src=\"https:\/\/www.ufsm.br\/app\/uploads\/sites\/376\/2022\/10\/participantes-evento-Bioinsumos-1024x439.jpg\" alt=\"\" width=\"1024\" height=\"439\" srcset=\"https:\/\/www.ufsm.br\/app\/uploads\/sites\/376\/2022\/10\/participantes-evento-Bioinsumos-1024x439.jpg 1024w, https:\/\/www.ufsm.br\/app\/uploads\/sites\/376\/2022\/10\/participantes-evento-Bioinsumos-300x128.jpg 300w, https:\/\/www.ufsm.br\/app\/uploads\/sites\/376\/2022\/10\/participantes-evento-Bioinsumos-768x329.jpg 768w, https:\/\/www.ufsm.br\/app\/uploads\/sites\/376\/2022\/10\/participantes-evento-Bioinsumos.jpg 1499w\" sizes=\"(max-width: 1024px) 100vw, 1024px\" \/><figcaption id=\"caption-attachment-4008\" class=\"wp-caption-text\">Pesquisadores da UFSM, secret\u00e1rio da Agricultura e Pecu\u00e1ria e demais representantes da SMAP<\/figcaption><\/figure>\n<p>\u00a0<\/p>\n<p>Nesta segunda-feira, 17\/10, aconteceu no Campus da UFSM-CS um encontro sobre bioinsumos para a agricultura envolvendo pesquisadores da UFSM, produtores rurais de Cachoeira do Sul, Sindicato Rural, Secretaria Municipal de Agricultura e Pecu\u00e1ria de Cachoeira do Sul (SMAP), representada pelo Secret\u00e1rio Municipal Fernando Cantarelli Machado, Engenheiro Agr\u00f4nomo Rodrigo Roso e Diretor Diego Fontoura da Cruz, e representantes do Sicredi Centro Leste RS, Emater, IBPecan e Lagar H.<\/p>\n<p>Na abertura do evento, o diretor Prof. Anderson Dal Molin salientou que o Campus est\u00e1 de portas abertas para desenvolver parcerias com a comunidade regional atrav\u00e9s de projetos que associem a qu\u00e1drupla h\u00e9lice universidade &#8211; agricultores &#8211; empresas &#8211; poder p\u00fablico municipal. Na oportunidade, o secret\u00e1rio Fernando Cantarelli Machado mencionou que a SMAP tem parceria com a UFSM-CS na \u00e1rea de irriga\u00e7\u00e3o. Ele tamb\u00e9m destacou a import\u00e2ncia do evento e do tema bioinsumos para o munic\u00edpio, o qual tem uma voca\u00e7\u00e3o agr\u00edcola, e colocou \u00e0 disposi\u00e7\u00e3o a SMAP para estabelecer parcerias nesta \u00e1rea tamb\u00e9m. Na sequ\u00eancia, o Prof. Paulo Ferreira fez uma explana\u00e7\u00e3o das propostas de projetos que o Campus tem nesta \u00e1rea.<\/p>\n<figure id=\"attachment_4004\" aria-describedby=\"caption-attachment-4004\" style=\"width: 300px\" class=\"wp-caption aligncenter\"><img decoding=\"async\" class=\"wp-image-4004 size-medium\" src=\"https:\/\/www.ufsm.br\/app\/uploads\/sites\/376\/2022\/10\/foto08-300x200.jpg\" alt=\"\" width=\"300\" height=\"200\" srcset=\"https:\/\/www.ufsm.br\/app\/uploads\/sites\/376\/2022\/10\/foto08-300x200.jpg 300w, https:\/\/www.ufsm.br\/app\/uploads\/sites\/376\/2022\/10\/foto08-1024x682.jpg 1024w, https:\/\/www.ufsm.br\/app\/uploads\/sites\/376\/2022\/10\/foto08-768x512.jpg 768w, https:\/\/www.ufsm.br\/app\/uploads\/sites\/376\/2022\/10\/foto08-272x182.jpg 272w, https:\/\/www.ufsm.br\/app\/uploads\/sites\/376\/2022\/10\/foto08.jpg 1280w\" sizes=\"(max-width: 300px) 100vw, 300px\" \/><figcaption id=\"caption-attachment-4004\" class=\"wp-caption-text\">Prof\u00ba Anderson Dal Molin (Diretor UFSM-CS) e Fernando Cantarelli (Secret\u00e1rio da SMAP) iniciando os trabalhos<\/figcaption><\/figure>\n<figure id=\"attachment_4013\" aria-describedby=\"caption-attachment-4013\" style=\"width: 300px\" class=\"wp-caption aligncenter\"><img decoding=\"async\" class=\"wp-image-4013 size-medium\" style=\"color: initial\" src=\"https:\/\/www.ufsm.br\/app\/uploads\/sites\/376\/2022\/10\/palestra-300x187.jpg\" alt=\"\" width=\"300\" height=\"187\" srcset=\"https:\/\/www.ufsm.br\/app\/uploads\/sites\/376\/2022\/10\/palestra-300x187.jpg 300w, https:\/\/www.ufsm.br\/app\/uploads\/sites\/376\/2022\/10\/palestra-1024x638.jpg 1024w, https:\/\/www.ufsm.br\/app\/uploads\/sites\/376\/2022\/10\/palestra-768x478.jpg 768w, https:\/\/www.ufsm.br\/app\/uploads\/sites\/376\/2022\/10\/palestra.jpg 1391w\" sizes=\"(max-width: 300px) 100vw, 300px\" \/><figcaption id=\"caption-attachment-4013\" class=\"wp-caption-text\">Professores Giovani Zabot e Paulo Ferreira apresentando as propostas de pesquisas<\/figcaption><\/figure>\n<p>No final, ocorreu um bate-papo entre os presentes, os quais apresentaram as demandas e desafios a serem vencidos. Tamb\u00e9m houve espa\u00e7o para perguntas sobre o tema, as quais foram respondidas pelos professores Paulo Ferreira, Marcus Tres e Giovani Zabot. Os participantes tamb\u00e9m colocaram-se \u00e0 disposi\u00e7\u00e3o para colabora\u00e7\u00f5es.<\/p>\n<p><img loading=\"lazy\" decoding=\"async\" class=\"aligncenter wp-image-4006 size-medium\" src=\"https:\/\/www.ufsm.br\/app\/uploads\/sites\/376\/2022\/10\/foto10-300x168.jpg\" alt=\"\" width=\"300\" height=\"168\" srcset=\"https:\/\/www.ufsm.br\/app\/uploads\/sites\/376\/2022\/10\/foto10-300x168.jpg 300w, https:\/\/www.ufsm.br\/app\/uploads\/sites\/376\/2022\/10\/foto10-1024x574.jpg 1024w, https:\/\/www.ufsm.br\/app\/uploads\/sites\/376\/2022\/10\/foto10-768x431.jpg 768w, https:\/\/www.ufsm.br\/app\/uploads\/sites\/376\/2022\/10\/foto10-1536x861.jpg 1536w, https:\/\/www.ufsm.br\/app\/uploads\/sites\/376\/2022\/10\/foto10.jpg 1762w\" sizes=\"(max-width: 300px) 100vw, 300px\" \/><\/p>\n<figure id=\"attachment_4016\" aria-describedby=\"caption-attachment-4016\" style=\"width: 300px\" class=\"wp-caption aligncenter\"><img loading=\"lazy\" decoding=\"async\" class=\"size-medium wp-image-4016\" src=\"https:\/\/www.ufsm.br\/app\/uploads\/sites\/376\/2022\/10\/roda-de-conversas-300x178.jpg\" alt=\"\" width=\"300\" height=\"178\" srcset=\"https:\/\/www.ufsm.br\/app\/uploads\/sites\/376\/2022\/10\/roda-de-conversas-300x178.jpg 300w, https:\/\/www.ufsm.br\/app\/uploads\/sites\/376\/2022\/10\/roda-de-conversas-1024x609.jpg 1024w, https:\/\/www.ufsm.br\/app\/uploads\/sites\/376\/2022\/10\/roda-de-conversas-768x457.jpg 768w, https:\/\/www.ufsm.br\/app\/uploads\/sites\/376\/2022\/10\/roda-de-conversas-1536x914.jpg 1536w, https:\/\/www.ufsm.br\/app\/uploads\/sites\/376\/2022\/10\/roda-de-conversas.jpg 1659w\" sizes=\"(max-width: 300px) 100vw, 300px\" \/><figcaption id=\"caption-attachment-4016\" class=\"wp-caption-text\">Troca de ideias e experi\u00eancias sobre Bioinsumos com os participantes<\/figcaption><\/figure>\n","protected":false},"excerpt":{"rendered":"<p>\u00a0 Nesta segunda-feira, 17\/10, aconteceu no Campus da UFSM-CS um encontro sobre bioinsumos para a agricultura envolvendo pesquisadores da UFSM, produtores rurais de Cachoeira do Sul, Sindicato Rural, Secretaria Municipal de Agricultura e Pecu\u00e1ria de Cachoeira do Sul (SMAP), representada pelo Secret\u00e1rio Municipal Fernando Cantarelli Machado, Engenheiro Agr\u00f4nomo Rodrigo Roso e Diretor Diego Fontoura da [&hellip;]<\/p>\n","protected":false},"author":4522,"featured_media":0,"comment_status":"closed","ping_status":"closed","sticky":false,"template":"","format":"standard","meta":{"footnotes":""},"categories":[1],"tags":[],"class_list":["post-4017","post","type-post","status-publish","format-standard","hentry","category-noticias"],"acf":[],"_links":{"self":[{"href":"https:\/\/www.ufsm.br\/unidades-universitarias\/cachoeira-do-sul\/wp-json\/wp\/v2\/posts\/4017","targetHints":{"allow":["GET"]}}],"collection":[{"href":"https:\/\/www.ufsm.br\/unidades-universitarias\/cachoeira-do-sul\/wp-json\/wp\/v2\/posts"}],"about":[{"href":"https:\/\/www.ufsm.br\/unidades-universitarias\/cachoeira-do-sul\/wp-json\/wp\/v2\/types\/post"}],"author":[{"embeddable":true,"href":"https:\/\/www.ufsm.br\/unidades-universitarias\/cachoeira-do-sul\/wp-json\/wp\/v2\/users\/4522"}],"replies":[{"embeddable":true,"href":"https:\/\/www.ufsm.br\/unidades-universitarias\/cachoeira-do-sul\/wp-json\/wp\/v2\/comments?post=4017"}],"version-history":[{"count":0,"href":"https:\/\/www.ufsm.br\/unidades-universitarias\/cachoeira-do-sul\/wp-json\/wp\/v2\/posts\/4017\/revisions"}],"wp:attachment":[{"href":"https:\/\/www.ufsm.br\/unidades-universitarias\/cachoeira-do-sul\/wp-json\/wp\/v2\/media?parent=4017"}],"wp:term":[{"taxonomy":"category","embeddable":true,"href":"https:\/\/www.ufsm.br\/unidades-universitarias\/cachoeira-do-sul\/wp-json\/wp\/v2\/categories?post=4017"},{"taxonomy":"post_tag","embeddable":true,"href":"https:\/\/www.ufsm.br\/unidades-universitarias\/cachoeira-do-sul\/wp-json\/wp\/v2\/tags?post=4017"}],"curies":[{"name":"wp","href":"https:\/\/api.w.org\/{rel}","templated":true}]}}