{"id":4024,"date":"2022-10-20T09:49:38","date_gmt":"2022-10-20T12:49:38","guid":{"rendered":"https:\/\/www.ufsm.br\/unidades-universitarias\/cachoeira-do-sul\/?p=4024"},"modified":"2022-10-20T09:49:39","modified_gmt":"2022-10-20T12:49:39","slug":"nucleo-regional-de-educacao-em-saude-coletiva-nuresc-realiza-curso-pratico-de-instrumentos-de-gestao-para-trabalhadores-da-saude-na-ufsm-cs","status":"publish","type":"post","link":"https:\/\/www.ufsm.br\/unidades-universitarias\/cachoeira-do-sul\/2022\/10\/20\/nucleo-regional-de-educacao-em-saude-coletiva-nuresc-realiza-curso-pratico-de-instrumentos-de-gestao-para-trabalhadores-da-saude-na-ufsm-cs","title":{"rendered":"N\u00facleo Regional de Educa\u00e7\u00e3o em Sa\u00fade Coletiva (NURESC) realiza curso\u00a0pr\u00e1tico de Instrumentos de Gest\u00e3o para trabalhadores da sa\u00fade na UFSM-CS"},"content":{"rendered":"\n<p><\/p>\n<p><img fetchpriority=\"high\" decoding=\"async\" class=\"aligncenter wp-image-4023 size-large\" src=\"https:\/\/www.ufsm.br\/app\/uploads\/sites\/376\/2022\/10\/capa-final-1024x584.jpg\" alt=\"\" width=\"1024\" height=\"584\" srcset=\"https:\/\/www.ufsm.br\/app\/uploads\/sites\/376\/2022\/10\/capa-final-1024x584.jpg 1024w, https:\/\/www.ufsm.br\/app\/uploads\/sites\/376\/2022\/10\/capa-final-300x171.jpg 300w, https:\/\/www.ufsm.br\/app\/uploads\/sites\/376\/2022\/10\/capa-final-768x438.jpg 768w, https:\/\/www.ufsm.br\/app\/uploads\/sites\/376\/2022\/10\/capa-final-1536x875.jpg 1536w, https:\/\/www.ufsm.br\/app\/uploads\/sites\/376\/2022\/10\/capa-final.jpg 1737w\" sizes=\"(max-width: 1024px) 100vw, 1024px\" \/><\/p>\n<p>A 8\u00aa Coordenadoria Regional de Sa\u00fade de Cachoeira do Sul,\u00a0atrav\u00e9s do\u00a0\u00a0N\u00facleo Regional de Educa\u00e7\u00e3o em Sa\u00fade Coletiva (NURESC), realizou um curso\u00a0pr\u00e1tico de Instrumentos de Gest\u00e3o para trabalhadores da sa\u00fade, no campus da UFSM em Cachoeira do Sul, nesta quarta-feira, dia 19.<\/p>\n<p>O curso foi ministrado por servidores da Secretaria Estadual de Sa\u00fade, com carga hor\u00e1ria entre 4 e 8 horas.\u00a0<br \/><u>N\u00famero de vagas:<\/u>\u00a0em torno de 30\u00a0(representantes dos 12 munic\u00edpios desta regi\u00e3o de sa\u00fade).<br \/><u><\/u><u>Local<\/u>:\u00a0<u><\/u>laborat\u00f3rio de inform\u00e1tica Info-203 &#8211; Q4SA2<\/p>\n<p><\/p>\n","protected":false},"excerpt":{"rendered":"","protected":false},"author":4522,"featured_media":0,"comment_status":"closed","ping_status":"closed","sticky":false,"template":"","format":"standard","meta":{"footnotes":""},"categories":[1],"tags":[],"class_list":["post-4024","post","type-post","status-publish","format-standard","hentry","category-noticias"],"acf":[],"_links":{"self":[{"href":"https:\/\/www.ufsm.br\/unidades-universitarias\/cachoeira-do-sul\/wp-json\/wp\/v2\/posts\/4024","targetHints":{"allow":["GET"]}}],"collection":[{"href":"https:\/\/www.ufsm.br\/unidades-universitarias\/cachoeira-do-sul\/wp-json\/wp\/v2\/posts"}],"about":[{"href":"https:\/\/www.ufsm.br\/unidades-universitarias\/cachoeira-do-sul\/wp-json\/wp\/v2\/types\/post"}],"author":[{"embeddable":true,"href":"https:\/\/www.ufsm.br\/unidades-universitarias\/cachoeira-do-sul\/wp-json\/wp\/v2\/users\/4522"}],"replies":[{"embeddable":true,"href":"https:\/\/www.ufsm.br\/unidades-universitarias\/cachoeira-do-sul\/wp-json\/wp\/v2\/comments?post=4024"}],"version-history":[{"count":0,"href":"https:\/\/www.ufsm.br\/unidades-universitarias\/cachoeira-do-sul\/wp-json\/wp\/v2\/posts\/4024\/revisions"}],"wp:attachment":[{"href":"https:\/\/www.ufsm.br\/unidades-universitarias\/cachoeira-do-sul\/wp-json\/wp\/v2\/media?parent=4024"}],"wp:term":[{"taxonomy":"category","embeddable":true,"href":"https:\/\/www.ufsm.br\/unidades-universitarias\/cachoeira-do-sul\/wp-json\/wp\/v2\/categories?post=4024"},{"taxonomy":"post_tag","embeddable":true,"href":"https:\/\/www.ufsm.br\/unidades-universitarias\/cachoeira-do-sul\/wp-json\/wp\/v2\/tags?post=4024"}],"curies":[{"name":"wp","href":"https:\/\/api.w.org\/{rel}","templated":true}]}}