{"id":4033,"date":"2022-10-25T17:07:52","date_gmt":"2022-10-25T20:07:52","guid":{"rendered":"https:\/\/www.ufsm.br\/unidades-universitarias\/cachoeira-do-sul\/?p=4033"},"modified":"2022-10-25T17:07:54","modified_gmt":"2022-10-25T20:07:54","slug":"palestra-sobre-prevencao-de-cancer-de-mama-em-parceria-com-coordenadoria-regional-de-saude","status":"publish","type":"post","link":"https:\/\/www.ufsm.br\/unidades-universitarias\/cachoeira-do-sul\/2022\/10\/25\/palestra-sobre-prevencao-de-cancer-de-mama-em-parceria-com-coordenadoria-regional-de-saude","title":{"rendered":"Palestra sobre preven\u00e7\u00e3o de c\u00e2ncer de mama em parceria com Coordenadoria Regional de Sa\u00fade"},"content":{"rendered":"\n<div><img fetchpriority=\"high\" decoding=\"async\" class=\"alignright size-medium wp-image-4032\" src=\"https:\/\/www.ufsm.br\/app\/uploads\/sites\/376\/2022\/10\/Palestra-prevencao-facebook-300x251.jpg\" alt=\"\" width=\"300\" height=\"251\" srcset=\"https:\/\/www.ufsm.br\/app\/uploads\/sites\/376\/2022\/10\/Palestra-prevencao-facebook-300x251.jpg 300w, https:\/\/www.ufsm.br\/app\/uploads\/sites\/376\/2022\/10\/Palestra-prevencao-facebook-768x644.jpg 768w, https:\/\/www.ufsm.br\/app\/uploads\/sites\/376\/2022\/10\/Palestra-prevencao-facebook.jpg 940w\" sizes=\"(max-width: 300px) 100vw, 300px\" \/><\/div>\n<div>\u00a0<\/div>\n<div>Nesta segunda-feira (31\/10) \u00e0s 14h teremos no audit\u00f3rio 201 do pr\u00e9dio Q4LAB1 uma palestra sobre preven\u00e7\u00e3o ao c\u00e2ncer de Mama em parceria Coordenadoria Regional de Sa\u00fade, fazendo partes das atividades do outubro rosa. A palestra ser\u00e1 ministrada pela gerente regional da secretaria da sa\u00fade Bruna Machado Corr\u00eaa de uma enfermeira t\u00e9cnica e duas alunas da enfermagem da Ulbra que instruir\u00e3o sobre a realiza\u00e7\u00e3o de autoexame preventivo.<\/div>\n<div>Convidamos a comunidade do Campus UFSM-CS a participar da palestra e se poss\u00edvel virem de rosa em solidariedade a causa e as a\u00e7\u00f5es de preven\u00e7\u00e3o do outubro rosa.<\/div>\n<div>\u00a0<\/div>\n","protected":false},"excerpt":{"rendered":"<p>\u00a0 Nesta segunda-feira (31\/10) \u00e0s 14h teremos no audit\u00f3rio 201 do pr\u00e9dio Q4LAB1 uma palestra sobre preven\u00e7\u00e3o ao c\u00e2ncer de Mama em parceria Coordenadoria Regional de Sa\u00fade, fazendo partes das atividades do outubro rosa. A palestra ser\u00e1 ministrada pela gerente regional da secretaria da sa\u00fade Bruna Machado Corr\u00eaa de uma enfermeira t\u00e9cnica e duas alunas [&hellip;]<\/p>\n","protected":false},"author":4522,"featured_media":0,"comment_status":"closed","ping_status":"closed","sticky":false,"template":"","format":"standard","meta":{"footnotes":""},"categories":[1],"tags":[],"class_list":["post-4033","post","type-post","status-publish","format-standard","hentry","category-noticias"],"acf":[],"_links":{"self":[{"href":"https:\/\/www.ufsm.br\/unidades-universitarias\/cachoeira-do-sul\/wp-json\/wp\/v2\/posts\/4033","targetHints":{"allow":["GET"]}}],"collection":[{"href":"https:\/\/www.ufsm.br\/unidades-universitarias\/cachoeira-do-sul\/wp-json\/wp\/v2\/posts"}],"about":[{"href":"https:\/\/www.ufsm.br\/unidades-universitarias\/cachoeira-do-sul\/wp-json\/wp\/v2\/types\/post"}],"author":[{"embeddable":true,"href":"https:\/\/www.ufsm.br\/unidades-universitarias\/cachoeira-do-sul\/wp-json\/wp\/v2\/users\/4522"}],"replies":[{"embeddable":true,"href":"https:\/\/www.ufsm.br\/unidades-universitarias\/cachoeira-do-sul\/wp-json\/wp\/v2\/comments?post=4033"}],"version-history":[{"count":0,"href":"https:\/\/www.ufsm.br\/unidades-universitarias\/cachoeira-do-sul\/wp-json\/wp\/v2\/posts\/4033\/revisions"}],"wp:attachment":[{"href":"https:\/\/www.ufsm.br\/unidades-universitarias\/cachoeira-do-sul\/wp-json\/wp\/v2\/media?parent=4033"}],"wp:term":[{"taxonomy":"category","embeddable":true,"href":"https:\/\/www.ufsm.br\/unidades-universitarias\/cachoeira-do-sul\/wp-json\/wp\/v2\/categories?post=4033"},{"taxonomy":"post_tag","embeddable":true,"href":"https:\/\/www.ufsm.br\/unidades-universitarias\/cachoeira-do-sul\/wp-json\/wp\/v2\/tags?post=4033"}],"curies":[{"name":"wp","href":"https:\/\/api.w.org\/{rel}","templated":true}]}}