{"id":4036,"date":"2022-10-26T14:38:37","date_gmt":"2022-10-26T17:38:37","guid":{"rendered":"https:\/\/www.ufsm.br\/unidades-universitarias\/cachoeira-do-sul\/?p=4036"},"modified":"2022-10-26T14:38:39","modified_gmt":"2022-10-26T17:38:39","slug":"secretaria-de-apoio-internacional-promove-primeiro-evento-voltado-a-internacionalizacao-da-ufsm","status":"publish","type":"post","link":"https:\/\/www.ufsm.br\/unidades-universitarias\/cachoeira-do-sul\/2022\/10\/26\/secretaria-de-apoio-internacional-promove-primeiro-evento-voltado-a-internacionalizacao-da-ufsm","title":{"rendered":"Secretaria de Apoio Internacional promove primeiro evento voltado \u00e0 internacionaliza\u00e7\u00e3o da UFSM"},"content":{"rendered":"\n<p>A Secretaria de Apoio Internacional realizar\u00e1 nos dias 17 e 18 de novembro o evento <b>\u201cA internacionaliza\u00e7\u00e3o da UFSM: passado, presente e futuro\u201d<\/b>, voltado para toda a comunidade da institui\u00e7\u00e3o, incluindo estudantes e professores de outros campi. No encontro, busca-se discutir sobre as a\u00e7\u00f5es de internacionaliza\u00e7\u00e3o realizadas pela institui\u00e7\u00e3o ao longo dos \u00faltimos anos, apresentando caminhos e oportunidades dispon\u00edveis para alunos e professores que desejam aprofundar sua colabora\u00e7\u00e3o internacional e realizar interc\u00e2mbios acad\u00eamicos, o est\u00edmulo ao estabelecimento de parcerias que potencializem os resultados das pesquisas cient\u00edficas e aumentem o prest\u00edgio da institui\u00e7\u00e3o e, por fim, a discuss\u00e3o sobre as melhores estrat\u00e9gias a serem adotadas para promover a internacionaliza\u00e7\u00e3o da UFSM em geral e dos diversos grupos de interesse que podem se beneficiar com esse processo.<\/p>\n<p>O evento, que pode ser acessado\u00a0<a href=\"https:\/\/www.ufsm.br\/orgaos-de-apoio\/sai\/eventos\/ufsm-global-a-internacionalizacao-da-ufsm-presente-passado-e-futuro\/\">neste link<\/a>, simboliza a estreia da marca UFSM Global: uma iniciativa desenvolvida pela SAI que busca transpor as barreiras da internacionaliza\u00e7\u00e3o dentro da universidade, que conta com o apoio da\u00a0<a href=\"https:\/\/www.gov.br\/capes\/pt-br\" target=\"_blank\" rel=\"noopener\">CAPES (Coordena\u00e7\u00e3o de Aperfei\u00e7oamento de Pessoal de N\u00edvel Superior)<\/a>. Ele ser\u00e1 composto por quatro mesas presenciais de discuss\u00e3o, cada uma focando em uma regi\u00e3o do mundo (\u00c1sia-Pac\u00edfico, Am\u00e9rica do Norte, Europa e Sul Global), com a participa\u00e7\u00e3o de pesquisadores estrangeiros que possuem forte colabora\u00e7\u00e3o com a UFSM e representantes de organiza\u00e7\u00f5es de fomento \u00e0 coopera\u00e7\u00e3o e \u00e0 mobilidade acad\u00eamica e cient\u00edfica internacional. Para conduzir os debates, participar\u00e3o pesquisadores de diversos centros da UFSM, que possuem colabora\u00e7\u00f5es internacionais de sucesso. Nas mesas, ser\u00e3o discutidos tanto temas gerais relacionados ao processo de internacionaliza\u00e7\u00e3o quanto \u00e0s particularidades desse processo no \u00e2mbito de cada regi\u00e3o do globo em cada n\u00edvel de ensino. As inscri\u00e7\u00f5es seguem gratuitas at\u00e9 o dia 09 de novembro, com o pagamento de R$ 25 ap\u00f3s esta data. Confira a programa\u00e7\u00e3o completa a seguir:<\/p>\n<p><img fetchpriority=\"high\" decoding=\"async\" class=\"aligncenter wp-image-4035 size-large\" src=\"https:\/\/www.ufsm.br\/app\/uploads\/sites\/376\/2022\/10\/digital-convite-ufsm-global-2-2-1024x551.jpg\" alt=\"\" width=\"1024\" height=\"551\" srcset=\"https:\/\/www.ufsm.br\/app\/uploads\/sites\/376\/2022\/10\/digital-convite-ufsm-global-2-2-1024x551.jpg 1024w, https:\/\/www.ufsm.br\/app\/uploads\/sites\/376\/2022\/10\/digital-convite-ufsm-global-2-2-300x162.jpg 300w, https:\/\/www.ufsm.br\/app\/uploads\/sites\/376\/2022\/10\/digital-convite-ufsm-global-2-2-768x414.jpg 768w, https:\/\/www.ufsm.br\/app\/uploads\/sites\/376\/2022\/10\/digital-convite-ufsm-global-2-2-1536x827.jpg 1536w, https:\/\/www.ufsm.br\/app\/uploads\/sites\/376\/2022\/10\/digital-convite-ufsm-global-2-2.jpg 1920w\" sizes=\"(max-width: 1024px) 100vw, 1024px\" \/><\/p>\n<p><b>\u00d3rg\u00e3os de refer\u00eancia em internacionaliza\u00e7\u00e3o estar\u00e3o presentes<\/b><\/p>\n<p>De forma a fortalecer a excel\u00eancia do evento, a equipe da SAI buscou convidar diversos nomes representantes da comunidade acad\u00eamica internacional que s\u00e3o refer\u00eancia na \u00e1rea de internacionaliza\u00e7\u00e3o. S\u00e3o elas:<\/p>\n<ul>\n<li><b>Divis\u00e3o de Coopera\u00e7\u00e3o Educacional do Minist\u00e9rio das Rela\u00e7\u00f5es Exteriores:<\/b>\u00a0representado por Francisco Figueiredo de Souza, este \u00f3rg\u00e3o do governo federal, ligado ao Minist\u00e9rio das Rela\u00e7\u00f5es Exteriores, \u00e9 respons\u00e1vel por oportunizar atos internacionais referentes \u00e0 coopera\u00e7\u00e3o educacional para brasileiros, de forma a fomentar a ida de estudantes nacionais para o exterior. Todas as atribui\u00e7\u00f5es do \u00f3rg\u00e3o podem ser acessadas na sua p\u00e1gina do Governo,\u00a0<a href=\"https:\/\/www.gov.br\/mre\/pt-br\/assuntos\/cultura-e-educacao\/temas-educacionais\/divisao-de-temas-educacionais\" target=\"_blank\" rel=\"noopener\">neste link<\/a>.<\/li>\n<li><b>Universidade Normal de Hebei (HNU):<\/b>\u00a0com a representa\u00e7\u00e3o da professora Qiao Jianzhen \u4e54\u5efa\u73cd, a institui\u00e7\u00e3o de ensino superior localizada na China \u00e9 respons\u00e1vel pela oferta de cursos de chin\u00eas para a comunidade da UFSM, resultado de uma parceria firmada atrav\u00e9s da professora Ana Qiao. A HNU \u00e9 uma universidade fundada no in\u00edcio do s\u00e9culo XX, que hoje conta com mais de 23 mil estudantes de gradua\u00e7\u00e3o e cerca de 5 mil estudantes de p\u00f3s-gradua\u00e7\u00e3o. A p\u00e1gina da institui\u00e7\u00e3o pode ser acessada\u00a0<a href=\"https:\/\/cice.hebtu.edu.cn\/a\/en\/\" target=\"_blank\" rel=\"noopener\">neste link<\/a>.<\/li>\n<li><b>McGill University:<\/b>\u00a0o professor Vilceu Bordignon ser\u00e1 o respons\u00e1vel por caracterizar a institui\u00e7\u00e3o, que fica localizada em Montreal (Canad\u00e1) e est\u00e1 dispon\u00edvel para realiza\u00e7\u00e3o de interc\u00e2mbio, atrav\u00e9s do\u00a0<a href=\"https:\/\/www.ufsm.br\/orgaos-de-apoio\/sai\/canada\/\">conv\u00eanio bilateral<\/a>\u00a0firmado com a UFSM. A universidade foi fundada em 1821 e \u00e9 uma refer\u00eancia mundial em internacionaliza\u00e7\u00e3o, acolhendo estudantes de mais de 150 pa\u00edses e dedicando 30% de seu corpo docente a estudantes internacionais. O site oficial da universidade pode ser acessado\u00a0<a href=\"https:\/\/www.mcgill.ca\/\" target=\"_blank\" rel=\"noopener\">neste link<\/a>.<\/li>\n<li><b>Programa Fulbright:<\/b>\u00a0representado pelo professor Luis Pedroso, o programa oferece bolsas de estudo para estudantes do mundo inteiro, coordenadas pelo governo dos Estados Unidos. O programa foi criado em 1946 e chegou ao Brasil em 1957, oportunizando, desde ent\u00e3o, mais de 4.900 bolsas que permitiram a ida de brasileiros para o exterior e a vinda de mais de 3.400 norte-americanos para o Brasil. O portal do programa no Brasil pode ser acessado\u00a0<a href=\"https:\/\/fulbright.org.br\/\" target=\"_blank\" rel=\"noopener\">neste link<\/a>.\u00a0<\/li>\n<li><b>EducationUSA:<\/b>\u00a0contando com a representa\u00e7\u00e3o da professora Sabrina Fadanelli, o programa \u00e9 uma rede de centros de orienta\u00e7\u00e3o do departamento de estado americano que presta servi\u00e7os de consultoria para estudantes interessados em participar de oportunidades de mobilidade nos EUA. Foi criado em 1988 e abrange mais de 170 pa\u00edses, oferecendo orienta\u00e7\u00f5es personalizadas, tradu\u00e7\u00e3o de documentos e eventos. O site oficial da rede pode ser acessado\u00a0<a href=\"https:\/\/educationusa.org.br\/\" target=\"_blank\" rel=\"noopener\">neste link<\/a>.<\/li>\n<li><b>\u00c9cole Normale Sup\u00e9rieure (ENS):<\/b>\u00a0a professora Irene Fenoglio ser\u00e1 respons\u00e1vel por representar a institui\u00e7\u00e3o de ensino localizada em Paris, refer\u00eancia mundial em ensino e pesquisa, que conta com bolsas para estudantes internacionais. Foi fundada em 1794, resultado da Revolu\u00e7\u00e3o Francesa, visando suprir as necessidades de trabalhadores qualificados com aptid\u00f5es t\u00e9cnicas-industriais. Foi no campus da ENS que grandes descobertas cient\u00edficas ocorreram, entre elas o processo de fermenta\u00e7\u00e3o (1857) e a descoberta dos v\u00edrus (1881). O site oficial da rede pode ser acessado\u00a0<a href=\"https:\/\/www.ens.psl.eu\/\" target=\"_blank\" rel=\"noopener\">neste link<\/a>.<\/li>\n<li><b>Programa Erasmus+:<\/b>\u00a0com a representa\u00e7\u00e3o da professora Maria Cristina Araujo Von Holstein-Rathlou, o programa \u00e9 uma iniciativa da Uni\u00e3o Europeia, que tem como objetivo fomentar a coopera\u00e7\u00e3o internacional e o desenvolvimento humano internacional dentro da Europa. O programa \u00e9 a unifica\u00e7\u00e3o de v\u00e1rios programas europeus, entre eles: Tempus, Erasmus Mundus, Edulink, Alfa e Juventude em A\u00e7\u00e3o. O site oficial da rede pode ser acessado\u00a0<a href=\"https:\/\/www.erasmusmais.eu\/\" target=\"_blank\" rel=\"noopener\">neste link<\/a>.<\/li>\n<li><b>Servi\u00e7o Alem\u00e3o de Interc\u00e2mbio Acad\u00eamico (DAAD):<\/b>\u00a0representado pela professora Mariana Golubi, o DAAD \u00e9 uma iniciativa alem\u00e3 que visa promover a mobilidade de cientistas e a coopera\u00e7\u00e3o acad\u00eamica entre Brasil e Alemanha, atrav\u00e9s da concess\u00e3o de bolsas e estudos da l\u00edngua. O servi\u00e7o chegou ao Brasil em 1972 e conta com dois escrit\u00f3rios, um localizado no Rio de Janeiro e outro em S\u00e3o Paulo. O site oficial do servi\u00e7o no Brasil pode ser acessado\u00a0<a href=\"https:\/\/www.daad.org.br\/pt\/\" target=\"_blank\" rel=\"noopener\">neste link<\/a>.<\/li>\n<li><b>Universidade de Ibadan:<\/b>\u00a0com a participa\u00e7\u00e3o de Isaac Adedara, a universidade est\u00e1 localizada na capital da Nig\u00e9ria e \u00e9 a institui\u00e7\u00e3o de ensino superior mais antiga do pa\u00eds. Estabelecida em 1948, ela possui 16 cursos de gradua\u00e7\u00e3o e \u00e9 refer\u00eancia em p\u00f3s-gradua\u00e7\u00e3o em toda a \u00c1frica, formando anualmente mais de tr\u00eas mil mestres e doutores. Saiba mais sobre a UI\u00a0<a href=\"https:\/\/ui.edu.ng\/\" target=\"_blank\" rel=\"noopener\">neste link<\/a>.<\/li>\n<li><b>Universidade Federal de Vi\u00e7osa (UFV):<\/b>\u00a0contando com a representa\u00e7\u00e3o do professor Vladimir Oliveira Di Iorio, a UFV \u00e9 uma universidade federal localizada em Vi\u00e7osa (MG), que \u00e9 refer\u00eancia mundial no setor de agricultura. A universidade foi fundada em 1926, conta com mais de 10 mil estudantes, e \u00e9 conveniada com mais de vinte universidades do mundo. O site oficial da institui\u00e7\u00e3o pode ser acessado\u00a0<a href=\"https:\/\/www.ufv.br\/\" target=\"_blank\" rel=\"noopener\">neste link<\/a>.<\/li>\n<li><b>Associa\u00e7\u00e3o de Universidades do Grupo de Montevid\u00e9u (AUGM):<\/b>\u00a0a professora Laura Adinolfi estar\u00e1 presente em nome da AUGM, uma associa\u00e7\u00e3o de universidades da Am\u00e9rica Latina, respons\u00e1vel por oportunizar a coopera\u00e7\u00e3o entre seus membros e garantir a realiza\u00e7\u00e3o de mobilidades de estudantes, pesquisadores, docentes e t\u00e9cnicos-administrativos. A UFSM foi uma das universidades fundadoras da AUGM em 1991, e realiza a sele\u00e7\u00e3o para interc\u00e2mbios todo in\u00edcio de semestre, para diversas institui\u00e7\u00f5es membro da associa\u00e7\u00e3o. Para saber mais, acesse o site da AUGM,\u00a0<a href=\"http:\/\/grupomontevideo.org\/sitio\/\" target=\"_blank\" rel=\"noopener\">neste link<\/a>.<\/li>\n<\/ul>\n<p>Mat\u00e9ria completa em:<\/p>\n<p><a href=\"https:\/\/www.ufsm.br\/orgaos-de-apoio\/sai\/2022\/10\/17\/ufsm-global-conheca-o-primeiro-evento-da-iniciativa-voltada-para-a-internacionalizacao-da-ufsm-2\/\">UFSM Global: conhe\u00e7a o primeiro evento da iniciativa voltada para a internacionaliza\u00e7\u00e3o da UFSM \u2013 SAI<\/a><\/p>\n","protected":false},"excerpt":{"rendered":"<p>A Secretaria de Apoio Internacional realizar\u00e1 nos dias 17 e 18 de novembro o evento \u201cA internacionaliza\u00e7\u00e3o da UFSM: passado, presente e futuro\u201d, voltado para toda a comunidade da institui\u00e7\u00e3o, incluindo estudantes e professores de outros campi. No encontro, busca-se discutir sobre as a\u00e7\u00f5es de internacionaliza\u00e7\u00e3o realizadas pela institui\u00e7\u00e3o ao longo dos \u00faltimos anos, apresentando [&hellip;]<\/p>\n","protected":false},"author":4522,"featured_media":0,"comment_status":"closed","ping_status":"closed","sticky":false,"template":"","format":"standard","meta":{"footnotes":""},"categories":[1],"tags":[],"class_list":["post-4036","post","type-post","status-publish","format-standard","hentry","category-noticias"],"acf":[],"_links":{"self":[{"href":"https:\/\/www.ufsm.br\/unidades-universitarias\/cachoeira-do-sul\/wp-json\/wp\/v2\/posts\/4036","targetHints":{"allow":["GET"]}}],"collection":[{"href":"https:\/\/www.ufsm.br\/unidades-universitarias\/cachoeira-do-sul\/wp-json\/wp\/v2\/posts"}],"about":[{"href":"https:\/\/www.ufsm.br\/unidades-universitarias\/cachoeira-do-sul\/wp-json\/wp\/v2\/types\/post"}],"author":[{"embeddable":true,"href":"https:\/\/www.ufsm.br\/unidades-universitarias\/cachoeira-do-sul\/wp-json\/wp\/v2\/users\/4522"}],"replies":[{"embeddable":true,"href":"https:\/\/www.ufsm.br\/unidades-universitarias\/cachoeira-do-sul\/wp-json\/wp\/v2\/comments?post=4036"}],"version-history":[{"count":0,"href":"https:\/\/www.ufsm.br\/unidades-universitarias\/cachoeira-do-sul\/wp-json\/wp\/v2\/posts\/4036\/revisions"}],"wp:attachment":[{"href":"https:\/\/www.ufsm.br\/unidades-universitarias\/cachoeira-do-sul\/wp-json\/wp\/v2\/media?parent=4036"}],"wp:term":[{"taxonomy":"category","embeddable":true,"href":"https:\/\/www.ufsm.br\/unidades-universitarias\/cachoeira-do-sul\/wp-json\/wp\/v2\/categories?post=4036"},{"taxonomy":"post_tag","embeddable":true,"href":"https:\/\/www.ufsm.br\/unidades-universitarias\/cachoeira-do-sul\/wp-json\/wp\/v2\/tags?post=4036"}],"curies":[{"name":"wp","href":"https:\/\/api.w.org\/{rel}","templated":true}]}}